{"id":339779,"date":"2026-09-01T07:12:11","date_gmt":"2026-09-01T07:12:11","guid":{"rendered":"https:\/\/www.europesays.com\/no\/339779\/"},"modified":"2026-09-01T07:12:11","modified_gmt":"2026-09-01T07:12:11","slug":"derfor-ma-kong-haakon-avlegge-ed-i-stortinget-nrk-norge-oversikt-over-nyheter-fra-ulike-deler-av-landet","status":"publish","type":"post","link":"https:\/\/www.europesays.com\/no\/339779\/","title":{"rendered":"Derfor m\u00e5 kong Haakon avlegge ed i Stortinget \u2013 NRK Norge \u2013 Oversikt over nyheter fra ulike deler av landet"},"content":{"rendered":"<p>    <img class=\"dhtb__img--YLLyL\" alt=\"M\u00f8rkebl\u00e5tt banner med bilde av kong Haakon VIII\" loading=\"lazy\" fetchpriority=\"auto\" style=\"--_horizontal-object-position: clamp(100%, 0.50 * 100% - 0.50 * 100vw + 50vw, 0px) clamp(100%, 0.50 * 100% - 0.50 * 100vh + 50vh, 0px); --_vertical-object-position: clamp(100%, 0.50 * 100% - 0.50 * 100vw + 50vw, 0px) clamp(100%, 0.50 * 100% - 0.50 * 100vh + 50vh, 0px);\" \/><\/p>\n<p>Helt siden 1814 har Grunnloven fastsatt at n\u00e5r en monark d\u00f8r, skal den nye monarken avlegge ed muntlig for Stortinget.<\/p>\n<p>Det som skjer i Stortinget klokken 13 tirsdag, er dermed noe den nye kongen er pliktig \u00e5 gj\u00f8re.<\/p>\n<p>For selv om kong Haakon VIII automatisk ble Norges nye konge i det \u00f8yeblikket kong Harald d\u00f8de, m\u00e5 han avlegge ed for Stortinget f\u00f8r han kan ut\u00f8ve sin gjerning som statsoverhode.<\/p>\n<p>Den nye kongen avlegger et l\u00f8fte der han forplikter seg til \u00e5 v\u00e6re lojal mot Stortinget og det Stortinget bestemmer.<\/p>\n<ul>\n<li>Du kan f\u00f8lge edsavleggelsen direkte p\u00e5 NRK.no og NRK TV.<\/li>\n<\/ul>\n<p>Dette skal han love<\/p>\n<p>Eden som kong Haakon skal avlegge tirsdag, lyder slik:<\/p>\n<p>\u00abJeg lover og sverger \u00e5 ville regjere kongeriket Norge i overensstemmelse med dets konstitusjon og lover, s\u00e5 sant hjelpe meg Gud den allmektige og allvitende.\u00bb<\/p>\n<p><img decoding=\"async\"   src=\"data:image\/gif;base64,R0lGODlhAQABAIAAAAAAAP\/\/\/yH5BAEAAAAALAAAAAABAAEAAAIBRAA7\" loading=\"eager\" alt=\"Fem politikere sitter i stortingssalen\" title=\"Foto: Tom Balgaard \/ NRK\"\/><\/p>\n<p class=\"\">N\u00e5r den nye kongen skal avlegge ed vil det antakelig v\u00e6re langt flere i salen enn her, under en av de siste sesjonene f\u00f8r Stortinget tok sommerferie.<\/p>\n<p>Foto: Tom Balgaard \/ NRK<\/p>\n<p>Edsavleggelsen understreker at Norge er et konstitusjonelt monarki der monarkens makt og myndighet er begrenset og regulert av bestemmelsene i Grunnloven, beskriver Stortinget selv p\u00e5 sine nettsider.<\/p>\n<p>Familien blir med<\/p>\n<p>Kongehuset har opplyst at kong Haakon f\u00e5r med seg familien p\u00e5 den viktige edsavleggelsen.<\/p>\n<p><img decoding=\"async\"   src=\"data:image\/gif;base64,R0lGODlhAQABAIAAAAAAAP\/\/\/yH5BAEAAAAALAAAAAABAAEAAAIBRAA7\" loading=\"eager\" alt=\"Kong Haakon og dronning Mette-Marit med i svarte kl\u00e6r med alvorlige ansiktsuttrykk.\" title=\"Foto: Torstein Georg B\u00f8e \/ NRK\"\/><\/p>\n<p class=\"\">Dronning Mette-Marit blir med n\u00e5r kong Haakon skal avlegge ed i Stortinget.<\/p>\n<p>Foto: Torstein Georg B\u00f8e \/ NRK<\/p>\n<p>Dronning Mette-Marit ledsager kong Haakon i Stortinget, if\u00f8lge kongehuset, slik ogs\u00e5 dronning Sonja var med da kong Harald avla sin ed for Stortinget da han ble konge i 1991.<\/p>\n<p>Ogs\u00e5 kronprinsesse Ingrid Alexandra blir med. N\u00e5 som hun er kronprinsesse, skal hun ogs\u00e5 avlegge ed til Grunnloven. Det skjer skriftlig p\u00e5 Slottet senere tirsdag.<\/p>\n<p><img decoding=\"async\"   src=\"data:image\/gif;base64,R0lGODlhAQABAIAAAAAAAP\/\/\/yH5BAEAAAAALAAAAAABAAEAAAIBRAA7\" loading=\"eager\" alt=\"Kronprinsesse Ingrid Alexandra i dress g\u00e5r forbi et langt bord. Langs bordet st\u00e5r regjeringsmedlemmer i dress.\" title=\"Foto: Lise \u00c5serud \/ NTB\"\/><\/p>\n<p class=\"\">Kronprinsesse Ingrid Alexandra var med faren i ekstraordin\u00e6rt statsr\u00e5d fredag, rett etter at kong Harald d\u00f8de. Hun skal ogs\u00e5 v\u00e6re med under edsavleggelsen.<\/p>\n<p>Foto: Lise \u00c5serud \/ NTB<\/p>\n<p>Avla ed da han ble myndig<\/p>\n<p>Kronprins Haakon, som han var da, var bare 17 \u00e5r da hans far avla eden i 1991 og var ikke med da. Han underskrev den skriftlige eden da han fylte 18 \u00e5r og ble myndig i juli samme \u00e5r.<\/p>\n<p>N\u00e5r kong Haakon skal avlegge den viktige eden i Stortinget, skal ogs\u00e5 hans mor dronning Sonja v\u00e6re til stede.<\/p>\n<p>Prins Sverre Magnus kommer til \u00e5 v\u00e6re i Stortinget sammen med sin bestemor.<\/p>\n<p>De skal biv\u00e5ne edsavleggelsen fra stortingssalen, opplyser kongehuset.<\/p>\n<p>Kong Haralds edsavleggelse: \u00abStiller oss til disposisjon\u00bb<\/p>\n<p>Da kong Harald avla sin ed for Stortinget fire dager etter at han ble Norges konge i januar 1991, opplyste han ogs\u00e5 Stortinget om sitt valgspr\u00e5k og pekte frem mot gjerningen.<\/p>\n<p><img decoding=\"async\"   src=\"data:image\/gif;base64,R0lGODlhAQABAIAAAAAAAP\/\/\/yH5BAEAAAAALAAAAAABAAEAAAIBRAA7\" loading=\"eager\" alt=\"Kong Harald og dronning Sonja stor ved siden av hverandre i stortingssalen under edsavleggelsen i 1991\" title=\"Foto: Inge Gjellesvik \/ NTB\"\/><\/p>\n<p class=\"\">Dronning Sonja var med da kong Harald avla sin ed for Stortinget i januar 1991.<\/p>\n<p>Foto: Inge Gjellesvik \/ NTB<\/p>\n<p>Etter \u00e5 ha avlagt eden, sa kong Harald:<\/p>\n<p>\u00abHerr stortingspresident, ved dette f\u00f8rste m\u00f8tet med folkets valgte representanter og meg som Norges konge, vil jeg uttrykke h\u00e5pet om at det gode forholdet som har v\u00e6rt mellom Stortinget og min far, og f\u00f8r det min farfar, kan opprettholdes og siden utvikles i tr\u00e5d med de oppgaver landet i fremtiden vil st\u00e5 overfor. Dronningen og jeg vil bekrefte at vi stiller oss til disposisjon for \u00e5 utf\u00f8re v\u00e5r gjerning for land og folk. I denne tradisjon har ogs\u00e5 jeg som Norges konge tatt valgspr\u00e5ket \u00abAlt for Norge\u00bb.\u00bb<\/p>\n<p>Publisert<\/p>\n<p>01.09.2026, kl. 08.41<\/p>\n","protected":false},"excerpt":{"rendered":"Helt siden 1814 har Grunnloven fastsatt at n\u00e5r en monark d\u00f8r, skal den nye monarken avlegge ed muntlig&hellip;\n","protected":false},"author":2,"featured_media":339780,"comment_status":"","ping_status":"","sticky":false,"template":"","format":"standard","meta":{"footnotes":"","_share_on_mastodon":"0"},"categories":[10],"tags":[20,21,24,25,15,22,23,13,30,28,29,14,16,26,27],"class_list":["post-339779","post","type-post","status-publish","format-standard","has-post-thumbnail","category-norge","tag-breaking-news","tag-breakingnews","tag-featured-news","tag-featurednews","tag-headlines","tag-latest-news","tag-latestnews","tag-news","tag-no","tag-norge","tag-norway","tag-nyheter","tag-overskrifter","tag-top-stories","tag-topstories"],"share_on_mastodon":{"url":"https:\/\/pubeurope.com\/@no\/117194545313425655","error":""},"_links":{"self":[{"href":"https:\/\/www.europesays.com\/no\/wp-json\/wp\/v2\/posts\/339779","targetHints":{"allow":["GET"]}}],"collection":[{"href":"https:\/\/www.europesays.com\/no\/wp-json\/wp\/v2\/posts"}],"about":[{"href":"https:\/\/www.europesays.com\/no\/wp-json\/wp\/v2\/types\/post"}],"author":[{"embeddable":true,"href":"https:\/\/www.europesays.com\/no\/wp-json\/wp\/v2\/users\/2"}],"replies":[{"embeddable":true,"href":"https:\/\/www.europesays.com\/no\/wp-json\/wp\/v2\/comments?post=339779"}],"version-history":[{"count":0,"href":"https:\/\/www.europesays.com\/no\/wp-json\/wp\/v2\/posts\/339779\/revisions"}],"wp:featuredmedia":[{"embeddable":true,"href":"https:\/\/www.europesays.com\/no\/wp-json\/wp\/v2\/media\/339780"}],"wp:attachment":[{"href":"https:\/\/www.europesays.com\/no\/wp-json\/wp\/v2\/media?parent=339779"}],"wp:term":[{"taxonomy":"category","embeddable":true,"href":"https:\/\/www.europesays.com\/no\/wp-json\/wp\/v2\/categories?post=339779"},{"taxonomy":"post_tag","embeddable":true,"href":"https:\/\/www.europesays.com\/no\/wp-json\/wp\/v2\/tags?post=339779"}],"curies":[{"name":"wp","href":"https:\/\/api.w.org\/{rel}","templated":true}]}}