{"id":339813,"date":"2026-09-01T07:49:21","date_gmt":"2026-09-01T07:49:21","guid":{"rendered":"https:\/\/www.europesays.com\/no\/339813\/"},"modified":"2026-09-01T07:49:21","modified_gmt":"2026-09-01T07:49:21","slug":"ingrid-alexandra-22-er-norges-forste-kvinnelige-kronprinsesse","status":"publish","type":"post","link":"https:\/\/www.europesays.com\/no\/339813\/","title":{"rendered":"Ingrid Alexandra (22) er Norges f\u00f8rste kvinnelige kronprinsesse:"},"content":{"rendered":"\n<ul class=\"_list_145nj_3 _list_64s2r_85 _unordered_145nj_106 text-sans-m\">\n<li class=\"_item_145nj_30\">Kronprinsesse Ingrid Alexandra imponerer kongehuseksperter med sin ro og verdighet.<\/li>\n<li class=\"_item_145nj_30\">Hun har erfaring som soldat, NM-gull i surfing og studerer samfunnsfag.<\/li>\n<li class=\"_item_145nj_30\">Hennes karisma og humor trekkes frem som gode egenskaper som kongelig.<\/li>\n<li class=\"_item_145nj_30\">Planen har v\u00e6rt den samme hele livet: En dag skal hun bli Norges dronning.<\/li>\n<\/ul>\n<p>Vis mer <\/p>\n<p class=\"_paragraph_145nj_4 _paragraph_6fko5_10 layout-component text-serif-m layout-normal text-serif-m layout-padded\">\u2013 Hun har imponert meg stort de siste dagene, sier Nettavisens kongehusekspert Tove Taalesen.<\/p>\n<p class=\"_paragraph_145nj_4 _paragraph_6fko5_10 layout-component text-serif-m layout-normal text-serif-m layout-padded\">I helgen skrev <a href=\"https:\/\/www.vg.no\/rampelys\/i\/lnbdR7\/ingrid-alexandra-22-er-norges-foerste-kvinnelige-kronprinsesse-en-helt-annen-rolle\" data-track-element-type=\"Link\" data-track-id=\"link:lnbdR7\" class=\"_link_145nj_39\" rel=\"nofollow noopener\" target=\"_blank\">VG om hvordan tronarvingens liv n\u00e5 endres.<\/a><\/p>\n<p><img alt=\"Kronprinsessen avbildet etter minnegudstjenesten i Asker kirke.  Foto: Fredrik Solstad \/ VG\" class=\"_image_jw3bv_65 layout-component layout-normal\" data-fullscreen- data-track-element-type=\"Article image fullscreen\" data-track-name=\"ImageFullscreen\" decoding=\"async\" loading=\"lazy\" height=\"4000\" itemprop=\"image\"  src=\"https:\/\/www.europesays.com\/no\/wp-content\/uploads\/2026\/09\/551fb5b2-5edf-3971-82d0-ecdff0b7b532.jpeg\"  style=\"object-position:0% 0%\" width=\"6000\"\/>Kronprinsessen avbildet etter minnegudstjenesten i Asker kirke.  Foto: Fredrik Solstad \/ VG<\/p>\n<p class=\"_paragraph_145nj_4 _paragraph_6fko5_10 layout-component text-serif-m layout-normal text-serif-m layout-padded\">Men hvem er egentlig v\u00e5r nye kronprinsesse?<\/p>\n<p class=\"_paragraph_145nj_4 _paragraph_6fko5_10 layout-component text-serif-m layout-normal text-serif-m layout-padded\"><strong class=\"_strong_145nj_25\">\u2013 En kvinne som er utrolig god p\u00e5 \u00e5 skape kontakt med mennesker, if\u00f8lge historiker Trond Nor\u00e9n Isaksen.<\/strong><\/p>\n<p><img decoding=\"async\" alt=\"Bilde av Trond Nor\u00e9n Isaksen\" class=\"_image_148z4_25\" height=\"40\" itemprop=\"image\" loading=\"lazy\"  src=\"https:\/\/www.europesays.com\/no\/wp-content\/uploads\/2026\/09\/bde27bff-c8e8-30af-bc5b-8f6ab3f59c60.jpeg\"  width=\"40\"\/><strong class=\"_name_148z4_34 title-serif-xs\">Trond Nor\u00e9n Isaksen<\/strong><\/p>\n<p class=\"_paragraph_145nj_4 text-sans-m _description_148z4_39\">Historiker og forfatter<\/p>\n<p> \u2013 Jeg har god tid<\/p>\n<p class=\"_paragraph_145nj_4 _paragraph_6fko5_10 layout-component text-serif-m layout-normal text-serif-m layout-padded\">VG gjorde <a href=\"https:\/\/www.vg.no\/nyheter\/i\/7dJlRo\/prinsesse-ingrid-alexandra-i-sitt-foerste-intervju-jeg-har-selvfoelgelig-en-plan\" data-track-element-type=\"Link\" data-track-id=\"link:7dJlRo\" class=\"_link_145nj_39\" rel=\"nofollow noopener\" target=\"_blank\">det f\u00f8rste store intervjuet<\/a> med Ingrid Alexandra i 2022, da hun fylte 18 \u00e5r.<\/p>\n<p class=\"_paragraph_145nj_4 _paragraph_6fko5_10 layout-component text-serif-m layout-normal text-serif-m layout-padded\">\u2013 Den dagen du blir kronprinsesse, f\u00e5r du helt nye plikter og oppgaver. Blant annet blir du kongens stedfortreder og kan lede statsr\u00e5d. Har du sett den situasjonen for deg? spurte journalisten den nymyndige prinsessen.<\/p>\n<p class=\"_paragraph_145nj_4 _paragraph_6fko5_10 layout-component text-serif-m layout-normal text-serif-m layout-padded\"><strong class=\"_strong_145nj_25\">\u2013 Jeg har ikke tenkt s\u00e5 mye p\u00e5 det. H\u00e5per det ikke skjer f\u00f8r jeg er ferdig med studiel\u00f8pet, l\u00f8d svaret.<\/strong><\/p>\n<p><img alt=\"Ingrid Alexandra poserer med hunden Molly, i forbindelse med intervjuet VG gjorde i forkant 18-\u00e5rs dagen.  Foto: Janne M\u00f8ller-Hansen \/ VG\" class=\"_image_jw3bv_65 layout-component layout-normal\" data-fullscreen- data-track-element-type=\"Article image fullscreen\" data-track-name=\"ImageFullscreen\" decoding=\"async\" loading=\"lazy\" height=\"4121\" itemprop=\"image\"  src=\"https:\/\/www.europesays.com\/no\/wp-content\/uploads\/2026\/09\/3ab4ce61-5d51-3fc3-8dda-e166ec8cd32a.jpeg\"  style=\"object-position:0% 0%\" width=\"3525\"\/>Ingrid Alexandra poserer med hunden Molly, i forbindelse med intervjuet VG gjorde i forkant 18-\u00e5rs dagen.  Foto: Janne M\u00f8ller-Hansen \/ VG<\/p>\n<p class=\"_paragraph_145nj_4 _paragraph_6fko5_10 layout-component text-serif-m layout-normal text-serif-m layout-padded\">18-\u00e5ringen sa at det var mye hun s\u00e5 sine foreldre gj\u00f8re som kronprinspar, som hun gruet seg til selv \u00e5 m\u00e5tte gj\u00f8re en dag. Blant annet intervjuer med media.<\/p>\n<p class=\"_paragraph_145nj_4 _paragraph_6fko5_10 layout-component text-serif-m layout-normal text-serif-m layout-padded\">P\u00e5 sp\u00f8rsm\u00e5l om hva hun trodde at hennes viktigste oppgave og funksjon som dronning ville bli, svarte hun:<\/p>\n<p class=\"_paragraph_145nj_4 _paragraph_6fko5_10 layout-component text-serif-m layout-normal text-serif-m layout-padded\">\u2013 Det har jeg jo veldig god tid til \u00e5 finne ut av. Jeg er ung, skal gj\u00f8re mye f\u00f8r jeg finner min plass i kongehuset.<\/p>\n<p><img alt=\"Dav\u00e6rende prinsesse Ingrid Alexandra fotografert i \u00c5lesund i forkant av bryllupet til prinsesse M\u00e4rtha Louise og Durek Verret.  Foto: Mattis Sandblad \/ VG\" class=\"_image_jw3bv_65 layout-component layout-normal\" data-fullscreen- data-track-element-type=\"Article image fullscreen\" data-track-name=\"ImageFullscreen\" decoding=\"async\" loading=\"lazy\" height=\"2784\" itemprop=\"image\"  src=\"https:\/\/www.europesays.com\/no\/wp-content\/uploads\/2026\/09\/d525610c-fb44-3602-94f4-377a0f7f7565.jpeg\"  style=\"object-position:0% 0%\" width=\"4176\"\/>Dav\u00e6rende prinsesse Ingrid Alexandra fotografert i \u00c5lesund i forkant av bryllupet til prinsesse M\u00e4rtha Louise og Durek Verret.  Foto: Mattis Sandblad \/ VG<\/p>\n<ul class=\"_list_145nj_3 _list_6fko5_9 _unordered_145nj_106 layout-component text-serif-m layout-normal text-serif-m layout-padded\">\n<li class=\"_item_145nj_30\">Les ogs\u00e5: <a href=\"https:\/\/www.vg.no\/rampelys\/i\/lnbdR7\/ingrid-alexandra-22-er-norges-foerste-kvinnelige-kronprinsesse-en-helt-annen-rolle\" data-track-element-type=\"Link\" data-track-id=\"link:lnbdR7\" class=\"_link_145nj_39\" rel=\"nofollow noopener\" target=\"_blank\">Slik endres Ingrid Alexandras (22) liv: \u2013 En helt annen rolle<\/a><\/li>\n<\/ul>\n<p> Karismatisk<\/p>\n<p class=\"_paragraph_145nj_4 _paragraph_6fko5_10 layout-component text-serif-m layout-normal text-serif-m layout-padded\">If\u00f8lge kongehusekspertene har kronprinsessen allerede vist at hun har mange egenskaper som vil komme godt med som kongelig.<\/p>\n<p class=\"_paragraph_145nj_4 _paragraph_6fko5_10 layout-component text-serif-m layout-normal text-serif-m layout-padded\">\u2013 N\u00e5 viser hun en unik ro og verdighet med tanke p\u00e5 den vanskelige situasjonen familien st\u00e5r i, og de store oppgavene hun skal inn i. Hun virker usedvanlig trygg for sin unge alder, sier Taalesen.<\/p>\n<p><img decoding=\"async\" alt=\"Bilde av Tove Taalesen\" class=\"_image_148z4_25\" height=\"40\" itemprop=\"image\" loading=\"lazy\"  src=\"https:\/\/www.europesays.com\/no\/wp-content\/uploads\/2026\/09\/099a406a-d451-3f63-8735-d5c9ec75a650.jpeg\"  width=\"40\"\/><strong class=\"_name_148z4_34 title-serif-xs\">Tove Taalesen<\/strong><\/p>\n<p class=\"_paragraph_145nj_4 text-sans-m _description_148z4_39\">Nettavisens Kongehusekspert<\/p>\n<p class=\"_paragraph_145nj_4 _paragraph_6fko5_10 layout-component text-serif-m layout-normal text-serif-m layout-padded\">Men kanskje enda viktigere:<\/p>\n<p class=\"_paragraph_145nj_4 _paragraph_6fko5_10 layout-component text-serif-m layout-normal text-serif-m layout-padded\"><strong class=\"_strong_145nj_25\">\u2013 Hun ser som regel glad ut. Hun er en med glimt i \u00f8yet, som smiler og ler. En slik sjarm kan brukes til \u00e5 komme lettere i kontakt med mennesker, og det var en suksess for kong Harald \u00e5 bruke i sin kongegjerning, sier Taalesen.<\/strong><\/p>\n<p><img alt=\"Norge har nettopp scoret mot Brasil i VM. Kronprinsesse Ingrid Alexandra omfavner sin bror, prins Sverre Magnus.  Foto: Thomas Nilsson \/ VG\" class=\"_image_jw3bv_65 layout-component layout-normal\" data-fullscreen- data-track-element-type=\"Article image fullscreen\" data-track-name=\"ImageFullscreen\" decoding=\"async\" loading=\"lazy\" height=\"3972\" itemprop=\"image\"  src=\"https:\/\/www.europesays.com\/no\/wp-content\/uploads\/2026\/09\/afe89aa2-7c8b-38ec-a630-d533df277b51.jpeg\"  style=\"object-position:0% 0%\" width=\"5954\"\/>Norge har nettopp scoret mot Brasil i VM. Kronprinsesse Ingrid Alexandra omfavner sin bror, prins Sverre Magnus.  Foto: Thomas Nilsson \/ VG<\/p>\n<p class=\"_paragraph_145nj_4 _paragraph_6fko5_10 layout-component text-serif-m layout-normal text-serif-m layout-padded\">Ogs\u00e5 Isaksen mener at kronprinsessen tilsynelatende forst\u00e5r rollen sin veldig godt.<\/p>\n<p class=\"_paragraph_145nj_4 _paragraph_6fko5_10 layout-component text-serif-m layout-normal text-serif-m layout-padded\">\u2013 Ut ifra folk som kjenner henne har jeg oppfattet at hun forst\u00e5r at noe i hennes liv er st\u00f8rre enn henne selv, som er veldig viktig i den posisjonen hun har. Hun er oppdratt til \u00e5 v\u00e6re en god kronprinsesse og dronning, og jeg har ikke sett noen tegn p\u00e5 at hun er uskikket til det.<\/p>\n<p class=\"_paragraph_145nj_4 _paragraph_6fko5_10 layout-component text-serif-m layout-normal text-serif-m layout-padded\"><strong class=\"_strong_145nj_25\">Isaksen mener kronprinsessen har arvet bestefarensbestefarensKong Harald V humor, farensfarensKong Haakon VIII grundige seri\u00f8sitet, viljestyrke og argumentasjonsevne, og morensmorensDronning Mette Marit varme.<\/strong><\/p>\n<p class=\"_paragraph_145nj_4 _paragraph_6fko5_10 layout-component text-serif-m layout-normal text-serif-m layout-padded\">\u2013 Hun har veldig mye karisma. Den har hun arvet fra sin oldemoroldemorKronprinsesse M\u00e4rtha, mener Isaksen.<\/p>\n<p><img alt=\"Ingrid Alexandra under et bes\u00f8k p\u00e5 Hud\u00f8y i juni. Her m\u00f8tte hun barn p\u00e5 sommerkoloni.  Foto: Mattis Sandblad \/ VG\" class=\"_image_jw3bv_65 layout-component layout-normal\" data-fullscreen- data-track-element-type=\"Article image fullscreen\" data-track-name=\"ImageFullscreen\" decoding=\"async\" loading=\"lazy\" height=\"2656\" itemprop=\"image\"  src=\"https:\/\/www.europesays.com\/no\/wp-content\/uploads\/2026\/09\/30183c7d-91a5-312d-b409-6fa34dcb8b94.jpeg\"  style=\"object-position:0% 0%\" width=\"3984\"\/>Ingrid Alexandra under et bes\u00f8k p\u00e5 Hud\u00f8y i juni. Her m\u00f8tte hun barn p\u00e5 sommerkoloni.  Foto: Mattis Sandblad \/ VG Bestefarens humor<\/p>\n<p class=\"_paragraph_145nj_4 _paragraph_6fko5_10 layout-component text-serif-m layout-normal text-serif-m layout-padded\">Kronprinsesse Ingrid Alexandra har visst det siden hun var barn. En gang skal hun bli Norges dronning \u2013 landets f\u00f8rste kvinnelige statsoverhode p\u00e5 mer enn 600 \u00e5r.<\/p>\n<p class=\"_paragraph_145nj_4 _paragraph_6fko5_10 layout-component text-serif-m layout-normal text-serif-m layout-padded\">Da hun konfirmerte seg i 2019, sa bestefaren at han bare ble tryggere og tryggere p\u00e5 at det kommer til \u00e5 g\u00e5 bra. Han kalte sitt barnebarn for \u00abpliktoppfyllende, bevisst og flink\u00bb.<\/p>\n<p><img alt=\"Kong Harald og dav\u00e6rende prinsesse Ingrid Alexandra ankommer Slottet til lunsj i forbindelse med prinsessens konfirmasjon i 2019  Foto: Lise \u00c5serud \/ NTB\" class=\"_image_jw3bv_65 layout-component layout-normal\" data-fullscreen- data-track-element-type=\"Article image fullscreen\" data-track-name=\"ImageFullscreen\" decoding=\"async\" loading=\"lazy\" height=\"1832\" itemprop=\"image\"  src=\"https:\/\/www.europesays.com\/no\/wp-content\/uploads\/2026\/09\/bfca93ef-3877-3292-89de-3bab2b8b93db.jpeg\"  style=\"object-position:0% 0%\" width=\"3256\"\/>Kong Harald og dav\u00e6rende prinsesse Ingrid Alexandra ankommer Slottet til lunsj i forbindelse med prinsessens konfirmasjon i 2019  Foto: Lise \u00c5serud \/ NTB<\/p>\n<p class=\"_paragraph_145nj_4 _paragraph_6fko5_10 layout-component text-serif-m layout-normal text-serif-m layout-padded\">\u2013 Du er varm og klok. Du har humor! Den vil du garantert trenge. Der h\u00e5per jeg du har f\u00e5tt litt fra meg, sa folkets konge <a href=\"https:\/\/www.kongehuset.no\/taler-og-budskap\/kong-harald-v\/prinsesse-ingrid-alexandras-konfirmasjon-kongens-tale\" class=\"_link_145nj_39\" rel=\"nofollow noopener\" target=\"_blank\">i sin tale.<\/a><\/p>\n<p class=\"_paragraph_145nj_4 _paragraph_6fko5_10 layout-component text-serif-m layout-normal text-serif-m layout-padded\">\u2013 Og s\u00e5 tror jeg du har tatt med deg en god porsjon av din bestemors vitebegj\u00e6r. Du er sosial og f\u00e5r lett venner. Alt dette er gull verdt p\u00e5 livsveien din, sa han videre.<\/p>\n<p>    \u2013 Fremst\u00e5r reflektert<\/p>\n<p class=\"_paragraph_145nj_4 _paragraph_6fko5_10 layout-component text-serif-m layout-normal text-serif-m layout-padded\">Kronprinsessen har allerede erfaring med \u00e5 representere kongehuset, ogs\u00e5 alene. Hun <a href=\"https:\/\/www.vg.no\/rampelys\/i\/gkWMqk\/snoescooter-prinsessen-alene-paa-tur-i-finnmark\" data-track-element-type=\"Link\" data-track-id=\"link:gkWMqk\" class=\"_link_145nj_39\" rel=\"nofollow noopener\" target=\"_blank\">bes\u00f8kte Finnmark p\u00e5 egen h\u00e5nd<\/a> forrige vinter. <\/p>\n<p class=\"_paragraph_145nj_4 _paragraph_6fko5_10 layout-component text-serif-m layout-normal text-serif-m layout-padded\">I intervjuer har hun snakket om at hun, som skal bli Norges f\u00f8rste kvinnelige statsoverhode, er opptatt av likestilling i samfunnet.<\/p>\n<p class=\"_paragraph_145nj_4 _paragraph_6fko5_10 layout-component text-serif-m layout-normal text-serif-m layout-padded\">\u2013 Hun fremst\u00e5r veldig reflektert, noe hun har etter sin far, mener TV 2s kongehusekspert Ole-J\u00f8rgen Schulsrud-Hansen.<\/p>\n<p><img alt=\"I januar bes\u00f8kte dav\u00e6rende prinsesse Ingrid Alexandra Kirkenes skole under sitt fylkesbes\u00f8k.  Foto: Fredrik Varfjell \/ NTB\" class=\"_image_jw3bv_65 layout-component layout-normal\" data-fullscreen- data-track-element-type=\"Article image fullscreen\" data-track-name=\"ImageFullscreen\" decoding=\"async\" loading=\"lazy\" height=\"4337\" itemprop=\"image\"  src=\"https:\/\/www.europesays.com\/no\/wp-content\/uploads\/2026\/09\/73d5464d-056a-3413-ad5c-4a697c346c61.jpeg\"  style=\"object-position:0% 0%\" width=\"6505\"\/>I januar bes\u00f8kte dav\u00e6rende prinsesse Ingrid Alexandra Kirkenes skole under sitt fylkesbes\u00f8k.  Foto: Fredrik Varfjell \/ NTB<\/p>\n<p class=\"_paragraph_145nj_4 _paragraph_6fko5_10 layout-component text-serif-m layout-normal text-serif-m layout-padded\">Men kongens datter virker mindre alvorstynget i rollen sin enn faren, mener han.<\/p>\n<p class=\"_paragraph_145nj_4 _paragraph_6fko5_10 layout-component text-serif-m layout-normal text-serif-m layout-padded\">\u2013 Myndighetstalen som <a href=\"https:\/\/www.vg.no\/tag\/prinsesse-ingrid-alexandra?utm_source=vg-article&amp;utm_medium=auto-tagger&amp;utm_campaign=y5bkGE\" class=\"_link_145nj_39\" rel=\"nofollow noopener\" target=\"_blank\">prinsesse Ingrid Alexandra<\/a> holdt i 2022 var mer menneskelig og jordn\u00e6r enn den hennes far holdt da han fylte 18, sier kongehuseksperten.<\/p>\n<p><img decoding=\"async\" alt=\"Bilde av Ole-J\u00f8rgen Schulsrud-Hansen\" class=\"_image_148z4_25\" height=\"40\" itemprop=\"image\" loading=\"lazy\"  src=\"https:\/\/www.europesays.com\/no\/wp-content\/uploads\/2026\/09\/30e2345e-2b83-38e6-ade7-297446506c58.jpeg\"  width=\"40\"\/><strong class=\"_name_148z4_34 title-serif-xs\">Ole-J\u00f8rgen Schulsrud-Hansen<\/strong><\/p>\n<p class=\"_paragraph_145nj_4 text-sans-m _description_148z4_39\">TV 2s kongehusekspert<\/p>\n<p> Oppveksten p\u00e5 Skaugum<\/p>\n<p class=\"_paragraph_145nj_4 _paragraph_6fko5_10 layout-component text-serif-m layout-normal text-serif-m layout-padded\">Til n\u00e5 har kronprinsessen, i hvert fall fors\u00f8ksvis, levd et noks\u00e5 vanlig liv. Som ten\u00e5ring gikk hun p\u00e5 Elvebakken videreg\u00e5ende, hang med venner, og f\u00f8r hun fylte 18 \u00e5r hadde hun sommerjobb p\u00e5 en restaurant i hovedstaden.<\/p>\n<p class=\"_paragraph_145nj_4 _paragraph_6fko5_10 layout-component text-serif-m layout-normal text-serif-m layout-padded\">\u2013 Vi bar ut mat, pusset glass og vasket bord. Det var noen som kjente meg igjen av og til. De fleste respekterte at jeg var p\u00e5 jobb, sa hun til VG i 2022.<\/p>\n<p class=\"_paragraph_145nj_4 _paragraph_6fko5_10 layout-component text-serif-m layout-normal text-serif-m layout-padded\">P\u00e5 Skaugum var fredager tacodag, og Ingrid Alexandra pleide \u00e5 lage guacamolen. P\u00e5 ferie spilte familien kort og brettspill.<\/p>\n<p class=\"_paragraph_145nj_4 _paragraph_6fko5_10 layout-component text-serif-m layout-normal text-serif-m layout-padded\">\u2013 Jeg opplever ikke at jeg har hatt en oppvekst der jeg har f\u00f8lt meg annerledes enn alle andre. Bare at jeg har litt andre plikter, kanskje, sa hun som n\u00e5 er Norges kronprinsesse.<\/p>\n<p><img alt=\"Familien samlet p\u00e5 Skaugum i 2006.  Foto: Jon Eeg \/ NTB\" class=\"_image_jw3bv_65 layout-component layout-normal\" data-fullscreen- data-track-element-type=\"Article image fullscreen\" data-track-name=\"ImageFullscreen\" decoding=\"async\" loading=\"lazy\" height=\"2336\" itemprop=\"image\"  src=\"https:\/\/www.europesays.com\/no\/wp-content\/uploads\/2026\/09\/2773ec0d-9407-3adf-8b0b-00f0102cfe17.jpeg\"  style=\"object-position:0% 0%\" width=\"3504\"\/>Familien samlet p\u00e5 Skaugum i 2006.  Foto: Jon Eeg \/ NTB Tok NM-gull<\/p>\n<p class=\"_paragraph_145nj_4 _paragraph_6fko5_10 layout-component text-serif-m layout-normal text-serif-m layout-padded\">I likhet med sin far og bestefar er kronprinsessen glad i sport. I intervjuer har hun fortalt at hun driver med l\u00f8pe- og styrketrening. Hun har hoppet i fallskjerm og g\u00e5tt en rekke fjellturer med familien sin.<\/p>\n<p class=\"_paragraph_145nj_4 _paragraph_6fko5_10 layout-component text-serif-m layout-normal text-serif-m layout-padded\"><strong class=\"_strong_145nj_25\">Aller best liker hun surfing og skikj\u00f8ring.<\/strong><\/p>\n<p class=\"_paragraph_145nj_4 _paragraph_6fko5_10 layout-component text-serif-m layout-normal text-serif-m layout-padded\">I 2020 tok hun <a href=\"https:\/\/www.vg.no\/sport\/i\/866lox\/her-tar-prinsesse-ingrid-alexandra-nm-gull\" data-track-element-type=\"Link\" data-track-id=\"link:866lox\" class=\"_link_145nj_39\" rel=\"nofollow noopener\" target=\"_blank\">NM-gull i surfing<\/a>, i juniorklassen for jenter. Til 18-\u00e5rsdagen \u00f8nsket hun seg et nytt surfebrett.<\/p>\n<p class=\"_paragraph_145nj_4 _paragraph_6fko5_10 layout-component text-serif-m layout-normal text-serif-m layout-padded\">P\u00e5 VGs sp\u00f8rsm\u00e5l om n\u00e5r hun \u00abf\u00f8lte seg helt fri\u00bb i 2022, l\u00f8d svaret:<\/p>\n<p class=\"_paragraph_145nj_4 _paragraph_6fko5_10 layout-component text-serif-m layout-normal text-serif-m layout-padded\"><strong class=\"_strong_145nj_25\">\u2013 P\u00e5 ski, kanskje. Slal\u00e5m. N\u00e5r jeg er dypt inne i en skog og har ristet av meg politiet.<\/strong><\/p>\n<p><img alt=\"Foto: Matti Bernitz \/ Det kongelige hoff\" class=\"_image_jw3bv_65 layout-component layout-normal\" data-fullscreen- data-track-element-type=\"Article image fullscreen\" data-track-name=\"ImageFullscreen\" decoding=\"async\" loading=\"lazy\" height=\"4617\" itemprop=\"image\"  src=\"https:\/\/www.europesays.com\/no\/wp-content\/uploads\/2026\/09\/8eb5feb0-cb7d-4cb7-b9e1-0fab8119bfed.jpeg\"  style=\"object-position:54.25992779783394% 47.74745505739658%\" width=\"6925\"\/>Foto: Matti Bernitz \/ Det kongelige hoff Studier i Sydney<\/p>\n<p class=\"_paragraph_145nj_4 _paragraph_6fko5_10 layout-component text-serif-m layout-normal text-serif-m layout-padded\">Etter videreg\u00e5ende dro Ingrid Alexandra, som alts\u00e5 er Forsvarets fremtidige leder, i milit\u00e6ret.<\/p>\n<p class=\"_paragraph_145nj_4 _paragraph_6fko5_10 layout-component text-serif-m layout-normal text-serif-m layout-padded\">Hun gikk f\u00f8rstegangstjenesten som en helt vanlig soldat, og bodde p\u00e5 seksmannsrom.<\/p>\n<p class=\"_paragraph_145nj_4 _paragraph_6fko5_10 layout-component text-serif-m layout-normal text-serif-m layout-padded\">Dagene besto av vasking, inspeksjon, trening og \u00f8velser. Hun fikk ingen s\u00e6rbehandling.<\/p>\n<p class=\"_paragraph_145nj_4 _paragraph_6fko5_10 layout-component text-serif-m layout-normal text-serif-m layout-padded\">\u2013 Jeg l\u00e6rte veldig mye, sa hun til <a href=\"https:\/\/www.forsvaretsforum.no\/bardu-brigade-nord-cv90\/min-tid-som-vernepliktig\/443870?utm_source=sdrn%3Avg%3Aarticle%3ArP0xq3\" class=\"_link_145nj_39\" rel=\"nofollow noopener\" target=\"_blank\">Forsvarets Forum<\/a> v\u00e5ren 2025.<\/p>\n<p class=\"_paragraph_145nj_4 _paragraph_6fko5_10 layout-component text-serif-m layout-normal text-serif-m layout-padded\">Den p\u00e5f\u00f8lgende sommeren dro hun til Australia for \u00e5 studerestudereI Sydney tar kronprinsessen en bachelor i samfunnsfag med fordypning i internasjonale forhold og politisk \u00f8konomi. , hvor <a href=\"https:\/\/www.vg.no\/rampelys\/i\/rP0xq3\/ingrid-alexandra-til-vg-om-studentlivet-det-er-mye-mer-frihet\" data-track-element-type=\"Link\" data-track-id=\"link:rP0xq3\" class=\"_link_145nj_39\" rel=\"nofollow noopener\" target=\"_blank\">VG<\/a> og NRK fikk intervju med den dav\u00e6rende prinsessen. <\/p>\n<p class=\"_paragraph_145nj_4 _paragraph_6fko5_10 layout-component text-serif-m layout-normal text-serif-m layout-padded\"><strong class=\"_strong_145nj_25\">\u2013 Det er veldig g\u00f8y \u00e5 v\u00e6re her \u2013 og ha valgt selv det jeg skal drive med, sa hun den gang til VG. <\/strong><\/p>\n<p class=\"_paragraph_145nj_4 _paragraph_6fko5_10 layout-component text-serif-m layout-normal text-serif-m layout-padded\">\u2013 Jeg f\u00f8ler meg fri som student, jeg f\u00f8ler absolutt at jeg kan v\u00e6re meg selv, <a href=\"https:\/\/www.nrk.no\/norge\/xl\/prinsesse-ingrid-alexandra_-_-vanskelig-for-meg-som-soster-1.17633871#authors--expand\" class=\"_link_145nj_39\" rel=\"nofollow noopener\" target=\"_blank\">sa hun til NRK.<\/a><\/p>\n<p> Nye oppgaver<\/p>\n<p class=\"_paragraph_145nj_4 _paragraph_6fko5_10 layout-component text-serif-m layout-normal text-serif-m layout-padded\">Da det ble <a href=\"https:\/\/www.vg.no\/rampelys\/i\/mPb6AE\/kongeparet-om-prinsesse-ingrid-alexandra-hun-maa-faa-lov-til-aa-studere\" data-track-element-type=\"Link\" data-track-id=\"link:mPb6AE\" class=\"_link_145nj_39\" rel=\"nofollow noopener\" target=\"_blank\">kjent at prinsesse Ingrid Alexandra skulle flytte til Australia<\/a>, var bestefar tydelig.<\/p>\n<p class=\"_paragraph_145nj_4 _paragraph_6fko5_10 layout-component text-serif-m layout-normal text-serif-m layout-padded\"><strong class=\"_strong_145nj_25\">\u2013 Vi f\u00e5r det igjen med renters rente n\u00e5r hun kommer hjem. Hun m\u00e5 f\u00e5 lov til \u00e5 studere og f\u00e5 utdannelse f\u00f8r hun begynner \u00e5 representere, sa kong Harald.<\/strong><\/p>\n<p class=\"_paragraph_145nj_4 _paragraph_6fko5_10 layout-component text-serif-m layout-normal text-serif-m layout-padded\">Selv mener kronprinsessen at studiene gir henne kunnskap og forst\u00e5else hun vil f\u00e5 bruk for som Norges fremtidige dronning.<\/p>\n<p><img alt=\"Ingrid Alexandra i Sydney.  Foto: Thomas Nilsson \/ VG\" class=\"_image_jw3bv_65 layout-component layout-normal\" data-fullscreen- data-track-element-type=\"Article image fullscreen\" data-track-name=\"ImageFullscreen\" decoding=\"async\" loading=\"lazy\" height=\"3200\" itemprop=\"image\"  src=\"https:\/\/www.europesays.com\/no\/wp-content\/uploads\/2026\/09\/ce85f120-005d-3a21-80d3-85563eccc065.jpeg\"  style=\"object-position:0% 0%\" width=\"4800\"\/>Ingrid Alexandra i Sydney.  Foto: Thomas Nilsson \/ VG<\/p>\n<p class=\"_paragraph_145nj_4 _paragraph_6fko5_10 layout-component text-serif-m layout-normal text-serif-m layout-padded\">I august 2026 flyttet hun tilbake til Norge og startet ved UiOUiOUniversitetet i Oslo., som utvekslingsstudent.<\/p>\n<p class=\"_paragraph_145nj_4 _paragraph_6fko5_10 layout-component text-serif-m layout-normal text-serif-m layout-padded\">Etter planen skal hun tilbake til Sydney etter et semester i Oslo, og fullf\u00f8re sin tre\u00e5rige bachelorgrad der.  <\/p>\n<p><img alt=\"P\u00e5 plass p\u00e5 universitetet i Sydney  Foto: Raquel Pires Photography \/ Det kongelige hoff \/ VG\" class=\"_image_jw3bv_65 layout-component layout-normal\" data-fullscreen- data-track-element-type=\"Article image fullscreen\" data-track-name=\"ImageFullscreen\" decoding=\"async\" loading=\"lazy\" height=\"3574\" itemprop=\"image\"  src=\"https:\/\/www.europesays.com\/no\/wp-content\/uploads\/2026\/09\/96b012d7-8221-33ed-90b0-96a3eda2e4f2.jpeg\"  style=\"object-position:0% 0%\" width=\"5359\"\/>P\u00e5 plass p\u00e5 universitetet i Sydney  Foto: Raquel Pires Photography \/ Det kongelige hoff \/ VG<\/p>\n<p class=\"_paragraph_145nj_4 _paragraph_6fko5_10 layout-component text-serif-m layout-normal text-serif-m layout-padded\">Men med ny rolle f\u00f8lger nye plikter. Ingrid Alexandra rakk ikke \u00e5 fullf\u00f8re studiene f\u00f8r hun ble kronprinsesse. VG har spurt Slottet om hun n\u00e5 kommer til \u00e5 avbryte studiel\u00f8pet og flytte hjem, forel\u00f8pig uten \u00e5 f\u00e5 svar.<\/p>\n<p> \u2013 M\u00e5 f\u00e5 skape sin rolle<\/p>\n<p class=\"_paragraph_145nj_4 _paragraph_6fko5_10 layout-component text-serif-m layout-normal text-serif-m layout-padded\">Ole-J\u00f8rgen Schulsrud-Hansen sier at vi i tiden fremover kommer til \u00e5 bli mye bedre kjent med kronprinsessen og sp\u00e5r at hun vil fullf\u00f8re sine studier i Australia. <\/p>\n<p class=\"_paragraph_145nj_4 _paragraph_6fko5_10 layout-component text-serif-m layout-normal text-serif-m layout-padded\">\u2013 B\u00e5de faren og bestefaren fullf\u00f8rte sine studier som kronprinser, minner han om.<\/p>\n<p><img alt=\"Tre generasjoner med kongelige h\u00f8yheter.  Foto: Kimm Saatvedt \/ Det kongelige hoff\" class=\"_image_jw3bv_65 layout-component layout-normal\" data-fullscreen- data-track-element-type=\"Article image fullscreen\" data-track-name=\"ImageFullscreen\" decoding=\"async\" loading=\"lazy\" height=\"5000\" itemprop=\"image\"  src=\"https:\/\/www.europesays.com\/no\/wp-content\/uploads\/2026\/09\/36653dd1-03b4-3cb3-86a0-2721e8a41a9b.jpeg\"  style=\"object-position:0% 0%\" width=\"3750\"\/>Tre generasjoner med kongelige h\u00f8yheter.  Foto: Kimm Saatvedt \/ Det kongelige hoff<\/p>\n<p class=\"_paragraph_145nj_4 _paragraph_6fko5_10 layout-component text-serif-m layout-normal text-serif-m layout-padded\">Schulsrud-Hansen vil ikke svare p\u00e5 hvordan han tror hun vil klare seg som dronning n\u00e5r den tid kommer.<\/p>\n<p class=\"_paragraph_145nj_4 _paragraph_6fko5_10 layout-component text-serif-m layout-normal text-serif-m layout-padded\"><strong class=\"_strong_145nj_25\">\u2013 La oss ta et tronskifte av gangen. Hun m\u00e5 f\u00e5 skape sin rolle ut ifra den hun er, uten at vi skal tilegne henne sine forgjengers kvaliteter. De m\u00e5 f\u00e5 v\u00e6re hele mennesker i sine roller, ellers vil de ikke lykkes, sier han.<\/strong><\/p>\n<p>Rettelse<\/p>\n<p class=\"_paragraph_145nj_4\">I en tidligere versjon av denne saken sto det at dronning Maud er oldemoren til Ingrid Alexandra, men det riktige er kronprinsesse M\u00e4rtha. Saken ble oppdatert 1. september 2026 klokken 07.50.\u00a0<\/p>\n","protected":false},"excerpt":{"rendered":"Kronprinsesse Ingrid Alexandra imponerer kongehuseksperter med sin ro og verdighet. Hun har erfaring som soldat, NM-gull i surfing&hellip;\n","protected":false},"author":2,"featured_media":339814,"comment_status":"","ping_status":"","sticky":false,"template":"","format":"standard","meta":{"footnotes":"","_share_on_mastodon":"0"},"categories":[10],"tags":[20,21,24,25,15,1803,26099,22,23,13,30,28,29,14,16,26,27],"class_list":["post-339813","post","type-post","status-publish","format-standard","has-post-thumbnail","category-norge","tag-breaking-news","tag-breakingnews","tag-featured-news","tag-featurednews","tag-headlines","tag-kongehuset","tag-kronprinsesse-ingrid-alexandra","tag-latest-news","tag-latestnews","tag-news","tag-no","tag-norge","tag-norway","tag-nyheter","tag-overskrifter","tag-top-stories","tag-topstories"],"share_on_mastodon":{"url":"https:\/\/pubeurope.com\/@no\/117194691855806106","error":""},"_links":{"self":[{"href":"https:\/\/www.europesays.com\/no\/wp-json\/wp\/v2\/posts\/339813","targetHints":{"allow":["GET"]}}],"collection":[{"href":"https:\/\/www.europesays.com\/no\/wp-json\/wp\/v2\/posts"}],"about":[{"href":"https:\/\/www.europesays.com\/no\/wp-json\/wp\/v2\/types\/post"}],"author":[{"embeddable":true,"href":"https:\/\/www.europesays.com\/no\/wp-json\/wp\/v2\/users\/2"}],"replies":[{"embeddable":true,"href":"https:\/\/www.europesays.com\/no\/wp-json\/wp\/v2\/comments?post=339813"}],"version-history":[{"count":0,"href":"https:\/\/www.europesays.com\/no\/wp-json\/wp\/v2\/posts\/339813\/revisions"}],"wp:featuredmedia":[{"embeddable":true,"href":"https:\/\/www.europesays.com\/no\/wp-json\/wp\/v2\/media\/339814"}],"wp:attachment":[{"href":"https:\/\/www.europesays.com\/no\/wp-json\/wp\/v2\/media?parent=339813"}],"wp:term":[{"taxonomy":"category","embeddable":true,"href":"https:\/\/www.europesays.com\/no\/wp-json\/wp\/v2\/categories?post=339813"},{"taxonomy":"post_tag","embeddable":true,"href":"https:\/\/www.europesays.com\/no\/wp-json\/wp\/v2\/tags?post=339813"}],"curies":[{"name":"wp","href":"https:\/\/api.w.org\/{rel}","templated":true}]}}