{"id":339819,"date":"2026-09-01T07:59:15","date_gmt":"2026-09-01T07:59:15","guid":{"rendered":"https:\/\/www.europesays.com\/no\/339819\/"},"modified":"2026-09-01T07:59:15","modified_gmt":"2026-09-01T07:59:15","slug":"jon-almaas-inviterer-til-jul-slik-blir-hosten-pa-tvnorge","status":"publish","type":"post","link":"https:\/\/www.europesays.com\/no\/339819\/","title":{"rendered":"Jon Almaas inviterer til jul: Slik blir h\u00f8sten p\u00e5 TVNorge"},"content":{"rendered":"\n<p class=\"_lead_145nj_2 _lead_6fko5_53 layout-component text-serif-m layout-normal text-serif-l layout-component layout-wide layout-padded _wide_17hqh_1 layout-padded\">Ny humorquiz, spektakul\u00e6r oppussing og brutal krimdokumentar st\u00e5r p\u00e5 TV-menyen i h\u00f8st.<\/p>\n<p><img alt=\"\u00abJon vil l\u00f8fte fram den ekte, tradisjonsrike bygdejula. Men Jon er ingen ekspert p\u00e5 feltet\u00bb, st\u00e5r det i pressemeldingen. Foto: Martin Litwicki\" class=\"_image_jw3bv_65 layout-component layout-wide\" data-fullscreen- data-track-element-type=\"Article image fullscreen\" data-track-name=\"ImageFullscreen\" fetchpriority=\"high\" decoding=\"sync\" loading=\"eager\" height=\"3725\" itemprop=\"image\"  src=\"https:\/\/www.europesays.com\/no\/wp-content\/uploads\/2026\/09\/ed7b1594-1862-31f7-bd6e-b71b3c65e783.jpeg\"  style=\"object-position:50.291926716327765% 38.64429530201342%\" width=\"4967\"\/>\u00abJon vil l\u00f8fte fram den ekte, tradisjonsrike bygdejula. Men Jon er ingen ekspert p\u00e5 feltet\u00bb, st\u00e5r det i pressemeldingen. Foto: Martin Litwicki<\/p>\n<ul aria-hidden=\"true\" class=\"_images_ntbth_112\">\n<li><a class=\"_link_ntbth_117\" href=\"https:\/\/www.vg.no\/forfatter\/hannah-solstad-klepp\" style=\"z-index:1\" title=\"Hannah Solstad Klepp\" rel=\"nofollow noopener\" target=\"_blank\"><img alt=\"Bilde av Hannah Solstad Klepp\" class=\"_image_ntbth_93\" fetchpriority=\"low\" loading=\"lazy\" decoding=\"async\" itemprop=\"image\"  src=\"https:\/\/www.europesays.com\/no\/wp-content\/uploads\/2026\/09\/f811f9c1-64f7-4c50-9133-b5735831a650.jpeg\"  width=\"480\"\/><\/a><\/li>\n<\/ul>\n<p> Oppdatert tirsdag 1. september kl. 09:13     <\/p>\n<p class=\"_paragraph_145nj_4 _paragraph_6fko5_10 layout-component text-serif-m layout-normal text-serif-m layout-padded\">Tirsdag avsl\u00f8rte Warner Bros. Discovery hva som skal fylle TV-skjermene i h\u00f8st. Kanalsjef og programdirekt\u00f8r Magnus Vatn lover humor, konkurranser og sterke historier.<\/p>\n<p class=\"_paragraph_145nj_4 _paragraph_6fko5_10 layout-component text-serif-m layout-normal text-serif-m layout-padded\">\u2013 Vi lever i en tid hvor mange opplever nyhetsbildet som b\u00e5de intenst og krevende. Da blir verdien av programmer som f\u00e5r folk til \u00e5 koble av, le sammen og dele opplevelser ekstra viktig, sier Vatn i pressemeldingen.<\/p>\n<p><img decoding=\"async\" alt=\"Bilde av Magnus Vatn\" class=\"_image_148z4_25\" height=\"40\" itemprop=\"image\" loading=\"lazy\"  src=\"https:\/\/www.europesays.com\/no\/wp-content\/uploads\/2026\/09\/eb262a0c-d322-371b-b7bd-0c42119c3386.jpeg\"  width=\"40\"\/><strong class=\"_name_148z4_34 title-serif-xs\">Magnus Vatn<\/strong>Halvor Bakke gj\u00f8r comeback<\/p>\n<p class=\"_paragraph_145nj_4 _paragraph_6fko5_10 layout-component text-serif-m layout-normal text-serif-m layout-padded\">Et av de nye programmene denne h\u00f8sten er humorquizen \u00abRett skal v\u00e6re rett\u00bb.<\/p>\n<p class=\"_paragraph_145nj_4 _paragraph_6fko5_10 layout-component text-serif-m layout-normal text-serif-m layout-padded\">Olli Wermskog leder programmet, mens Martha Leivestad, Ingar Helge Gimle og Marte Stokstad er lagledere.<\/p>\n<p><img alt=\"\u2013 Rett skal v\u00e6re rett er quiz-TV med glimt i \u00f8yet, hvor konkurransen tas p\u00e5 alvor, sier Vatn.  Foto: Martin Litwicki\" class=\"_image_jw3bv_65 layout-component layout-normal\" data-fullscreen- data-track-element-type=\"Article image fullscreen\" data-track-name=\"ImageFullscreen\" decoding=\"async\" loading=\"lazy\" height=\"4000\" itemprop=\"image\"  src=\"https:\/\/www.europesays.com\/no\/wp-content\/uploads\/2026\/09\/80fe6885-d55a-3eff-b38c-84c266b17770.jpeg\"  style=\"object-position:49.975% 53.37499999999999%\" width=\"6000\"\/>\u2013 Rett skal v\u00e6re rett er quiz-TV med glimt i \u00f8yet, hvor konkurransen tas p\u00e5 alvor, sier Vatn.  Foto: Martin Litwicki<\/p>\n<p class=\"_paragraph_145nj_4 _paragraph_6fko5_10 layout-component text-serif-m layout-normal text-serif-m layout-padded\">I programmet skal kjente personer konkurrere i ulike quizoppgaver, der b\u00e5de kunnskap, intuisjon og flaks kan bli avgj\u00f8rende.<\/p>\n<p class=\"_paragraph_145nj_4 _paragraph_6fko5_10 layout-component text-serif-m layout-normal text-serif-m layout-padded\">Det nye programmet trekker inspirasjon fra \u00abBrille\u00bb og \u00abAlle mot alle\u00bb. Her st\u00e5r konkurransen sentralt, men det loves mye humor underveis.<\/p>\n<p class=\"_paragraph_145nj_4 _paragraph_6fko5_10 layout-component text-serif-m layout-normal text-serif-m layout-padded\">Interi\u00f8rkjendisen Halvor Bakke er tilbake p\u00e5 skjermen etter at det tidligere i \u00e5r ble kjent at han <a href=\"https:\/\/www.instagram.com\/p\/DaQDs0SiMud\/?img_index=1\" class=\"_link_145nj_39\" rel=\"nofollow noopener\" target=\"_blank\">forlot \u00abEventyrlig oppussing\u00bb<\/a>. <\/p>\n<p class=\"_paragraph_145nj_4 _paragraph_6fko5_10 layout-component text-serif-m layout-normal text-serif-m layout-padded\">N\u00e5 gj\u00f8r han sin f\u00f8rste <a href=\"https:\/\/www.vg.no\/tag\/tvnorge?utm_source=vg-article&amp;utm_medium=auto-tagger&amp;utm_campaign=xrwGxn\" class=\"_link_145nj_39\" rel=\"nofollow noopener\" target=\"_blank\">TVNorge<\/a>-serie med \u00abHusdr\u00f8mmen med Halvor Bakke\u00bb. Der skal han reise rundt i landet \u2013 og til en italiensk ving\u00e5rd \u2013 for \u00e5 hjelpe folk med spektakul\u00e6re boligprosjekter.<\/p>\n<p><img alt=\"TV-profilen skal reise gjennom Norge for \u00e5 m\u00f8te mennesker som realiserer helt spesielle og spektakul\u00e6re boligdr\u00f8mmer.  Foto: Bjornar Posse Sandboe\" class=\"_image_jw3bv_65 layout-component layout-normal\" data-fullscreen- data-track-element-type=\"Article image fullscreen\" data-track-name=\"ImageFullscreen\" decoding=\"async\" loading=\"lazy\" height=\"4128\" itemprop=\"image\"  src=\"https:\/\/www.europesays.com\/no\/wp-content\/uploads\/2026\/09\/ded92412-1ca6-393b-a414-f94b227d6742.jpeg\"  style=\"object-position:39.47835917312661% 48.51017441860465%\" width=\"6192\"\/>TV-profilen skal reise gjennom Norge for \u00e5 m\u00f8te mennesker som realiserer helt spesielle og spektakul\u00e6re boligdr\u00f8mmer.  Foto: Bjornar Posse Sandboe<\/p>\n<p class=\"_paragraph_145nj_4 _paragraph_6fko5_10 layout-component text-serif-m layout-normal text-serif-m layout-padded\">Serien f\u00f8lger nordmenn som enten st\u00e5r i startgropen av, eller er midt i, unike oppussingsprosjekter.<\/p>\n<p class=\"_paragraph_145nj_4 _paragraph_6fko5_10 layout-component text-serif-m layout-normal text-serif-m layout-padded\">\u2013 Halvor Bakke er en av Norges mest popul\u00e6re TV-personligheter og har inspirert nordmenn gjennom en \u00e5rrekke. \u00abHusdr\u00f8mmen med Halvor Bakke\u00bb viser kreativitet, lidenskap og mennesker som t\u00f8r \u00e5 tenke stort, sier Vatn.<\/p>\n<p>Almaas inviterer til jul<\/p>\n<p class=\"_paragraph_145nj_4 _paragraph_6fko5_10 layout-component text-serif-m layout-normal text-serif-m layout-padded\">Jon Almaas byr p\u00e5 julespesialen \u00abJul p\u00e5 Br\u00e5rud\u00bb, der seerne skal bli invitert inn til en tradisjonell og uj\u00e5lete bygdejul p\u00e5 Nes.<\/p>\n<p class=\"_paragraph_145nj_4 _paragraph_6fko5_10 layout-component text-serif-m layout-normal text-serif-m layout-padded\">\u2013 Denne gangen f\u00e5r seerne oppleve en varm, ekte og uh\u00f8ytidelig julefeiring sammen med ham, venner og naboer p\u00e5 Br\u00e5rud g\u00e5rd. Det tror vi mange kommer til \u00e5 sette pris p\u00e5 n\u00e5r desember n\u00e6rmer seg, sier Vatn.<\/p>\n<p><img alt=\"Almaas og kona Ellen Christin Heider fra fjor\u00e5rets sesong av \u00abJon blir bonde\u00bb.  Foto: Martin Litwicki\" class=\"_image_jw3bv_65 layout-component layout-normal\" data-fullscreen- data-track-element-type=\"Article image fullscreen\" data-track-name=\"ImageFullscreen\" decoding=\"async\" loading=\"lazy\" height=\"4000\" itemprop=\"image\"  src=\"https:\/\/www.europesays.com\/no\/wp-content\/uploads\/2026\/09\/e4f68e2c-14d1-3ad6-adb1-3b0c38abc0a4.jpeg\"  style=\"object-position:0% 0%\" width=\"6000\"\/>Almaas og kona Ellen Christin Heider fra fjor\u00e5rets sesong av \u00abJon blir bonde\u00bb.  Foto: Martin Litwicki<\/p>\n<p class=\"_paragraph_145nj_4 _paragraph_6fko5_10 layout-component text-serif-m layout-normal text-serif-m layout-padded\">Ogs\u00e5 flere kjente favoritter er tilbake med nye sesonger:<\/p>\n<p class=\"_paragraph_145nj_4 _paragraph_6fko5_10 layout-component text-serif-m layout-normal text-serif-m layout-padded\"> \u00abJaget\u00bb, \u00ab71\u00b0 nord\u00bb, \u00abKongen befaler\u00bb, \u00abAlle mot alle\u00bb og \u00abNull stjerner\u00bb returnerer denne h\u00f8sten.<\/p>\n<p><img alt=\"Henrik Ingrebirgtsen er med i h\u00f8stens sesong av \u00ab71 grader nord\u00bb.  Foto: Matti Bernitz\" class=\"_image_jw3bv_65 layout-component layout-normal\" data-fullscreen- data-track-element-type=\"Article image fullscreen\" data-track-name=\"ImageFullscreen\" decoding=\"async\" loading=\"lazy\" height=\"5464\" itemprop=\"image\"  src=\"https:\/\/www.europesays.com\/no\/wp-content\/uploads\/2026\/09\/efd2d210-1371-3498-8829-539ce513c352.jpeg\"  style=\"object-position:57.5927734375% 40.135431918008784%\" width=\"8192\"\/>Henrik Ingrebirgtsen er med i h\u00f8stens sesong av \u00ab71 grader nord\u00bb.  Foto: Matti Bernitz<\/p>\n<p class=\"_paragraph_145nj_4 _paragraph_6fko5_10 layout-component text-serif-m layout-normal text-serif-m layout-padded\">I \u00ab71\u00b0 nord\u00bb er Henrik Ingebrigtsen, Ingrid Landmark Tandrevold og Vetle Sj\u00e5stad Christiansen blant deltagerne. <\/p>\n<p class=\"_paragraph_145nj_4 _paragraph_6fko5_10 layout-component text-serif-m layout-normal text-serif-m layout-padded\">P\u00e5 deltagerlisten st\u00e5r ogs\u00e5:<\/p>\n<ul class=\"_list_145nj_3 _list_6fko5_9 _unordered_145nj_106 layout-component text-serif-m layout-normal text-serif-m layout-padded\">\n<li class=\"_item_145nj_30\">Henrik Oven (influencer)<\/li>\n<li class=\"_item_145nj_30\">Cathrine Fossum (programleder)<\/li>\n<li class=\"_item_145nj_30\">Christina Vukicevic (tidligere friidrettsut\u00f8ver)<\/li>\n<li class=\"_item_145nj_30\">Marti Evju (influencer)<\/li>\n<li class=\"_item_145nj_30\">Dag-Inge Ulstein (partileder i KrF)<\/li>\n<li class=\"_item_145nj_30\">Kai Thomas Ryen Larsen (artisten Skrellex)<\/li>\n<li class=\"_item_145nj_30\">Sindre Reinholt (programleder)<\/li>\n<li class=\"_item_145nj_30\">Iselin Michelsen (realityprofil)<\/li>\n<li class=\"_item_145nj_30\">Jennie Sofie Lie Pickl (influencer)<\/li>\n<\/ul>\n<p class=\"_paragraph_145nj_4 _paragraph_6fko5_10 layout-component text-serif-m layout-normal text-serif-m layout-padded\">I tredje sesong av \u00abJaget\u00bb skal blant andre Simon Nitsche, Kasper Kvello og Henriette Steenstrup fors\u00f8ke \u00e5 holde seg unna politispaner Johnny Brenna og teamet hans.<\/p>\n<p><img alt=\"Fra venstre: Andrea L\u00f8vland, Simon Nitsche, Henrik Viken, J\u00f8rgen Karterud, Jonis Josef, Arman Surizehi, Henriette Steenstrup, Kasper Kvello, Solveig Kloppen og Gunhild Dahlberg.  Foto: TVNorge\" class=\"_image_jw3bv_65 layout-component layout-normal\" data-fullscreen- data-track-element-type=\"Article image fullscreen\" data-track-name=\"ImageFullscreen\" decoding=\"async\" loading=\"lazy\" height=\"2250\" itemprop=\"image\"  src=\"https:\/\/www.europesays.com\/no\/wp-content\/uploads\/2026\/09\/c47ff1d0-67f4-3ebc-b4c1-4f53a08a4999.jpeg\"  style=\"object-position:40.300000000000004% 50%\" width=\"4000\"\/>Fra venstre: Andrea L\u00f8vland, Simon Nitsche, Henrik Viken, J\u00f8rgen Karterud, Jonis Josef, Arman Surizehi, Henriette Steenstrup, Kasper Kvello, Solveig Kloppen og Gunhild Dahlberg.  Foto: TVNorge<\/p>\n<p class=\"_paragraph_145nj_4 _paragraph_6fko5_10 layout-component text-serif-m layout-normal text-serif-m layout-padded\">Allerede fredag 28. august slippes dokumentarserien \u00abBrutalt brorskap: Oslo\u00bb p\u00e5 HBO Max, som gjennom seks episoder tar for seg fire ti\u00e5r med norsk kriminalitet.<\/p>\n<p class=\"_paragraph_145nj_4 _paragraph_6fko5_10 layout-component text-serif-m layout-normal text-serif-m layout-padded\">\u2013 Dette er en sterk og viktig dokumentarserie som gir et sjeldent innblikk i en del av norsk historie mange kjenner til gjennom avisoverskriftene, men f\u00e5 kjenner innsiden av.<\/p>\n<p class=\"_paragraph_145nj_4 _paragraph_6fko5_10 layout-component text-serif-m layout-normal text-serif-m layout-padded\">Til jul 2026 kommer ogs\u00e5 den nye Harry Potter-serien til HBO Max, \u00abHarry Potter og de vises stein\u00bb.<\/p>\n<p>       <script async src=\"\/\/www.instagram.com\/embed.js\"><\/script><\/p>\n","protected":false},"excerpt":{"rendered":"Ny humorquiz, spektakul\u00e6r oppussing og brutal krimdokumentar st\u00e5r p\u00e5 TV-menyen i h\u00f8st. \u00abJon vil l\u00f8fte fram den ekte,&hellip;\n","protected":false},"author":2,"featured_media":339820,"comment_status":"","ping_status":"","sticky":false,"template":"","format":"standard","meta":{"footnotes":"","_share_on_mastodon":"0"},"categories":[58],"tags":[71,2285,2740,3753,30,28,29,2785,72],"class_list":["post-339819","post","type-post","status-publish","format-standard","has-post-thumbnail","category-underholdning","tag-entertainment","tag-halvor-bakke","tag-hbo-max","tag-jon-almaas","tag-no","tag-norge","tag-norway","tag-tvnorge","tag-underholdning"],"share_on_mastodon":{"url":"https:\/\/pubeurope.com\/@no\/117194730953315932","error":""},"_links":{"self":[{"href":"https:\/\/www.europesays.com\/no\/wp-json\/wp\/v2\/posts\/339819","targetHints":{"allow":["GET"]}}],"collection":[{"href":"https:\/\/www.europesays.com\/no\/wp-json\/wp\/v2\/posts"}],"about":[{"href":"https:\/\/www.europesays.com\/no\/wp-json\/wp\/v2\/types\/post"}],"author":[{"embeddable":true,"href":"https:\/\/www.europesays.com\/no\/wp-json\/wp\/v2\/users\/2"}],"replies":[{"embeddable":true,"href":"https:\/\/www.europesays.com\/no\/wp-json\/wp\/v2\/comments?post=339819"}],"version-history":[{"count":0,"href":"https:\/\/www.europesays.com\/no\/wp-json\/wp\/v2\/posts\/339819\/revisions"}],"wp:featuredmedia":[{"embeddable":true,"href":"https:\/\/www.europesays.com\/no\/wp-json\/wp\/v2\/media\/339820"}],"wp:attachment":[{"href":"https:\/\/www.europesays.com\/no\/wp-json\/wp\/v2\/media?parent=339819"}],"wp:term":[{"taxonomy":"category","embeddable":true,"href":"https:\/\/www.europesays.com\/no\/wp-json\/wp\/v2\/categories?post=339819"},{"taxonomy":"post_tag","embeddable":true,"href":"https:\/\/www.europesays.com\/no\/wp-json\/wp\/v2\/tags?post=339819"}],"curies":[{"name":"wp","href":"https:\/\/api.w.org\/{rel}","templated":true}]}}