{"id":339827,"date":"2026-09-01T08:15:12","date_gmt":"2026-09-01T08:15:12","guid":{"rendered":"https:\/\/www.europesays.com\/no\/339827\/"},"modified":"2026-09-01T08:15:12","modified_gmt":"2026-09-01T08:15:12","slug":"haavard-granerud-27-omkom-i-brannen-pa-hamar","status":"publish","type":"post","link":"https:\/\/www.europesays.com\/no\/339827\/","title":{"rendered":"Haavard Granerud (27) omkom i brannen p\u00e5 Hamar"},"content":{"rendered":"\n<p class=\"_lead_145nj_2 _lead_6fko5_53 layout-component text-serif-m layout-normal text-serif-l layout-component layout-wide layout-padded _wide_17hqh_1 layout-padded\">Navnet frigis i samr\u00e5d med de p\u00e5r\u00f8rende.<\/p>\n<p><img alt=\"\" class=\"_image_jw3bv_65 layout-component layout-wide\" data-fullscreen- data-track-element-type=\"Article image fullscreen\" data-track-name=\"ImageFullscreen\" fetchpriority=\"high\" decoding=\"sync\" loading=\"eager\" height=\"3540\" itemprop=\"image\"  src=\"https:\/\/www.europesays.com\/no\/wp-content\/uploads\/2026\/09\/dce3dc59-7fc9-3296-8ba6-35852b798a5b.jpeg\"  style=\"object-position:0% 0%\" width=\"2478\"\/><\/p>\n<ul aria-hidden=\"true\" class=\"_images_ntbth_112\">\n<li><a class=\"_link_ntbth_117\" href=\"https:\/\/www.vg.no\/forfatter\/fathia-mahmoud-farah\" style=\"z-index:1\" title=\"Fathia Mahmoud Farah\" rel=\"nofollow noopener\" target=\"_blank\"><img alt=\"Bilde av Fathia Mahmoud Farah\" class=\"_image_ntbth_93\" fetchpriority=\"low\" loading=\"lazy\" decoding=\"async\" itemprop=\"image\"  src=\"https:\/\/www.europesays.com\/no\/wp-content\/uploads\/2026\/09\/1788250510_166_62062e98-6e46-3867-bd8c-79cb8255c4b2.jpeg\"  width=\"480\"\/><\/a><\/li>\n<\/ul>\n<p> Oppdatert tirsdag 1. september kl. 09:03     <\/p>\n<p class=\"_paragraph_145nj_4 _paragraph_6fko5_10 layout-component text-serif-m layout-normal text-serif-m layout-padded\">Politiet fikk melding om brannen i en garasje p\u00e5 Hamar klokken 02.15 natt til mandag 24. august.<\/p>\n<p class=\"_paragraph_145nj_4 _paragraph_6fko5_10 layout-component text-serif-m layout-normal text-serif-m layout-padded\">27 \u00e5r gamle Haavard Granerud omkom. Navnet frigis i samr\u00e5d med de p\u00e5r\u00f8rende.<\/p>\n<p class=\"_paragraph_145nj_4 _paragraph_6fko5_10 layout-component text-serif-m layout-normal text-serif-m layout-padded\">R\u00f8ykdykkere fant Granerud inne i en leilighet i garasjen.<\/p>\n<p class=\"_paragraph_145nj_4 _paragraph_6fko5_10 layout-component text-serif-m layout-normal text-serif-m layout-padded\">Det ble satt i gang livreddende f\u00f8rstehjelp, men livet sto ikke til \u00e5 redde. Han ble erkl\u00e6rt d\u00f8d p\u00e5 stedet.<\/p>\n<p class=\"_paragraph_145nj_4 _paragraph_6fko5_10 layout-component text-serif-m layout-normal text-serif-m layout-padded\">Politiet opplyste etter brannen at \u00e5rsaken var ukjent, og at det skulle gjennomf\u00f8res tekniske unders\u00f8kelser p\u00e5 brannstedet.<\/p>\n<p class=\"_paragraph_145nj_4 _paragraph_6fko5_10 layout-component text-serif-m layout-normal layout-padded\"><strong class=\"_strong_145nj_25\">Les ogs\u00e5:<\/strong> <a href=\"https:\/\/www.vg.no\/i\/y5KpgK\" data-track-element-type=\"Link\" data-track-id=\"link:y5KpgK\" class=\"_link_145nj_39\" rel=\"nofollow noopener\" target=\"_blank\">Mann i 20-\u00e5rene d\u00f8d etter brann p\u00e5 Hamar<\/a><\/p>\n<p>    <img decoding=\"async\" alt=\"Tips oss illustrasjon\" src=\"https:\/\/www.europesays.com\/no\/wp-content\/uploads\/2026\/09\/1788250512_908_pssst-small.webp\"\/>    <\/p>\n<p class=\"title-serif-s\">Har du tips?<\/p>\n<p class=\"text-sans-m\">Send oss informasjon, bilder eller video.<\/p>\n<p>  <a href=\"https:\/\/www.vg.no\/tips-oss\" rel=\"nofollow noopener\" target=\"_blank\"> Tips oss <\/a>      <\/p>\n","protected":false},"excerpt":{"rendered":"Navnet frigis i samr\u00e5d med de p\u00e5r\u00f8rende. Oppdatert tirsdag 1. september kl. 09:03 Politiet fikk melding om brannen&hellip;\n","protected":false},"author":2,"featured_media":339828,"comment_status":"","ping_status":"","sticky":false,"template":"","format":"standard","meta":{"footnotes":"","_share_on_mastodon":"0"},"categories":[10],"tags":[31,20,21,24,25,15,22,23,13,30,28,29,14,16,26,27],"class_list":["post-339827","post","type-post","status-publish","format-standard","has-post-thumbnail","category-norge","tag-breaking","tag-breaking-news","tag-breakingnews","tag-featured-news","tag-featurednews","tag-headlines","tag-latest-news","tag-latestnews","tag-news","tag-no","tag-norge","tag-norway","tag-nyheter","tag-overskrifter","tag-top-stories","tag-topstories"],"share_on_mastodon":{"url":"https:\/\/pubeurope.com\/@no\/117194793446270643","error":""},"_links":{"self":[{"href":"https:\/\/www.europesays.com\/no\/wp-json\/wp\/v2\/posts\/339827","targetHints":{"allow":["GET"]}}],"collection":[{"href":"https:\/\/www.europesays.com\/no\/wp-json\/wp\/v2\/posts"}],"about":[{"href":"https:\/\/www.europesays.com\/no\/wp-json\/wp\/v2\/types\/post"}],"author":[{"embeddable":true,"href":"https:\/\/www.europesays.com\/no\/wp-json\/wp\/v2\/users\/2"}],"replies":[{"embeddable":true,"href":"https:\/\/www.europesays.com\/no\/wp-json\/wp\/v2\/comments?post=339827"}],"version-history":[{"count":0,"href":"https:\/\/www.europesays.com\/no\/wp-json\/wp\/v2\/posts\/339827\/revisions"}],"wp:featuredmedia":[{"embeddable":true,"href":"https:\/\/www.europesays.com\/no\/wp-json\/wp\/v2\/media\/339828"}],"wp:attachment":[{"href":"https:\/\/www.europesays.com\/no\/wp-json\/wp\/v2\/media?parent=339827"}],"wp:term":[{"taxonomy":"category","embeddable":true,"href":"https:\/\/www.europesays.com\/no\/wp-json\/wp\/v2\/categories?post=339827"},{"taxonomy":"post_tag","embeddable":true,"href":"https:\/\/www.europesays.com\/no\/wp-json\/wp\/v2\/tags?post=339827"}],"curies":[{"name":"wp","href":"https:\/\/api.w.org\/{rel}","templated":true}]}}