{"id":339833,"date":"2026-09-01T08:18:12","date_gmt":"2026-09-01T08:18:12","guid":{"rendered":"https:\/\/www.europesays.com\/no\/339833\/"},"modified":"2026-09-01T08:18:12","modified_gmt":"2026-09-01T08:18:12","slug":"heddal-kultur-i-kveld-kommer-tom-og-ingebjorgs-film-pa-tv","status":"publish","type":"post","link":"https:\/\/www.europesays.com\/no\/339833\/","title":{"rendered":"Heddal, Kultur | I kveld kommer Tom og Ingebj\u00f8rgs film p\u00e5 TV"},"content":{"rendered":"\n<p>Denne historien s\u00e5 Ingebj\u00f8rg Torgersen filmpotensial i. I kveld kan du se \u00abMannen og r\u00e5dyret\u00bb p\u00e5 NRK1 i beste sendetid.\u00a0<\/p>\n<p>Den 27 minutter lange dokumentaren handler om Tom p\u00e5 Yli, som hadde v\u00e6rt en ivrig jeger i 30 \u00e5r da han en r\u00e5dyrflokk begynte \u00e5 opps\u00f8ke foringsplassen hans i hagen. Han satt inne og observerte de vakre dyrene og begynte \u00e5 filme og fotografere dem. Dyrene ble tryggere og til slutt kunne han g\u00e5 ut p\u00e5 f\u00f4ringsplassen og bare plystre, s\u00e5 kom en flokk ut av skogen.<\/p>\n<p>   <img decoding=\"async\" width=\"1534\" height=\"885\" fetchpriority=\"low\"  loading=\"lazy\"  src=\"https:\/\/www.europesays.com\/no\/wp-content\/uploads\/2026\/09\/5_75_844261 Mannen og Ra dyret.jpeg\" alt=\"\" class=\"brick-c-cFOWSL\" style=\"--brick-image-ratio: 1534 \/ 885;\"\/><\/p>\n<p>      VED YLI: Tom Larsen er b\u00e5de en ivrig jeger og fotograf, men de senere \u00e5rene sikter han mer gjennom kameralinsa enn med gev\u00e6ret. Han bor rett ved flyplassen, hvor dette bildet er tatt. <\/p>\n<p>Tiden med r\u00e5dyrene inspirerte Tom til \u00e5 ogs\u00e5 studere andre dyr og fugler og forevige dem med kameraet. N\u00e5 gleder han og Ingebj\u00f8rg seg over \u00e5 f\u00e5 dele dem med enda flere. Bildene er stort sett tatt i Notodden og Hjartdal.\u00a0<\/p>\n<p>Her kan du lese mer om filmen \u00abMannen og r\u00e5dyret\u00bb:<\/p>\n<p>  <a href=\"https:\/\/www.telen.no\/5-75-844244\" class=\"related-teaser has-image article--c-MkAkR\" rel=\"nofollow noopener\" target=\"_blank\"><\/p>\n<p>    <img decoding=\"async\" width=\"155\"  loading=\"lazy\"  src=\"https:\/\/www.europesays.com\/no\/wp-content\/uploads\/2026\/09\/DSC_4329a.jpg\" alt=\"\" class=\"brick-c-cFOWSL\" style=\"\"\/><\/p>\n<p>\n            Les ogs\u00e5<\/p>\n<p>            M\u00f8tet mellom naturfotografen Tom og filmregiss\u00f8ren Ingebj\u00f8rg endte i en vakker film\n        <\/p>\n<p>  <\/a><\/p>\n<p>I mai i fjor hadde filmen deres premiere p\u00e5 Notodden kino til stor begeistring &#8211; og n\u00e5 har ogs\u00e5 NRK f\u00e5tt \u00f8ynene opp for den litt annerledes naturfilmen.\u00a0<\/p>\n<p>   <img decoding=\"async\" width=\"4264\" height=\"2843\" fetchpriority=\"low\"  loading=\"lazy\"  src=\"https:\/\/www.europesays.com\/no\/wp-content\/uploads\/2026\/09\/5_75_844273 6G0A8268.jpg\" alt=\"\" class=\"brick-c-cFOWSL\" style=\"--brick-image-ratio: 4264 \/ 2843;\"\/><\/p>\n<p>      NATURENS DRAMA: Tom Larsens lidenskap for fotografering og dyr, kombinert med Ingebj\u00f8rg Torgersens filmerfaring er blitt en vakker film fra Notodden og Hjartdal.<br \/>\n      Foto: Tom Larsen\n    <\/p>\n<p>&#8211; Egentlig skulle den p\u00e5 TV 8. september, men p\u00e5 grunn av kongens d\u00f8d og tronskiftet har de endret p\u00e5 en del ting &#8211; s\u00e5 n\u00e5 fikk jeg beskjed om at filmen vises allerede tirsdag kveld, forteller Ingebj\u00f8rg Torgersen, som er glad for \u00e5 ha solgt filmen til NRK, slik at enda flere f\u00e5r sett den.\u00a0<\/p>\n<p>Hvis du ikke klarer \u00e5 vente til i kveld s\u00e5 <a rel=\"Follow nofollow noopener\" href=\"https:\/\/tv.nrk.no\/program\/KOID75003926\" target=\"_blank\">ligger den allerede p\u00e5 NRK TV<\/a> fra kl. 06 i dag, hvor den kan ses helt fram til 30. april 2029.\u00a0<\/p>\n","protected":false},"excerpt":{"rendered":"Denne historien s\u00e5 Ingebj\u00f8rg Torgersen filmpotensial i. I kveld kan du se \u00abMannen og r\u00e5dyret\u00bb p\u00e5 NRK1 i&hellip;\n","protected":false},"author":2,"featured_media":339834,"comment_status":"","ping_status":"","sticky":false,"template":"","format":"standard","meta":{"footnotes":"","_share_on_mastodon":"0"},"categories":[58],"tags":[36,71,21033,4558,410,30,28,29,523,1510,72],"class_list":["post-339833","post","type-post","status-publish","format-standard","has-post-thumbnail","category-underholdning","tag-art","tag-entertainment","tag-heddal","tag-hjartdal","tag-kultur","tag-no","tag-norge","tag-norway","tag-notodden","tag-story","tag-underholdning"],"share_on_mastodon":{"url":"https:\/\/pubeurope.com\/@no\/117194804715408268","error":""},"_links":{"self":[{"href":"https:\/\/www.europesays.com\/no\/wp-json\/wp\/v2\/posts\/339833","targetHints":{"allow":["GET"]}}],"collection":[{"href":"https:\/\/www.europesays.com\/no\/wp-json\/wp\/v2\/posts"}],"about":[{"href":"https:\/\/www.europesays.com\/no\/wp-json\/wp\/v2\/types\/post"}],"author":[{"embeddable":true,"href":"https:\/\/www.europesays.com\/no\/wp-json\/wp\/v2\/users\/2"}],"replies":[{"embeddable":true,"href":"https:\/\/www.europesays.com\/no\/wp-json\/wp\/v2\/comments?post=339833"}],"version-history":[{"count":0,"href":"https:\/\/www.europesays.com\/no\/wp-json\/wp\/v2\/posts\/339833\/revisions"}],"wp:featuredmedia":[{"embeddable":true,"href":"https:\/\/www.europesays.com\/no\/wp-json\/wp\/v2\/media\/339834"}],"wp:attachment":[{"href":"https:\/\/www.europesays.com\/no\/wp-json\/wp\/v2\/media?parent=339833"}],"wp:term":[{"taxonomy":"category","embeddable":true,"href":"https:\/\/www.europesays.com\/no\/wp-json\/wp\/v2\/categories?post=339833"},{"taxonomy":"post_tag","embeddable":true,"href":"https:\/\/www.europesays.com\/no\/wp-json\/wp\/v2\/tags?post=339833"}],"curies":[{"name":"wp","href":"https:\/\/api.w.org\/{rel}","templated":true}]}}