{"id":339837,"date":"2026-09-01T08:22:10","date_gmt":"2026-09-01T08:22:10","guid":{"rendered":"https:\/\/www.europesays.com\/no\/339837\/"},"modified":"2026-09-01T08:22:10","modified_gmt":"2026-09-01T08:22:10","slug":"hoysesong-for-trafikkulykker","status":"publish","type":"post","link":"https:\/\/www.europesays.com\/no\/339837\/","title":{"rendered":"\u2013 H\u00f8ysesong for trafikkulykker"},"content":{"rendered":"<p class=\"kicker text-red color_mobile_text-red hasTextColor hasTextColorMobile\" style=\"\">41 mennesker d\u00f8de:<\/p>\n<p class=\"subtitle \" style=\"\">S\u00e5 langt i \u00e5r har 83 personer mistet livet i trafikken. Halvparten av d\u00f8dsulykkene skjedde i sommer.<\/p>\n<p>\n    Sommer er h\u00f8ysesong for ulykker i trafikken. Illustrasjonsfoto: Kyrre Lien \/ NTB\n  <\/p>\n<p>\u2013 Det viser hvorfor vi omtaler \u00e5rstiden som h\u00f8ysesong for trafikkulykker. Flere er p\u00e5 tur enn ellers i \u00e5ret, og folk kj\u00f8rer generelt fortere om sommeren. H\u00f8y fart \u00f8ker risikoen for at det skjer ulykker, sier Tanja Loftsgarden, fagdirekt\u00f8r i Trygg Trafikk.<\/p>\n<p>34 menn og 7 kvinner har mistet livet p\u00e5 norske veier i sommer.<\/p>\n<p>Trygg Trafikks tall viser at det forekom d\u00f8dsulykker i trafikken i alle landets fylker i sommer. Dette har ikke skjedd p\u00e5 ti \u00e5r.<\/p>\n<p>    <a itemprop=\"url\" href=\"https:\/\/sol.no\/nyheter\/beskjed-til-50000-nordmenn-for-jakt\/85092259\" rel=\"nofollow noopener\" target=\"_blank\"><\/p>\n<p>        Beskjed til 50.000 nordmenn f\u00f8r jakt<\/p>\n<p>sol.no<\/p>\n<p>    <\/a><\/p>\n<p>Flest d\u00f8dsulykker skjedde i Akershus og Vestland fylke, hvor det d\u00f8de seks personer i begge. I Innlandet mistet fem personer livet i trafikken i sommer.<\/p>\n<p>I perioden juni \u2013 august har 14 MC-f\u00f8rere mistet livet. Det er en nedgang fra 16 i samme periode i fjor.<\/p>\n<p>\u2013 Vi er s\u00e6rlig bekymret for MC-f\u00f8rerne, som har s\u00e5 lite beskyttelse n\u00e5r noe g\u00e5r galt \u2013 og i \u00e5r ser vi ogs\u00e5 at en st\u00f8rre andel av dem som omkom p\u00e5 MC, er unge f\u00f8rere i alderen 16 til 24 \u00e5r, sier avdelingsdirekt\u00f8r for trafikksikkerhet Guro Ranes i Statens vegvesen.<\/p>\n","protected":false},"excerpt":{"rendered":"41 mennesker d\u00f8de: S\u00e5 langt i \u00e5r har 83 personer mistet livet i trafikken. Halvparten av d\u00f8dsulykkene skjedde&hellip;\n","protected":false},"author":2,"featured_media":339838,"comment_status":"","ping_status":"","sticky":false,"template":"","format":"standard","meta":{"footnotes":"","_share_on_mastodon":"0"},"categories":[10],"tags":[20,21,576,24,25,15,736,22,23,13,30,28,29,14,16,26,27,666,3350],"class_list":["post-339837","post","type-post","status-publish","format-standard","has-post-thumbnail","category-norge","tag-breaking-news","tag-breakingnews","tag-dodsfall","tag-featured-news","tag-featurednews","tag-headlines","tag-helse","tag-latest-news","tag-latestnews","tag-news","tag-no","tag-norge","tag-norway","tag-nyheter","tag-overskrifter","tag-top-stories","tag-topstories","tag-trafikkulykke","tag-trygg-trafikk"],"share_on_mastodon":{"url":"https:\/\/pubeurope.com\/@no\/117194820424948236","error":""},"_links":{"self":[{"href":"https:\/\/www.europesays.com\/no\/wp-json\/wp\/v2\/posts\/339837","targetHints":{"allow":["GET"]}}],"collection":[{"href":"https:\/\/www.europesays.com\/no\/wp-json\/wp\/v2\/posts"}],"about":[{"href":"https:\/\/www.europesays.com\/no\/wp-json\/wp\/v2\/types\/post"}],"author":[{"embeddable":true,"href":"https:\/\/www.europesays.com\/no\/wp-json\/wp\/v2\/users\/2"}],"replies":[{"embeddable":true,"href":"https:\/\/www.europesays.com\/no\/wp-json\/wp\/v2\/comments?post=339837"}],"version-history":[{"count":0,"href":"https:\/\/www.europesays.com\/no\/wp-json\/wp\/v2\/posts\/339837\/revisions"}],"wp:featuredmedia":[{"embeddable":true,"href":"https:\/\/www.europesays.com\/no\/wp-json\/wp\/v2\/media\/339838"}],"wp:attachment":[{"href":"https:\/\/www.europesays.com\/no\/wp-json\/wp\/v2\/media?parent=339837"}],"wp:term":[{"taxonomy":"category","embeddable":true,"href":"https:\/\/www.europesays.com\/no\/wp-json\/wp\/v2\/categories?post=339837"},{"taxonomy":"post_tag","embeddable":true,"href":"https:\/\/www.europesays.com\/no\/wp-json\/wp\/v2\/tags?post=339837"}],"curies":[{"name":"wp","href":"https:\/\/api.w.org\/{rel}","templated":true}]}}