{"id":339845,"date":"2026-09-01T08:29:11","date_gmt":"2026-09-01T08:29:11","guid":{"rendered":"https:\/\/www.europesays.com\/no\/339845\/"},"modified":"2026-09-01T08:29:11","modified_gmt":"2026-09-01T08:29:11","slug":"hvem-kommer-i-kong-haralds-gravferd-dette-vet-vi","status":"publish","type":"post","link":"https:\/\/www.europesays.com\/no\/339845\/","title":{"rendered":"Hvem kommer i kong Haralds gravferd? Dette vet vi."},"content":{"rendered":"<p class=\"extendedContent hyperion-css-eyn926\" data-test-tag=\"lead-text\">UD har sendt ut invitasjoner til kong Haralds gravferd. Fire land er kun invitert p\u00e5 \u00abdiplomatisk niv\u00e5\u00bb. <\/p>\n<p><img decoding=\"async\" class=\"image-asset hyperion-css-u06ts1\" data-test-tag=\"image-asset\" src=\"https:\/\/www.europesays.com\/no\/wp-content\/uploads\/2026\/09\/96136c5f-ee10-3dbc-ab23-1971292fcef6.jpeg\"  alt=\"I dagene etter kong Haralds d\u00f8d str\u00f8mmet folk til slottsplassen. 9. september er det ventet at tusenvis vil komme til Karl Johan for \u00e5 f\u00f8lge kongens gravferd.\"  loading=\"eager\" fetchpriority=\"high\" style=\"aspect-ratio:2048 \/ 1366\"\/>I dagene etter kong Haralds d\u00f8d str\u00f8mmet folk til slottsplassen. 9. september er det ventet at tusenvis vil komme til Karl Johan for \u00e5 f\u00f8lge kongens gravferd. Foto: Ingeborg M. Aagesen \/ Aftenposten<\/p>\n<p>Publisert: 01.09.2026 09:55 |\u00a0Oppdatert: 01.09.2026 10:28<\/p>\n<p class=\"paywall hyperion-css-1j42uic\">Onsdag 9. september klokken 13 er det gravferdsseremoni for kong Harald i Oslo domkirke. <\/p>\n<p class=\"paywall hyperion-css-1j42uic\">Utenriksdepartementet venter at et \u00abbetydelig antall\u00bb kongelige, statsoverhoder og andre offisielle representanter vil delta. <\/p>\n<p class=\"hyperion-css-1qm9e9t\">Les hele saken med abonnement<\/p>\n<p>Allerede abonnent? Logg inn<\/p>\n","protected":false},"excerpt":{"rendered":"UD har sendt ut invitasjoner til kong Haralds gravferd. Fire land er kun invitert p\u00e5 \u00abdiplomatisk niv\u00e5\u00bb. I&hellip;\n","protected":false},"author":2,"featured_media":339846,"comment_status":"","ping_status":"","sticky":false,"template":"","format":"standard","meta":{"footnotes":"","_share_on_mastodon":"0"},"categories":[10],"tags":[20,21,24,25,15,22,23,13,30,28,29,14,16,26,27],"class_list":["post-339845","post","type-post","status-publish","format-standard","has-post-thumbnail","category-norge","tag-breaking-news","tag-breakingnews","tag-featured-news","tag-featurednews","tag-headlines","tag-latest-news","tag-latestnews","tag-news","tag-no","tag-norge","tag-norway","tag-nyheter","tag-overskrifter","tag-top-stories","tag-topstories"],"share_on_mastodon":{"url":"https:\/\/pubeurope.com\/@no\/117194848288597758","error":""},"_links":{"self":[{"href":"https:\/\/www.europesays.com\/no\/wp-json\/wp\/v2\/posts\/339845","targetHints":{"allow":["GET"]}}],"collection":[{"href":"https:\/\/www.europesays.com\/no\/wp-json\/wp\/v2\/posts"}],"about":[{"href":"https:\/\/www.europesays.com\/no\/wp-json\/wp\/v2\/types\/post"}],"author":[{"embeddable":true,"href":"https:\/\/www.europesays.com\/no\/wp-json\/wp\/v2\/users\/2"}],"replies":[{"embeddable":true,"href":"https:\/\/www.europesays.com\/no\/wp-json\/wp\/v2\/comments?post=339845"}],"version-history":[{"count":0,"href":"https:\/\/www.europesays.com\/no\/wp-json\/wp\/v2\/posts\/339845\/revisions"}],"wp:featuredmedia":[{"embeddable":true,"href":"https:\/\/www.europesays.com\/no\/wp-json\/wp\/v2\/media\/339846"}],"wp:attachment":[{"href":"https:\/\/www.europesays.com\/no\/wp-json\/wp\/v2\/media?parent=339845"}],"wp:term":[{"taxonomy":"category","embeddable":true,"href":"https:\/\/www.europesays.com\/no\/wp-json\/wp\/v2\/categories?post=339845"},{"taxonomy":"post_tag","embeddable":true,"href":"https:\/\/www.europesays.com\/no\/wp-json\/wp\/v2\/tags?post=339845"}],"curies":[{"name":"wp","href":"https:\/\/api.w.org\/{rel}","templated":true}]}}