{"id":339901,"date":"2026-09-01T09:23:14","date_gmt":"2026-09-01T09:23:14","guid":{"rendered":"https:\/\/www.europesays.com\/no\/339901\/"},"modified":"2026-09-01T09:23:14","modified_gmt":"2026-09-01T09:23:14","slug":"snur-etter-18-ar","status":"publish","type":"post","link":"https:\/\/www.europesays.com\/no\/339901\/","title":{"rendered":"Snur etter 18 \u00e5r"},"content":{"rendered":"<p class=\"kicker \" style=\"\">Victoria Beckham:<\/p>\n<p class=\"subtitle \" style=\"\">I snart to ti\u00e5r har Victoria Beckham fors\u00f8kt \u00e5 gj\u00f8re navnet sitt til l\u00f8nnsom butikk. N\u00e5 har hun endelig klart det.<\/p>\n<p>\n    F\u00d8RSTE OVERSKUDD: Victoria Beckham, her sammen med sin David, p\u00e5 premieren av Netflix-serien \u00abVictoria Beckham\u00bb i London 8. oktober 2025. Foto: Scott A Garfitt \/ Invision \/ AP\n  <\/p>\n<p>    Kort fortalt<\/p>\n<p lang=\"nb-NO\">Victoria Beckham tjener endelig penger.<\/p>\n<p lang=\"nb-NO\">Moteselskapet fikk overskudd i 2025.<\/p>\n<p lang=\"nb-NO\">Resultatet var rundt 95 millioner kroner.<\/p>\n<p lang=\"nb-NO\">Netflix-dokumentaren bidro til \u00f8kt salg.<\/p>\n<p class=\"italic ai-disclaimer\" data-lab-italic=\"italic\">Sammendraget er laget av ChatGPT og godkjent av B\u00f8rsen.<\/p>\n<p>      Vis mer<br \/>\n      Vis mindre<\/p>\n<p> For f\u00f8rste gang siden Victoria Beckham startet klesmerket Victoria Beckham i 2008, har selskapet g\u00e5tt med overskudd. <\/p>\n<p>Regnskapet for 2025 viser et resultat p\u00e5 rundt 95 millioner kroner.<\/p>\n<p class=\"font-weight-bold m-font-weight-bold\" data-lab-font_weight=\"font-weight-bold\">&#8211; Vi har alle jobbet hardt i lang tid for dette \u00f8yeblikket med l\u00f8nnsomhet og vekst, sier Beckham til <a href=\"https:\/\/www.ft.com\/content\/94b17d45-0a07-41e0-9597-57ca8918b8bd?syn-25a6b1a6=1\" rel=\"nofollow noopener\" target=\"_blank\">Financial Times<\/a>.<\/p>\n<p>        <img loading=\"lazy\" decoding=\"async\" src=\"https:\/\/www.europesays.com\/no\/wp-content\/uploads\/2026\/09\/85092192.webp\" width=\"686\" height=\"789\" alt=\"\" class=\"\" style=\"--aspect-ratio-image: 0.87; \"\/><\/p>\n<p>\n        MOR OG DATTER: Victoria Beckham og datteren Harper under seremonien der David Beckham fikk sin stjerne p\u00e5 Hollywood Walk of Fame i Los Angeles 12. juni 2026. Foto: Matt Baron \/ BEI \/ Shutterstock\n    <\/p>\n<p>Fra Spice Girls til luksus\t<\/p>\n<p>Victoria Beckham slo f\u00f8rst gjennom som \u00abPosh Spice\u00bb i Spice Girls, men bygget etter hvert en ny karriere i motebransjen.<\/p>\n<p>I 2008 lanserte hun sitt eget motemerke. Elleve \u00e5r senere ble virksomheten utvidet med skj\u00f8nnhetsprodukter.<\/p>\n<p>Pengene har imidlertid latt vente p\u00e5 seg.<\/p>\n<p>    Victoria Beckham:<\/p>\n<ul>\n<li class=\"lab-bodytext-line\">Victoria Beckham er et britisk luksusmerke grunnlagt av Victoria Beckham i 2008.<\/li>\n<li class=\"lab-bodytext-line\">Merket startet med kjoler, og sortimentet omfatter i dag blant annet kl\u00e6r, sko, vesker og solbriller.<\/li>\n<li class=\"lab-bodytext-line\">I 2019 ble virksomheten utvidet med skj\u00f8nnhetsmerket Victoria Beckham Beauty. <\/li>\n<li class=\"lab-bodytext-line\">Victoria Beckham Holdings omsatte for 129,8 millioner pund i 2025 og leverte sitt f\u00f8rste driftsoverskudd siden oppstarten.<\/li>\n<\/ul>\n<p>      Vis mer<br \/>\n      Vis mindre<\/p>\n<p>Selskapet har i perioder g\u00e5tt med titalls millioner i underskudd.<\/p>\n<p>N\u00e5 mener Beckham at ogs\u00e5 synet p\u00e5 selskapet har endret seg.<\/p>\n<p class=\"font-weight-bold m-font-weight-bold\" data-lab-font_weight=\"font-weight-bold\">&#8211; Etter 20 \u00e5r ser folk ikke lenger p\u00e5 merkevaren min som en kjendismerkevare, sier hun.<\/p>\n<p>    <a itemprop=\"url\" href=\"https:\/\/borsen.dagbladet.no\/nyheter\/takker-for-turen\/85064770\" rel=\"nofollow noopener\" target=\"_blank\"><\/p>\n<p>        <img loading=\"lazy\" decoding=\"async\" src=\"https:\/\/www.europesays.com\/no\/wp-content\/uploads\/2026\/09\/85077853.webp\" width=\"180\" height=\"81\" alt=\"\" class=\"lazyload\" style=\"--aspect-ratio-image: 2.22; \"\/><\/p>\n<p>        Nav-brev ble dr\u00e5pen: Sa opp etter 40 \u00e5r<\/p>\n<p>    <\/a><\/p>\n<p>Netflix ga drahjelp\t<\/p>\n<p>Fjor\u00e5rets Netflix-dokumentar om Beckham og selskapets lange kamp for \u00e5 tjene penger skal ogs\u00e5 ha gitt butikkene drahjelp.<\/p>\n<p>If\u00f8lge regnskapet bidro dokumentaren til \u00f8kt salg. Motedelen leverte tosifret vekst i 2025, mens skj\u00f8nnhetsvirksomheten hadde et av sine sterkeste \u00e5r hittil.<\/p>\n<p>Selskapets toppsjef Sybille Darricarr\u00e8re Lunel omtaler det f\u00f8rste driftsoverskuddet som en milep\u00e6l.<\/p>\n","protected":false},"excerpt":{"rendered":"Victoria Beckham: I snart to ti\u00e5r har Victoria Beckham fors\u00f8kt \u00e5 gj\u00f8re navnet sitt til l\u00f8nnsom butikk. N\u00e5&hellip;\n","protected":false},"author":2,"featured_media":339902,"comment_status":"","ping_status":"","sticky":false,"template":"","format":"standard","meta":{"footnotes":"","_share_on_mastodon":"0"},"categories":[58],"tags":[6080,71,30,28,29,14,72,6081],"class_list":["post-339901","post","type-post","status-publish","format-standard","has-post-thumbnail","category-underholdning","tag-david-beckham","tag-entertainment","tag-no","tag-norge","tag-norway","tag-nyheter","tag-underholdning","tag-victoria-beckham"],"share_on_mastodon":{"url":"https:\/\/pubeurope.com\/@no\/117195060211977916","error":""},"_links":{"self":[{"href":"https:\/\/www.europesays.com\/no\/wp-json\/wp\/v2\/posts\/339901","targetHints":{"allow":["GET"]}}],"collection":[{"href":"https:\/\/www.europesays.com\/no\/wp-json\/wp\/v2\/posts"}],"about":[{"href":"https:\/\/www.europesays.com\/no\/wp-json\/wp\/v2\/types\/post"}],"author":[{"embeddable":true,"href":"https:\/\/www.europesays.com\/no\/wp-json\/wp\/v2\/users\/2"}],"replies":[{"embeddable":true,"href":"https:\/\/www.europesays.com\/no\/wp-json\/wp\/v2\/comments?post=339901"}],"version-history":[{"count":0,"href":"https:\/\/www.europesays.com\/no\/wp-json\/wp\/v2\/posts\/339901\/revisions"}],"wp:featuredmedia":[{"embeddable":true,"href":"https:\/\/www.europesays.com\/no\/wp-json\/wp\/v2\/media\/339902"}],"wp:attachment":[{"href":"https:\/\/www.europesays.com\/no\/wp-json\/wp\/v2\/media?parent=339901"}],"wp:term":[{"taxonomy":"category","embeddable":true,"href":"https:\/\/www.europesays.com\/no\/wp-json\/wp\/v2\/categories?post=339901"},{"taxonomy":"post_tag","embeddable":true,"href":"https:\/\/www.europesays.com\/no\/wp-json\/wp\/v2\/tags?post=339901"}],"curies":[{"name":"wp","href":"https:\/\/api.w.org\/{rel}","templated":true}]}}