{"id":339947,"date":"2026-09-01T10:26:16","date_gmt":"2026-09-01T10:26:16","guid":{"rendered":"https:\/\/www.europesays.com\/no\/339947\/"},"modified":"2026-09-01T10:26:16","modified_gmt":"2026-09-01T10:26:16","slug":"finneas-oconnell-29-er-gift","status":"publish","type":"post","link":"https:\/\/www.europesays.com\/no\/339947\/","title":{"rendered":"Finneas O&#8217;Connell (29) er gift"},"content":{"rendered":"<p>Artist og produsent Finneas O\u2019Connell har giftet seg med Youtube-stjerne og programleder Claudia Sulewski (30) etter \u00e5 ha v\u00e6rt sammen siden 2018.\u00a0<\/p>\n<p>Bryllupet fant sted l\u00f8rdag 29. august i California.<\/p>\n<p>Finneas&#8217; verdenskjente lilles\u00f8ster, Billie Eilish, hadde den \u00e6refulle rollen med \u00e5 lede og vie paret, if\u00f8lge <a href=\"https:\/\/pagesix.com\/2026\/08\/31\/celebrity-news\/billie-eilish-officiates-brother-finneas-star-studded-wedding-to-claudia-sulewski\/\" rel=\"nofollow noopener\" target=\"_blank\">Page Six<\/a>.\u00a0<\/p>\n<p>Paret m\u00f8ttes opprinnelig p\u00e5 en datingapp i 2018, if\u00f8lge <a href=\"https:\/\/people.com\/finneas-marries-longtime-girlfriend-claudia-sulewski-in-montecito-11877555\" rel=\"nofollow noopener\" target=\"_blank\">People<\/a>. <\/p>\n<p>Musikeren har tidligere fortalt at han skrev kj\u00e6rlighetsl\u00e5ten \u00abClaudia\u00bb til henne allerede samme kveld som deres f\u00f8rste date. I september i fjor gikk han ned p\u00e5 kne etter syv \u00e5r sammen.<\/p>\n<p>Sulewski har over to millioner f\u00f8lgere p\u00e5 YouTube og jobber som programleder og skuespiller.<\/p>\n<p>        <img class=\"image__img lazyload\" itemprop=\"image\" title=\"Foto: Chris Pizzello \/ NTB\" alt=\"PRISDRYSS: S\u00f8skenduoen har vunnet enorme mengder priser for sin musikk. Her fra \u00e5rets \u00abGrammy Awards\u00bb Foto: Chris Pizzello \/ NTB\" width=\"675\" height=\"379\" bad-src=\"https:\/\/www.europesays.com\/no\/wp-content\/uploads\/2026\/09\/19183409.webp\" fetchpriority=\"auto\" \/><\/p>\n<p>      PRISDRYSS: S\u00f8skenduoen har vunnet enorme mengder priser for sin musikk. Her fra \u00e5rets \u00abGrammy Awards\u00bb<br \/>\n         Foto: Chris Pizzello \/ NTB<\/p>\n<p>O\u2019Connell er kanskje best kjent som Billie Eilish sin faste samarbeidspartner og produsent. Sammen har s\u00f8skenduoen sanket inn en rekke Grammy-priser, samt to Oscar-statuetter for filmmusikk til James Bond og Barbie.<\/p>\n<p>B\u00e5de Billie Eilish og Finneas O\u2019Connell bes\u00f8kte Norge under sine turneer i fjor.\u00a0<\/p>\n","protected":false},"excerpt":{"rendered":"Artist og produsent Finneas O\u2019Connell har giftet seg med Youtube-stjerne og programleder Claudia Sulewski (30) etter \u00e5 ha&hellip;\n","protected":false},"author":2,"featured_media":339948,"comment_status":"","ping_status":"","sticky":false,"template":"","format":"standard","meta":{"footnotes":"","_share_on_mastodon":"0"},"categories":[58],"tags":[71,30,28,29,72],"class_list":["post-339947","post","type-post","status-publish","format-standard","has-post-thumbnail","category-underholdning","tag-entertainment","tag-no","tag-norge","tag-norway","tag-underholdning"],"share_on_mastodon":{"url":"https:\/\/pubeurope.com\/@no\/117195308147698927","error":""},"_links":{"self":[{"href":"https:\/\/www.europesays.com\/no\/wp-json\/wp\/v2\/posts\/339947","targetHints":{"allow":["GET"]}}],"collection":[{"href":"https:\/\/www.europesays.com\/no\/wp-json\/wp\/v2\/posts"}],"about":[{"href":"https:\/\/www.europesays.com\/no\/wp-json\/wp\/v2\/types\/post"}],"author":[{"embeddable":true,"href":"https:\/\/www.europesays.com\/no\/wp-json\/wp\/v2\/users\/2"}],"replies":[{"embeddable":true,"href":"https:\/\/www.europesays.com\/no\/wp-json\/wp\/v2\/comments?post=339947"}],"version-history":[{"count":0,"href":"https:\/\/www.europesays.com\/no\/wp-json\/wp\/v2\/posts\/339947\/revisions"}],"wp:featuredmedia":[{"embeddable":true,"href":"https:\/\/www.europesays.com\/no\/wp-json\/wp\/v2\/media\/339948"}],"wp:attachment":[{"href":"https:\/\/www.europesays.com\/no\/wp-json\/wp\/v2\/media?parent=339947"}],"wp:term":[{"taxonomy":"category","embeddable":true,"href":"https:\/\/www.europesays.com\/no\/wp-json\/wp\/v2\/categories?post=339947"},{"taxonomy":"post_tag","embeddable":true,"href":"https:\/\/www.europesays.com\/no\/wp-json\/wp\/v2\/tags?post=339947"}],"curies":[{"name":"wp","href":"https:\/\/api.w.org\/{rel}","templated":true}]}}