{"id":339961,"date":"2026-09-01T10:41:20","date_gmt":"2026-09-01T10:41:20","guid":{"rendered":"https:\/\/www.europesays.com\/no\/339961\/"},"modified":"2026-09-01T10:41:20","modified_gmt":"2026-09-01T10:41:20","slug":"gigi-hadid-apner-opp-om-forholdet-til-bradley-cooper","status":"publish","type":"post","link":"https:\/\/www.europesays.com\/no\/339961\/","title":{"rendered":"Gigi Hadid \u00e5pner opp om forholdet til Bradley Cooper"},"content":{"rendered":"<p class=\"kicker \" style=\"\">Gigi Hadid og Bradley Cooper:\u00a0<\/p>\n<p class=\"subtitle \" style=\"\">De har v\u00e6rt et av Hollywoods heteste par siden ryktene begynte \u00e5 ulme. N\u00e5 letter supermodellen p\u00e5 sl\u00f8ret om kj\u00e6rlighetslivet.\u00a0<\/p>\n<p>\n    ROMANTIKKEN BLOMSTRER: Gigi Hadid og Bradley Cooper ser ut til \u00e5 stortrives i hverandres selskap. N\u00e5 deler f\u00f8rstnevnte om sin utk\u00e5rede. Foto: Skjermbilde fra Instagram \/ @gigihadid\n  <\/p>\n<p>Romanseryktene mellom Gigi Hadid (31) og Bradley Cooper (51)\u00a0 startet allerede i 2023. Siden den gang har forholdet utviklet seg med stormskritt &#8211; og medier verden over omtaler turtelduene som et av Hollywoods heteste par.<\/p>\n<p class=\"font-weight-bold m-font-weight-bold\" data-lab-font_weight=\"font-weight-bold\">Stjerneduoen har imidlertid delt lite om forholdet med offentligheten -helt til n\u00e5.\u00a0<\/p>\n<p class=\"font-weight-normal m-font-weight-normal\" data-lab-font_weight=\"font-weight-normal\">N\u00e5 \u00e5pner nemlig supermodellen opp om forholdet i et nytt intervju med <a href=\"https:\/\/www.vogue.fr\/article\/gigi-hadid-interview-cover-girl-septembre?utm_source=sdrn%3Aaftonbladet%3Aarticle%3A43XMMV\" rel=\"nofollow noopener\" target=\"_blank\">franske Vogue.<\/a><\/p>\n<p>&#8211; Det viktigste er \u00e5 ha noen som st\u00f8tter deg, og som hjelper deg \u00e5 holde beina p\u00e5 jorda, sier 31-\u00e5ringen til motemagasinet.<\/p>\n<p>\u00abS\u00e5 heldig\u00bb\t<\/p>\n<p>Det var f\u00f8rst i mai 2025 at Hadid og Cooper endelig bekreftet forholdet sitt. Det gjorde de i et<a href=\"https:\/\/www.instagram.com\/gigihadid\/\" rel=\"nofollow noopener\" target=\"_blank\"> Instagram-innlegg<\/a> p\u00e5 modellens 30-\u00e5rsdag.\u00a0<\/p>\n<p class=\"font-weight-bold m-font-weight-bold\" data-lab-font_weight=\"font-weight-bold\">\u00abJeg f\u00f8ler meg s\u00e5 heldig som er 30! Jeg er s\u00e5 heldig som f\u00e5r v\u00e6re mor, venn, partner, s\u00f8ster, datter og kollega til noen av de mest utrolige menneskene\u00bb, skrev Hadid i bildeteksten.<\/p>\n<p>    <a itemprop=\"url\" href=\"https:\/\/www.seher.no\/kjendis\/gjorde-meg-kvalm\/84458660\" rel=\"nofollow noopener\" target=\"_blank\"><\/p>\n<p>        <img loading=\"lazy\" decoding=\"async\" src=\"https:\/\/www.europesays.com\/no\/wp-content\/uploads\/2026\/09\/84458853.webp\" width=\"180\" height=\"81\" alt=\"\" class=\"lazyload\" style=\"--aspect-ratio-image: 2.22; \"\/><\/p>\n<p>        &#8211; Gjorde meg kvalm<\/p>\n<p>    <\/a><\/p>\n<p>Innlegget viste paret i het omfavnelse bak en gigantisk bursdagskake &#8211; og kommentarfeltet tok helt av etter publiseringen.<\/p>\n<p>        <img loading=\"lazy\" decoding=\"async\" src=\"https:\/\/www.europesays.com\/no\/wp-content\/uploads\/2026\/09\/85092239.webp\" width=\"686\" height=\"673\" alt=\"\" class=\"\" style=\"--aspect-ratio-image: 1.02; \"\/><\/p>\n<p>\n        KLINTE TIL: Gigi Hadid ga Bradley Cooper et stort smask i anledning hennes 30-\u00e5rsdag i fjor. Bildet satte fort fyr p\u00e5 internett. Foto: Skjermdump Instagram \/ gigihadid\n    <\/p>\n<p class=\"font-weight-normal m-font-weight-normal\" data-lab-font_weight=\"font-weight-normal\">Siden den gang har den hete duoen blitt en enda st\u00f8rre snakkis &#8211; og n\u00e5 bretter hun alts\u00e5 \u00e5pent og varmt ut om sin utk\u00e5rede.<\/p>\n<p>&#8211; Skiller seg ut\u00a0\t<\/p>\n<p>Overfor franske Vogue f\u00e5r Hadid sp\u00f8rsm\u00e5l om hva hun synes kjennetegner et godt forhold &#8211; og om hvordan hun og Cooper snakker sammen om hverandres yrker.<\/p>\n<p>Cooper er nemlig skuespiller og regiss\u00f8r, godt kjent for sine roller i \u00abThe Hangover\u00bb-trilogien, samt \u00abA Star Is Born\u00bb, \u00abAmerican Sniper\u00bb og \u00abThe A-Team\u00bb, mens Hadid p\u00e5 sin side er en av verdens mest suksessrike og ettertraktede supermodeller.\u00a0<\/p>\n<p>    <a itemprop=\"url\" href=\"https:\/\/www.seher.no\/kjendis\/rykteflom-etter-dette\/84972880\" rel=\"nofollow noopener\" target=\"_blank\"><\/p>\n<p>        <img loading=\"lazy\" decoding=\"async\" src=\"https:\/\/www.europesays.com\/no\/wp-content\/uploads\/2026\/09\/84972931.webp\" width=\"180\" height=\"81\" alt=\"\" class=\"lazyload\" style=\"--aspect-ratio-image: 2.22; \"\/><\/p>\n<p>        Rykteflom etter dette<\/p>\n<p>    <\/a><\/p>\n<p>31-\u00e5ringen ble blant annet k\u00e5ret til\u00a0\u00abInternational Model of the Year\u00bb av\u00a0<a href=\"https:\/\/www.britishfashioncouncil.co.uk\/\" target=\"_blank\" rel=\"nofollow noopener\">British Fashion Council<\/a>\u00a0i 2016 &#8211; og har ogs\u00e5 jobbet for giganter som Chanel, Versace, Marc Jacobs og Victoria\u2019s Secret.<\/p>\n<p>        <img loading=\"lazy\" decoding=\"async\" src=\"https:\/\/www.europesays.com\/no\/wp-content\/uploads\/2026\/09\/85092618.webp\" width=\"688\" height=\"393\" alt=\"\" class=\"\" style=\"--aspect-ratio-image: 1.75; \"\/><\/p>\n<p>\n        CAT WALK: Gigi Hadid har utallige ganger str\u00e5let p\u00e5 catwalks og r\u00f8de l\u00f8pere. Her fra et Victoria&#8217;s Secret-show i 2025. Foto: REUTERS \/ McDermid\n    <\/p>\n<p class=\"font-weight-bold m-font-weight-bold\" data-lab-font_weight=\"font-weight-bold\">&#8211; Det flotte med forholdet jeg er i n\u00e5, og som gj\u00f8r at det skiller seg s\u00e5nn ut fra forholdene jeg har v\u00e6rt i tidligere, er at vi kan v\u00e6re helt \u00e6rlige med hverandre. Vi kan si det vi tenker i det \u00f8yeblikket vi tenker det, uten problem, forteller hun \u00e5pent.<\/p>\n<p>Videre sier 31-\u00e5ringen at hun gjerne snakker om jobbhverdagen sin med sin utk\u00e5rede &#8211; til tross for at de har ganske forskjellige jobber.<\/p>\n<p>        <img loading=\"lazy\" decoding=\"async\" src=\"https:\/\/www.europesays.com\/no\/wp-content\/uploads\/2026\/09\/85092243.webp\" width=\"688\" height=\"393\" alt=\"\" class=\"\" style=\"--aspect-ratio-image: 1.75; \"\/><\/p>\n<p>\n        FORELSKET: Gigi Hadid og Bradley Cooper blir gjentatte ganger avbildet i hete omfavnelser. Foto: NTB\n    <\/p>\n<p>&#8211; Har tro p\u00e5 meg\t<\/p>\n<p>Gjennom intervjuet med det franske motemagasinet virker Hadid oppetter \u00f8rene forelsket. Hun har ogs\u00e5 tidligere sagt til amerikanske\u00a0<a href=\"https:\/\/www.vogue.com\/article\/gigi-hadid-april-cover-2025-interview\" style=\"font-size: 18px; font-weight: 400; font-family: Lato, helvetica, arial, sans-serif;\" rel=\"nofollow noopener\" target=\"_blank\">Vogue<\/a>\u00a0at relasjonen deres er \u00abveldig romantisk og lykkelig\u00bb.\u00a0<\/p>\n<p class=\"font-weight-normal m-font-weight-normal\" data-lab-font_weight=\"font-weight-normal\">&#8211; Bradley gir meg s\u00e5 mye oppmuntring og han har s\u00e5 tro p\u00e5 meg. N\u00e5r folk du beundrer oppmuntrer deg, gir det deg umiddelbart bedre tro p\u00e5 deg selv ogs\u00e5, sa hun den gang.\u00a0<\/p>\n<p>        <img loading=\"lazy\" decoding=\"async\" src=\"https:\/\/www.europesays.com\/no\/wp-content\/uploads\/2026\/09\/85092408.webp\" width=\"667\" height=\"894\" alt=\"\" class=\"\" style=\"--aspect-ratio-image: 0.75; \"\/><\/p>\n<p>\n        SUPER-PAR: Cooper og Hadid er begge verdenskjente stjerner p\u00e5 hvert sitt felt. N\u00e5 tar de rampelyset med storm &#8211; sammen. Foto: Kevy \/ Backgrid \/ NTB\n    <\/p>\n<p>Det siste halv\u00e5ret har Hollywood sett stadig mer til turtelduene.\u00a0<\/p>\n<p>Tidligere i august ble de dessuten observert i kj\u00e6rlighetens by, Paris &#8211; og d\u00e9t ga virkelig vann p\u00e5 m\u00f8lla til rykteb\u00f8rsen.\u00a0<\/p>\n<p>        BLOMSTRING: Modell og kjendisdatter Delilah Belle har blitt voksen, og sammenlignes n\u00e5 med Gigi Hadid.<\/p>\n<p>Gjorde det i hemmelighet\t<\/p>\n<p>I de franske gater ble nemlig paret sett med matchende ringer, noe som f\u00f8rte til saftige rykter om at paret hadde giftet seg i all hemmelighet.\u00a0\u00a0<\/p>\n<p>        <img loading=\"lazy\" decoding=\"async\" src=\"https:\/\/www.europesays.com\/no\/wp-content\/uploads\/2026\/09\/85092306.webp\" width=\"667\" height=\"1001\" alt=\"\" class=\"\" style=\"--aspect-ratio-image: 0.67; \"\/><\/p>\n<p>\n        RYKTEFLOM: Dette er et av bildene av stjernene i Paris som har f\u00e5tt flere til \u00e5 lure p\u00e5 om paret har giftet seg. Foto: Aissaoui Nacer \/ SplashNews.com \/ NTB\n    <\/p>\n<p>If\u00f8lge\u00a0<a href=\"https:\/\/pagesix.com\/2026\/08\/04\/style\/details-on-bradley-cooper-and-gigi-hadid-matching-wedding-rings\/\" rel=\"nofollow noopener\" target=\"_blank\">Page Six<\/a>\u00a0er det en giftering fra det franske luksusmerket Boucheron til rundt 6450 dollar, alts\u00e5 rundt 60 000 norske kroner, som prydet supermodellens venstre ringfinger.<\/p>\n<p>        <img loading=\"lazy\" decoding=\"async\" src=\"https:\/\/www.europesays.com\/no\/wp-content\/uploads\/2026\/09\/1788259277_133_85092306.webp\" width=\"667\" height=\"447\" alt=\"\" class=\"\" style=\"--aspect-ratio-image: 1.49; \"\/><\/p>\n<p>\n        KAN DET V\u00c6RE? Denne ringen prydet modellens venstreh\u00e5nd under oppholdet i Paris &#8211; og satte umiddelbart fart p\u00e5 ekteskapsryktene. Foto: Aissaoui Nacer \/ SplashNews.com \/ NTB\n    <\/p>\n<p>Bradley p\u00e5 sin side hadde valgt ut en annen modell fra samme merke til 2120 dollar, tilsvarende 20 000 norske kroner.<\/p>\n<p>        <img loading=\"lazy\" decoding=\"async\" src=\"https:\/\/www.europesays.com\/no\/wp-content\/uploads\/2026\/09\/85092338.webp\" width=\"688\" height=\"393\" alt=\"\" class=\"\" style=\"--aspect-ratio-image: 1.75; \"\/><\/p>\n<p>\n        BRADLEYS RING: Den Oscar-nominerte skuespilleren hadde ogs\u00e5 ring p\u00e5 fingeren under deres romantiske tur til Paris. Foto: Aissaoui Nacer \/ SplashNews.com \/ NTB\n    <\/p>\n<p>Hverken Hadid eller Cooper har kommentert ekteskapsryktene.\u00a0<\/p>\n<p class=\"font-weight-bold m-font-weight-bold\" data-lab-font_weight=\"font-weight-bold\">Men if\u00f8lge den britiske avisen\u00a0<a href=\"https:\/\/www.the-sun.com\/entertainment\/16794474\/bradley-cooper-gigi-hadid-secret-wedding-paris-rings\/\" rel=\"nofollow noopener\" target=\"_blank\">The Sun<\/a>\u00a0fortalte\u00a0en kilde n\u00e6r paret at\u00a0de hadde giftet seg i New York i juli.<\/p>\n<p>&#8211; Det var en middag med Bradley og Gigi i New York i forrige uke, og det snakkes mye om at det hadde med et bryllup \u00e5 gj\u00f8re. N\u00e5 har de blitt sett ute med vielsesringer, s\u00e5 det virker som de har giftet seg i stillhet, sa kilden til avisen i starten av august.\u00a0<\/p>\n<p>        <img loading=\"lazy\" decoding=\"async\" src=\"https:\/\/www.europesays.com\/no\/wp-content\/uploads\/2026\/09\/85092240.webp\" width=\"667\" height=\"381\" alt=\"\" class=\"\" style=\"--aspect-ratio-image: 1.75; \"\/><\/p>\n<p>\n        TATT P\u00c5 FERSKEN: Stjerneparet ble lagt merke til av utallige fans under sommerens Paris-tur. Her tar Cooper seg tiden til \u00e5 hilse p\u00e5 flere fans. Foto: NTB\n    <\/p>\n<p>Travle dager\t<\/p>\n<p>I tillegg til at kj\u00e6rligheten later til \u00e5 blomstre mellom duoen, er de begge sv\u00e6rt opptatte.\u00a0 Cooper er blant annet i gang med \u00e5 spille inn forl\u00f8peren til storfilmen \u00abOcean&#8217;s Eleven\u00bb fra 2001, mens Hadid har flere modelloppdrag.<\/p>\n<p>    <a itemprop=\"url\" href=\"https:\/\/www.seher.no\/kjendis\/deler-private-bilder\/84890494\" rel=\"nofollow noopener\" target=\"_blank\"><\/p>\n<p>        <img loading=\"lazy\" decoding=\"async\" src=\"https:\/\/www.europesays.com\/no\/wp-content\/uploads\/2026\/09\/84890505.webp\" width=\"180\" height=\"81\" alt=\"\" class=\"lazyload\" style=\"--aspect-ratio-image: 2.22; \"\/><\/p>\n<p>        Deler private bilder<\/p>\n<p>    <\/a><\/p>\n<p class=\"font-weight-bold m-font-weight-bold\" data-lab-font_weight=\"font-weight-bold\">Begge stjernene har desssuten barn fra tidligere forhold, og derav mer enn nok av travle dager.<\/p>\n<p>Hadid har datteren Khai (5) med ekskj\u00e6resten og tidligere One Direction-stjerne Zayn Malik (33), mens Cooper har datteren Lea De Seine (9) med sin tidligere kj\u00e6reste, modellen Irina Shayk (40).<\/p>\n<p> &#8211; Jeg har det s\u00e5 bra p\u00e5 s\u00e5 mange m\u00e5ter n\u00e5. Jeg elsker hverdagen, skrev Hadid\u00a0<a href=\"https:\/\/www.instagram.com\/gigihadid\/\" rel=\"nofollow noopener\" target=\"_blank\">p\u00e5 Instagram<\/a>\u00a0i august. <\/p>\n<p>        <img loading=\"lazy\" decoding=\"async\" src=\"https:\/\/www.europesays.com\/no\/wp-content\/uploads\/2026\/09\/85092613.webp\" width=\"667\" height=\"514\" alt=\"\" class=\"\" style=\"--aspect-ratio-image: 1.30; \"\/><\/p>\n<p>\n        MOR: Her er Gigi avbildet med datteren Khai tidligere i \u00e5r. Foto: Skjermbilde fra Instagram \/ @gigihadid\n    <\/p>\n<p>\u00a0<\/p>\n<p><script async src=\"\/\/www.instagram.com\/embed.js\"><\/script><\/p>\n","protected":false},"excerpt":{"rendered":"Gigi Hadid og Bradley Cooper:\u00a0 De har v\u00e6rt et av Hollywoods heteste par siden ryktene begynte \u00e5 ulme.&hellip;\n","protected":false},"author":2,"featured_media":339962,"comment_status":"","ping_status":"","sticky":false,"template":"","format":"standard","meta":{"footnotes":"","_share_on_mastodon":"0"},"categories":[58],"tags":[15495,9224,71,4785,9084,80,479,2543,30,28,29,72],"class_list":["post-339961","post","type-post","status-publish","format-standard","has-post-thumbnail","category-underholdning","tag-bradley-cooper","tag-ektepar","tag-entertainment","tag-gift","tag-gigi-hadid","tag-hollywood","tag-kjendis","tag-kjendisdesken","tag-no","tag-norge","tag-norway","tag-underholdning"],"share_on_mastodon":{"url":"https:\/\/pubeurope.com\/@no\/117195368133599847","error":""},"_links":{"self":[{"href":"https:\/\/www.europesays.com\/no\/wp-json\/wp\/v2\/posts\/339961","targetHints":{"allow":["GET"]}}],"collection":[{"href":"https:\/\/www.europesays.com\/no\/wp-json\/wp\/v2\/posts"}],"about":[{"href":"https:\/\/www.europesays.com\/no\/wp-json\/wp\/v2\/types\/post"}],"author":[{"embeddable":true,"href":"https:\/\/www.europesays.com\/no\/wp-json\/wp\/v2\/users\/2"}],"replies":[{"embeddable":true,"href":"https:\/\/www.europesays.com\/no\/wp-json\/wp\/v2\/comments?post=339961"}],"version-history":[{"count":0,"href":"https:\/\/www.europesays.com\/no\/wp-json\/wp\/v2\/posts\/339961\/revisions"}],"wp:featuredmedia":[{"embeddable":true,"href":"https:\/\/www.europesays.com\/no\/wp-json\/wp\/v2\/media\/339962"}],"wp:attachment":[{"href":"https:\/\/www.europesays.com\/no\/wp-json\/wp\/v2\/media?parent=339961"}],"wp:term":[{"taxonomy":"category","embeddable":true,"href":"https:\/\/www.europesays.com\/no\/wp-json\/wp\/v2\/categories?post=339961"},{"taxonomy":"post_tag","embeddable":true,"href":"https:\/\/www.europesays.com\/no\/wp-json\/wp\/v2\/tags?post=339961"}],"curies":[{"name":"wp","href":"https:\/\/api.w.org\/{rel}","templated":true}]}}