{"id":339983,"date":"2026-09-01T11:02:08","date_gmt":"2026-09-01T11:02:08","guid":{"rendered":"https:\/\/www.europesays.com\/no\/339983\/"},"modified":"2026-09-01T11:02:08","modified_gmt":"2026-09-01T11:02:08","slug":"fornybarsjef-ekstremt-sarbare-e24","status":"publish","type":"post","link":"https:\/\/www.europesays.com\/no\/339983\/","title":{"rendered":"Fornybarsjef: \u2013 Ekstremt s\u00e5rbare \u2013 E24"},"content":{"rendered":"\n<p>Oppsummeringen er laget med kunstig intelligens og kvalitetssikret av E24s journalister.<\/p>\n<ul class=\"_list_16k26_3 _list_tj395_103 _unordered_16k26_103 _textTheme_1yhmn_1 body-small\">\n<li class=\"_item_16k26_63\">Wind Europe-sjefen mener Europa m\u00e5 sette fart p\u00e5 utbyggingen av vindkraft, og mener at det spesielt g\u00e5r for sakte med havvind.<\/li>\n<li class=\"_item_16k26_63\">Forstyrrelsene i Hormuzstredet har \u00f8kt EUs kostnader ved fossilimport. EU-kommisjonen vil ha mer str\u00f8m i energimiksen for \u00e5 f\u00e5 ned regningen og sikre industriens konkurranseevne.<\/li>\n<li class=\"_item_16k26_63\">Raskere utbygging av fornybar energi kan if\u00f8lge Wind Europe-studie spare Europa for 1.600 milliarder euro innen 2050 sammenlignet med en treg omstilling.<\/li>\n<\/ul>\n<p>Vis mer  <\/p>\n<p class=\"_textTheme_1yhmn_1 _paragraph_16k26_4 _paragraph_3ue4t_27 layout-component layout-normal layout-padded body-medium\">Under olje- og energimessen ONS i Stavanger var <a href=\"https:\/\/e24.no\/energi-og-klima\/i\/oE8yag\/tysk-kjempeavtale-for-equinor\" class=\"_link_16k26_32\" rel=\"nofollow noopener\" target=\"_blank\">mange olje- og gasstopper<\/a> enige om at <a href=\"https:\/\/e24.no\/energi-og-klima\/i\/43XPPq\/kan-bli-ny-oljestrid-vil-lete-utenfor-roest\" class=\"_link_16k26_32\" rel=\"nofollow noopener\" target=\"_blank\">Europa trenger norsk olje og gass<\/a> i lang tid fremover.<\/p>\n<p class=\"_textTheme_1yhmn_1 _paragraph_16k26_4 _paragraph_3ue4t_27 layout-component layout-normal layout-padded body-medium\">Men Europas betydelige <a href=\"https:\/\/energy.ec.europa.eu\/news\/focus-eu-energy-security-explained-2026-04-20_en\" class=\"_link_16k26_32\" rel=\"nofollow noopener\" target=\"_blank\">avhengighet av fossilimport<\/a> kommer ogs\u00e5 med store kostnader.<\/p>\n<p class=\"_textTheme_1yhmn_1 _paragraph_16k26_4 _paragraph_3ue4t_27 layout-component layout-normal layout-padded body-medium\">Det p\u00e5peker den tidligere belgiske energiministeren som <a href=\"https:\/\/windeurope.org\/news\/windeurope-appoints-tinne-van-der-straeten-as-new-ceo\/\" class=\"_link_16k26_32\" rel=\"nofollow noopener\" target=\"_blank\">i januar tok over ledelsen av bransjeorganisasjonen Wind Europe<\/a>, og som var med i flere debatter under \u00e5rets ONS.<\/p>\n<p class=\"_textTheme_1yhmn_1 _paragraph_16k26_4 _paragraph_3ue4t_27 layout-component layout-normal layout-padded body-medium\"><strong class=\"_strong_16k26_20\">\u2013 Vi er ekstremt s\u00e5rbare for svingninger i prisene, og for forstyrrelser i leveransene, sier Tinne van der Straeten til E24.<\/strong><\/p>\n<p> <a class=\"_link_193me_21\" data-track-id=\"teaser:ArQmMr\" data-track-impression=\"true\" data-track-name=\"Oljetoppens dr\u00f8m: \u2013 Et nytt Castberg, et nytt Sverdrup\" data-track-element-size=\"small\" data-track-element-type=\"Teaser\" data-track-image-url=\"https:\/\/www.europesays.com\/no\/wp-content\/uploads\/2026\/09\/6d9366a0-b815-3692-8225-2665410f6252.jpeg\" data-track-layout-name=\"image:right\" data-track-position-source=\"related-article\" href=\"https:\/\/e24.no\/energi-og-klima\/i\/ArQmMr\/oljetoppens-droem-et-nytt-castberg-et-nytt-sverdrup\" rel=\"nofollow noopener\" target=\"_blank\"><img decoding=\"async\" alt=\"\" class=\"_image_193me_79\" height=\"2678\" loading=\"lazy\"  src=\"https:\/\/www.europesays.com\/no\/wp-content\/uploads\/2026\/09\/6d9366a0-b815-3692-8225-2665410f6252.jpeg\"  width=\"4032\"\/><\/p>\n<p class=\"label-small _kicker_193me_100\">Les ogs\u00e5<\/p>\n<p>Oljetoppens dr\u00f8m: \u2013 Et nytt Castberg, et nytt Sverdrup<\/a> <\/p>\n<p class=\"_textTheme_1yhmn_1 _paragraph_16k26_4 _paragraph_3ue4t_27 layout-component layout-normal layout-padded body-medium\">Helsinki-baserte <a href=\"https:\/\/energyandcleanair.org\/what-the-hormuz-crisis-has-cost-fossil-fuel-importers-march-to-august-2026\/\" class=\"_link_16k26_32\" rel=\"nofollow noopener\" target=\"_blank\">CREA anslo nylig<\/a> at forstyrrelsene i Hormuzstredet har \u00f8kt EU-landenes regning for fossilimport med 54 milliarder euro (585 milliarder kroner) i perioden mars til august.<\/p>\n<p class=\"_textTheme_1yhmn_1 _paragraph_16k26_4 _paragraph_3ue4t_27 layout-component layout-normal layout-padded body-medium\">\u2013 Derfor m\u00e5 vi produsere v\u00e5r egen lavkarbon-energi i Europa, sa EU-kommisjonens leder Ursula von der Leyen <a href=\"https:\/\/ec.europa.eu\/commission\/presscorner\/detail\/en\/speech_26_1765\" class=\"_link_16k26_32\" rel=\"nofollow noopener\" target=\"_blank\">i en tale i forrige uke<\/a>.<\/p>\n<p class=\"_textTheme_1yhmn_1 _paragraph_16k26_4 _paragraph_3ue4t_27 layout-component layout-normal layout-padded body-medium\">EU har en plan om \u00e5 \u00f8ke andelen str\u00f8m i energimiksen til 46 prosent innen 2040. Det kan <a href=\"https:\/\/e24.no\/energi-og-klima\/i\/bOQlxk\/kan-spare-2-800-mrd-i-aaret-dette-er-eus-stroem-plan\" class=\"_link_16k26_32\" rel=\"nofollow noopener\" target=\"_blank\">kutte EUs importregning med 2.800 milliarder kroner<\/a> i \u00e5ret, <a href=\"https:\/\/commission.europa.eu\/topics\/energy\/eu-action-address-energy-crisis_en\" class=\"_link_16k26_32\" rel=\"nofollow noopener\" target=\"_blank\">ansl\u00e5r kommisjonen<\/a>.<\/p>\n<p> Mer om Ukraina og Iran:<\/p>\n<p class=\"_textTheme_1yhmn_1 _paragraph_16k26_4 _paragraph_3ue4t_27 _paragraph_bv8db_65 layout-component layout-normal layout-padded body-small\">Krigene i Ukraina i 2022 og Iran i 2026 har hatt stor p\u00e5virkning p\u00e5 debatten om energisikkerhet i Europa, mener Wind Europe-sjef Tinne van der Straeten.<\/p>\n<p class=\"_textTheme_1yhmn_1 _paragraph_16k26_4 _paragraph_3ue4t_27 _paragraph_bv8db_65 layout-component layout-normal layout-padded body-small\">I kj\u00f8lvannet av Russlands invasjon av Ukraina i 2022 ble \u00abRepowerEU\u00bb-planen vedtatt, og det skulle bygges mer sol- og vindkraft.<\/p>\n<p class=\"_textTheme_1yhmn_1 _paragraph_16k26_4 _paragraph_3ue4t_27 _paragraph_bv8db_65 layout-component layout-normal layout-padded body-small\">EU diversifiserte ogs\u00e5 gassleveransene sine og <a href=\"https:\/\/e24.no\/energi-og-klima\/i\/OkQKWw\/advarer-mot-usa-gass-kan-brukes-som-politisk-pressmiddel\" class=\"_link_16k26_32\" rel=\"nofollow noopener\" target=\"_blank\">kj\u00f8pte mer fra blant andre USA<\/a>, p\u00e5peker hun.<\/p>\n<p class=\"_textTheme_1yhmn_1 _paragraph_16k26_4 _paragraph_3ue4t_27 _paragraph_bv8db_65 layout-component layout-normal layout-padded body-small\">\u2013 Da 2026-krisen skjedde, var vi p\u00e5 et bedre sted, med mer vind- og solkraft. Men det var en krevende oppv\u00e5kning om at ogs\u00e5 globale markeder kan bli utsatt for forstyrrelser, sier Wind Europe-sjefen.<\/p>\n<p class=\"_textTheme_1yhmn_1 _paragraph_16k26_4 _paragraph_3ue4t_27 _paragraph_bv8db_65 layout-component layout-normal layout-padded body-small\">\u2013 Det var en oppv\u00e5kning rundt det \u00e5 sette sin lit til import av energi fra andre steder som vi ikke kontrollerer selv.<\/p>\n<p class=\"_textTheme_1yhmn_1 _paragraph_16k26_4 _paragraph_3ue4t_27 _paragraph_bv8db_65 layout-component layout-normal layout-padded body-small\">Fornybar energi st\u00e5r s\u00e5 langt bare for 20 prosent av det totale energiforbruket i Europa.<\/p>\n<p class=\"_textTheme_1yhmn_1 _paragraph_16k26_4 _paragraph_3ue4t_27 _paragraph_bv8db_65 layout-component layout-normal layout-padded body-small\">Men EU har planer om \u00e5 \u00f8ke andelen str\u00f8m i energimiksen, og mange land \u00f8nsker \u00e5 produsere mer energi selv med egne ressurser.<\/p>\n<p class=\"_textTheme_1yhmn_1 _paragraph_16k26_4 _paragraph_3ue4t_27 _paragraph_bv8db_65 layout-component layout-normal layout-padded body-small\">\u2013 Vi ser derfor en stor rolle for vindkraft i tiden fremover, sier van der Straeten.<\/p>\n<p class=\"_textTheme_1yhmn_1 _paragraph_16k26_4 _paragraph_3ue4t_27 _paragraph_bv8db_65 layout-component layout-normal layout-padded body-small\">Dette var EUs energimiks i 2024, <a href=\"https:\/\/energy.ec.europa.eu\/news\/focus-eu-energy-security-explained-2026-04-20_en\" class=\"_link_16k26_32\" rel=\"nofollow noopener\" target=\"_blank\">if\u00f8lge EU-kommisjonen<\/a>:<\/p>\n<ul class=\"_list_16k26_3 _list_3ue4t_26 _list_bv8db_64 _unordered_16k26_103 _textTheme_1yhmn_1 layout-component layout-normal layout-padded body-small\">\n<li class=\"_item_16k26_63\">R\u00e5olje og petroleumsprodukter: 38 prosent<\/li>\n<li class=\"_item_16k26_63\">Gass: 21 prosent<\/li>\n<li class=\"_item_16k26_63\">Fornybar energi: 20 prosent<\/li>\n<li class=\"_item_16k26_63\">Kjernekraft: 12 prosent<\/li>\n<li class=\"_item_16k26_63\">Faste brennstoffer (s\u00e6rlig kull): 10 prosent<\/li>\n<\/ul>\n<p>Vis mer  \u2013 Ikke fort nok <\/p>\n<p class=\"_textTheme_1yhmn_1 _paragraph_16k26_4 _paragraph_3ue4t_27 layout-component layout-normal layout-padded body-medium\">\u2013 EU har lagt frem <a href=\"https:\/\/commission.europa.eu\/topics\/energy\/repowereu_en\" class=\"_link_16k26_32\" rel=\"nofollow noopener\" target=\"_blank\">store planer<\/a>, men hvordan g\u00e5r det egentlig med utbyggingen av fornybar energi?<\/p>\n<p class=\"_textTheme_1yhmn_1 _paragraph_16k26_4 _paragraph_3ue4t_27 layout-component layout-normal layout-padded body-medium\">\u2013 Antallet installasjoner g\u00e5r opp, i tr\u00e5d med det vi forventet. Vindkraft st\u00e5r n\u00e5 for 20 prosent av Europas str\u00f8m, men det g\u00e5r ikke raskt nok, sier van der Straeten.<\/p>\n<p class=\"_textTheme_1yhmn_1 _paragraph_16k26_4 _paragraph_3ue4t_27 layout-component layout-normal layout-padded body-medium\">\u2013 Vi m\u00e5 doble eller noen ganger tredoble installasjonen. Spesielt innen havvind g\u00e5r det ikke fort nok, sier hun.<\/p>\n<p> <img alt=\"Tinne van der Straeten tok tidligere i \u00e5r over som leder for bransjeorganisasjonen Wind Europe. Hun er tidligere energiminister i Belgia.\" class=\"_image_1jxax_84 layout-component layout-normal\" data-fullscreen- data-track-element-type=\"Article image fullscreen\" data-track-name=\"ImageFullscreen\" decoding=\"async\" loading=\"lazy\" height=\"3024\" itemprop=\"image\"  src=\"https:\/\/www.europesays.com\/no\/wp-content\/uploads\/2026\/09\/c348de8c-0c14-3935-83c2-79b7f85d6a1a.jpeg\"  style=\"object-position:62.11557539682539% 46.230158730158735%\" width=\"4032\"\/>Tinne van der Straeten tok tidligere i \u00e5r over som leder for bransjeorganisasjonen Wind Europe. Hun er tidligere energiminister i Belgia. Foto: Kjetil Malkenes Hovland, E24Vis mer <\/p>\n<p class=\"_textTheme_1yhmn_1 _paragraph_16k26_4 _paragraph_3ue4t_27 layout-component layout-normal layout-padded body-medium\">Hun p\u00e5peker at nordsj\u00f8landene i januar ble enige om \u00e5 gjennomf\u00f8re <a href=\"https:\/\/windeurope.org\/files\/news\/2026\/joint-offshore-wind-investment-pact-for-the-north-seas.pdf\" class=\"_link_16k26_32\" rel=\"nofollow noopener\" target=\"_blank\">auksjoner av kapasitet p\u00e5 15 gigawatt<\/a> havvind \u00e5rlig i Nordsj\u00f8en fra 2031\u20132040. I fjor <a href=\"https:\/\/windeurope.org\/data\/products\/wind-energy-in-europe-2025-statistics-and-the-outlook-for-2026-2030\/\" class=\"_link_16k26_32\" rel=\"nofollow noopener\" target=\"_blank\">installerte Europa bare to gigawatt havvind<\/a>, og i \u00e5r ventes det seks gigawatt installert.<\/p>\n<p class=\"_textTheme_1yhmn_1 _paragraph_16k26_4 _paragraph_3ue4t_27 layout-component layout-normal layout-padded body-medium\"><strong class=\"_strong_16k26_20\">\u2013 Det betyr at mye mer m\u00e5 gj\u00f8res, med flere auksjoner i n\u00f8kkelland som Storbritannia og Tyskland. Jeg har ogs\u00e5 stor tro p\u00e5 Norges planer om flytende havvind, sier van der Straeten.<\/strong><\/p>\n<p> <a class=\"_link_193me_21\" data-track-id=\"teaser:BxbGkG\" data-track-impression=\"true\" data-track-name=\"Frp sikrer flertall for havvind-grep\" data-track-element-size=\"small\" data-track-element-type=\"Teaser\" data-track-image-url=\"https:\/\/www.europesays.com\/no\/wp-content\/uploads\/2026\/09\/290bfd1b-1922-362d-ae48-b63af5f6a4b5.jpeg\" data-track-layout-name=\"image:right\" data-track-position-source=\"related-article\" href=\"https:\/\/e24.no\/energi-og-klima\/i\/BxbGkG\/frp-sikrer-flertall-for-havvind-grep\" rel=\"nofollow noopener\" target=\"_blank\"><img decoding=\"async\" alt=\"\" class=\"_image_193me_79\" height=\"6017\" loading=\"lazy\"  src=\"https:\/\/www.europesays.com\/no\/wp-content\/uploads\/2026\/09\/290bfd1b-1922-362d-ae48-b63af5f6a4b5.jpeg\"  width=\"9105\"\/><\/p>\n<p class=\"label-small _kicker_193me_100\">Les ogs\u00e5<\/p>\n<p>Frp sikrer flertall for havvind-grep<\/a> \u2013 Betales ned ganske raskt <\/p>\n<p class=\"_textTheme_1yhmn_1 _paragraph_16k26_4 _paragraph_3ue4t_27 layout-component layout-normal layout-padded body-medium\">Her hjemme er det <a href=\"https:\/\/e24.no\/energi-og-klima\/i\/BxbGkG\/frp-sikrer-flertall-for-havvind-grep\" class=\"_link_16k26_32\" rel=\"nofollow noopener\" target=\"_blank\">skepsis til havvindens subsidiebehov<\/a>. E24 sp\u00f8r om det er subsidiebehovet som bremser utbyggingen av havvind ogs\u00e5 i Europa.<\/p>\n<p class=\"_textTheme_1yhmn_1 _paragraph_16k26_4 _paragraph_3ue4t_27 layout-component layout-normal layout-padded body-medium\">Wind Europe-sjefen p\u00e5peker at utviklerne trenger stabile inntekter, og anbefaler bruk av tosidige differansekontrakterKontrakter hvor staten garanterer en minstepris p\u00e5 str\u00f8mmen som utbyggeren produserer. Er prisen i markedet lavere enn garantiprisen, blar staten opp til utbyggerne. Er markedsprisen h\u00f8yere enn garantiprisen, f\u00e5r staten det overskytende bel\u00f8pet.. Med slike kontrakter kan st\u00f8ttebehovet dempes hvis markedsprisen i perioder er h\u00f8yere enn statens garantipris til utviklerne.<\/p>\n<p class=\"_textTheme_1yhmn_1 _paragraph_16k26_4 _paragraph_3ue4t_27 layout-component layout-normal layout-padded body-medium\">Van der Straeten erkjenner at fornybar energi koster penger, men mener dette m\u00e5 sees fra et systemperspektiv.<\/p>\n<p class=\"_textTheme_1yhmn_1 _paragraph_16k26_4 _paragraph_3ue4t_27 layout-component layout-normal layout-padded body-medium\"><strong class=\"_strong_16k26_20\">\u2013 Vi vet at n\u00e5r fornybar f\u00f8rst er bygget ut, vil det betales ned ganske raskt. Hvis Europa kan drive et energisystem basert p\u00e5 fornybar energi, s\u00e5 vil det spare Europa for 1.600 milliarder euro innen 2050, sier hun.<\/strong><\/p>\n<p class=\"_textTheme_1yhmn_1 _paragraph_16k26_4 _paragraph_3ue4t_27 layout-component layout-normal layout-padded body-medium\">Tallet kommer fra <a href=\"https:\/\/windeurope.org\/news\/a-renewables-based-energy-system-will-save-europe-1-6-trillion\/\" class=\"_link_16k26_32\" rel=\"nofollow noopener\" target=\"_blank\">en studie Wind Europe har gjort sammen med Hitachi<\/a>. Regnestykkene skal ogs\u00e5 ta hensyn til behovet for kraftlinjer, str\u00f8mlagring og reservekraft, oppgir de.<\/p>\n<p class=\"_textTheme_1yhmn_1 _paragraph_16k26_4 _paragraph_3ue4t_27 layout-component layout-normal layout-padded body-medium\">\u2013 Det som driver kostnaden av energisystemet er det du betaler for importen. Se p\u00e5 hva som skjedde da Russland invaderte Ukraina og Hormuzstredet ble stengt, hvor s\u00e5rbar man er hvis man ikke har lett tilgang til fossil energi, og hvor dyr energien blir, sier hun.<\/p>\n<p class=\"_textTheme_1yhmn_1 _paragraph_16k26_4 _paragraph_3ue4t_27 layout-component layout-normal layout-padded body-medium\">Samtidig er det motstand mot fornybar energi, p\u00e5peker hun.<\/p>\n<p class=\"_textTheme_1yhmn_1 _paragraph_16k26_4 _paragraph_3ue4t_27 layout-component layout-normal layout-padded body-medium\">\u2013 Det handler ogs\u00e5 om folks aksept. Vi ser stor polarisering i energidebatten, med mye feilinformasjon og desinformasjon. Det bidrar til at prosjekter ikke skrider s\u00e5 raskt frem som vi skulle \u00f8nske, sier van der Straeten.<\/p>\n<p> <img alt=\"Wind Europe og Hitachi ansl\u00e5r i en studie at rask utbygging av fornybar energi vil v\u00e6re betydelig billigere for Europa enn et scenario med treg omstilling.\" class=\"_image_1jxax_84 layout-component layout-normal\" data-fullscreen- data-track-element-type=\"Article image fullscreen\" data-track-name=\"ImageFullscreen\" decoding=\"async\" loading=\"lazy\" height=\"666\" itemprop=\"image\"  src=\"https:\/\/www.europesays.com\/no\/wp-content\/uploads\/2026\/09\/04790726-3d9e-398d-b047-ed84c05fdbba.png\"  style=\"object-position:30.157170923379173% 39.63963963963964%\" width=\"1018\"\/>Wind Europe og Hitachi ansl\u00e5r i en studie at rask utbygging av fornybar energi vil v\u00e6re betydelig billigere for Europa enn et scenario med treg omstilling. Foto: Wind Europe \/ HitachiVis mer <a class=\"_link_193me_21\" data-track-id=\"teaser:L4eK3Q\" data-track-impression=\"true\" data-track-name=\"Advarer om Norges olje: \u2013 Risikoen er \u00f8kende\" data-track-element-size=\"small\" data-track-element-type=\"Teaser\" data-track-image-url=\"https:\/\/www.europesays.com\/no\/wp-content\/uploads\/2026\/09\/2141fe0b-f49c-38d4-ad58-843ca3c5e9fa.jpeg\" data-track-layout-name=\"image:right\" data-track-position-source=\"related-article\" href=\"https:\/\/e24.no\/energi-og-klima\/i\/L4eK3Q\/advarer-om-norges-olje-risikoen-er-oekende\" rel=\"nofollow noopener\" target=\"_blank\"><img decoding=\"async\" alt=\"\" class=\"_image_193me_79\" height=\"2000\" loading=\"lazy\"  src=\"https:\/\/www.europesays.com\/no\/wp-content\/uploads\/2026\/09\/2141fe0b-f49c-38d4-ad58-843ca3c5e9fa.jpeg\"  width=\"3000\"\/><\/p>\n<p class=\"label-small _kicker_193me_100\">Les ogs\u00e5<\/p>\n<p>Advarer om Norges olje: \u2013 Risikoen er \u00f8kende<\/a> \u00d8nsker varig satsing <\/p>\n<p class=\"_textTheme_1yhmn_1 _paragraph_16k26_4 _paragraph_3ue4t_27 layout-component layout-normal layout-padded body-medium\">\u2013 Ser du en vei frem mot subsidiefri havvind?<\/p>\n<p class=\"_textTheme_1yhmn_1 _paragraph_16k26_4 _paragraph_3ue4t_27 layout-component layout-normal layout-padded body-medium\">\u2013 Det sp\u00f8rs. Kostnadene vil falle i takt med utviklingen av kompetanse. Hvis man vil ha mer vindkraft, m\u00e5 man ha en jevn satsing, sier van der Straeten.<\/p>\n<p class=\"_textTheme_1yhmn_1 _paragraph_16k26_4 _paragraph_3ue4t_27 layout-component layout-normal layout-padded body-medium\"><strong class=\"_strong_16k26_20\">\u2013 Planlegger vi for \u00e5 bygge ut 15 gigawatt havvind i Nordsj\u00f8en per \u00e5r slik at leverand\u00f8rkjeden f\u00e5r stabilitet, vil kostnadene komme ned, sier hun.<\/strong><\/p>\n<p class=\"_textTheme_1yhmn_1 _paragraph_16k26_4 _paragraph_3ue4t_27 layout-component layout-normal layout-padded body-medium\">\u2013 Flytende havvind er dyrere, vil det ta tid?<\/p>\n<p class=\"_textTheme_1yhmn_1 _paragraph_16k26_4 _paragraph_3ue4t_27 layout-component layout-normal layout-padded body-medium\">\u2013 Vi kan ikke gi opp den flytende havvinden, sier hun.<\/p>\n<p class=\"_textTheme_1yhmn_1 _paragraph_16k26_4 _paragraph_3ue4t_27 layout-component layout-normal layout-padded body-medium\">Hun p\u00e5peker at Norge og flere andre land har dype farvann med begrenset rom for bunnfaste turbiner.<\/p>\n<p class=\"_textTheme_1yhmn_1 _paragraph_16k26_4 _paragraph_3ue4t_27 layout-component layout-normal layout-padded body-medium\">Samtidig vil det ta tid \u00e5 modne frem flytende havvind. Vindsjefen h\u00e5per at det rike Norge vil ta p\u00e5 seg noe av ansvaret.<\/p>\n<p class=\"_textTheme_1yhmn_1 _paragraph_16k26_4 _paragraph_3ue4t_27 layout-component layout-normal layout-padded body-medium\">\u2013 Det finnes noen som har tro p\u00e5 flytende havvind, som Storbritannia og Norge, som kanskje kan ta ledelsen og v\u00e6re seri\u00f8se rundt dette og dytte teknologien fremover, sier van der Straeten.<\/p>\n<p> <img alt=\"Wind Europe-sjef Tinne van der Straeten, her fremfor en installasjon fra Flex2Future p\u00e5 olje- og energimessen ONS.\" class=\"_image_1jxax_84 layout-component layout-normal\" data-fullscreen- data-track-element-type=\"Article image fullscreen\" data-track-name=\"ImageFullscreen\" decoding=\"async\" loading=\"lazy\" height=\"4284\" itemprop=\"image\"  src=\"https:\/\/www.europesays.com\/no\/wp-content\/uploads\/2026\/09\/013e0f07-0b65-3c01-956c-706666e5f2b5.jpeg\"  style=\"object-position:57.51925770308123% 51.015406162464984%\" width=\"5712\"\/>Wind Europe-sjef Tinne van der Straeten, her fremfor en installasjon fra Flex2Future p\u00e5 olje- og energimessen ONS.Vis mer <a class=\"_link_193me_21\" data-track-id=\"teaser:1O3lAK\" data-track-impression=\"true\" data-track-name=\"Vil kutte avhengigheten av russisk gass: Dette er EUs energiplan\" data-track-element-size=\"small\" data-track-element-type=\"Teaser\" data-track-image-url=\"https:\/\/www.europesays.com\/no\/wp-content\/uploads\/2026\/09\/2af2939064f90ee754e6efcdfe45d275.jpg\" data-track-layout-name=\"image:right\" data-track-position-source=\"related-article\" href=\"https:\/\/e24.no\/energi-og-klima\/i\/1O3lAK\/vil-kutte-avhengigheten-av-russisk-gass-dette-er-eus-energiplan\" rel=\"nofollow noopener\" target=\"_blank\"><img decoding=\"async\" alt=\"\" class=\"_image_193me_79\" height=\"102\" loading=\"lazy\"  src=\"https:\/\/www.europesays.com\/no\/wp-content\/uploads\/2026\/09\/2af2939064f90ee754e6efcdfe45d275.jpg\"  width=\"102\"\/><\/p>\n<p class=\"label-small _kicker_193me_100\">Les ogs\u00e5<\/p>\n<p>Vil kutte avhengigheten av russisk gass: Dette er EUs energiplan<\/a> Lokal aksept <\/p>\n<p class=\"_textTheme_1yhmn_1 _paragraph_16k26_4 _paragraph_3ue4t_27 layout-component layout-normal layout-padded body-medium\">Under ONS-messen deltok Tinne van der Straeten i en debatt om lokal aksept av l\u00f8sninger som vindkraft og CO\u2082-lagring.<\/p>\n<p class=\"_textTheme_1yhmn_1 _paragraph_16k26_4 _paragraph_3ue4t_27 layout-component layout-normal layout-padded body-medium\">Hun fortalte hvordan hun selv hadde opplevd u\u00f8nsket p\u00e5virkning av lokalmilj\u00f8et, da innflyvningen til flyplassen hjemme i Brussel ble endret.<\/p>\n<p class=\"_textTheme_1yhmn_1 _paragraph_16k26_4 _paragraph_3ue4t_27 layout-component layout-normal layout-padded body-medium\">\u2013 N\u00e5 har vi fly over oss hvert tredje minutt, sier hun.<\/p>\n<p class=\"_textTheme_1yhmn_1 _paragraph_16k26_4 _paragraph_3ue4t_27 layout-component layout-normal layout-padded body-medium\">\u2013 Dette ble ikke forklart til oss, det ble bare innf\u00f8rt. De gikk ikke i dialog med befolkningen og forklarte dette.<\/p>\n<p class=\"_textTheme_1yhmn_1 _paragraph_16k26_4 _paragraph_3ue4t_27 layout-component layout-normal layout-padded body-medium\">Hun sier at det kom som et sjokk, og at det ikke var noen dialog. De eneste verkt\u00f8yene lokalbefolkningen hadde var demonstrasjoner og underskriftskampanjer. Dette m\u00e5 vindkraften gj\u00f8re bedre, mener hun.<\/p>\n<p class=\"_textTheme_1yhmn_1 _paragraph_16k26_4 _paragraph_3ue4t_27 layout-component layout-normal layout-padded body-medium\">\u2013 Det vi pr\u00f8ver \u00e5 gj\u00f8re som utbyggere av vindkraft er \u00e5 v\u00e6re tidlig ute med \u00e5 lytte til befolkningen og se hva vi kan gj\u00f8re for \u00e5 avhjelpe noen av de rimelige bekymringene lokalbefolkningen har, sier van der Straeten.<\/p>\n<p class=\"_textTheme_1yhmn_1 _paragraph_16k26_4 _paragraph_3ue4t_27 layout-component layout-normal layout-padded body-medium\">If\u00f8lge Wind Europe-sjefen har s\u00e6rlig Tyskland vist vei ved \u00e5 gi raskere tillatelser til fornybar energi etter at EU <a href=\"https:\/\/e24.no\/energi-og-klima\/i\/P4Wk4e\/eus-hurtigloep-for-kraft-vil-innebaere-en-stor-endring\" class=\"_link_16k26_32\" rel=\"nofollow noopener\" target=\"_blank\">innf\u00f8rte krav om hurtigere saksbehandling<\/a>.<\/p>\n<p class=\"_textTheme_1yhmn_1 _paragraph_16k26_4 _paragraph_3ue4t_27 layout-component layout-normal layout-padded body-medium\">\u2013 Alle land i Europa kan l\u00e6re fra Tyskland. Spesifikt kan man l\u00e6re at det er mulig \u00e5 balansere natur- og milj\u00f8aspekter, folks aksept og produksjonen av energi, sier Tinne van der Straeten.<\/p>\n<p> <img alt=\"Det finnes mange anslag p\u00e5 kostnaden for vindkraft over levetiden. Dette er fra DNV-rapporten Energy Transition Outlook Norway 2025, og er m\u00e5lt i dollar per megawattime (MWh). 50 dollar per MWh tilsvarer 47 \u00f8re per kilowattime, mens 250 dollar tilsvarer 2,34 kroner per kilowattime.\" class=\"_image_1jxax_84 layout-component layout-normal\" data-fullscreen- data-track-element-type=\"Article image fullscreen\" data-track-name=\"ImageFullscreen\" decoding=\"async\" loading=\"lazy\" height=\"372\" itemprop=\"image\"  src=\"https:\/\/www.europesays.com\/no\/wp-content\/uploads\/2026\/09\/660abe79-509b-34d6-8597-4ab2bf5c24c2.png\"  style=\"object-position:46.25% 53.2258064516129%\" width=\"440\"\/>Det finnes mange anslag p\u00e5 kostnaden for vindkraft over levetiden. Dette er fra DNV-rapporten Energy Transition Outlook Norway 2025, og er m\u00e5lt i dollar per megawattime (MWh). 50 dollar per MWh tilsvarer 47 \u00f8re per kilowattime, mens 250 dollar tilsvarer 2,34 kroner per kilowattime. Foto: DNVVis mer <a class=\"_link_193me_21\" data-track-id=\"teaser:430166\" data-track-impression=\"true\" data-track-name=\"Hopper til 70 euro: H\u00f8yeste gasspris siden mars\" data-track-element-size=\"small\" data-track-element-type=\"Teaser\" data-track-image-url=\"https:\/\/www.europesays.com\/no\/wp-content\/uploads\/2026\/09\/5a13daf5-f6b5-3b99-b2ae-b6c9aad5ca63.jpeg\" data-track-layout-name=\"image:right\" data-track-position-source=\"related-article\" href=\"https:\/\/e24.no\/energi-og-klima\/i\/430166\/hopper-til-70-euro-hoeyeste-gasspris-siden-mars\" rel=\"nofollow noopener\" target=\"_blank\"><img decoding=\"async\" alt=\"\" class=\"_image_193me_79\" height=\"6336\" loading=\"lazy\"  src=\"https:\/\/www.europesays.com\/no\/wp-content\/uploads\/2026\/09\/5a13daf5-f6b5-3b99-b2ae-b6c9aad5ca63.jpeg\"  width=\"9504\"\/><\/p>\n<p class=\"label-small _kicker_193me_100\">Les ogs\u00e5<\/p>\n<p>Hopper til 70 euro: H\u00f8yeste gasspris siden mars<\/a> <a class=\"_link_193me_21\" data-track-id=\"teaser:g6OXdB\" data-track-impression=\"true\" data-track-name=\"Ber ny energiminister jekke opp vindplaner: \u2013 EU trenger Norge\" data-track-element-size=\"small\" data-track-element-type=\"Teaser\" data-track-image-url=\"https:\/\/www.europesays.com\/no\/wp-content\/uploads\/2026\/09\/afd10c6f-ac6e-4edc-a29e-6a5941bbea12.jpeg\" data-track-layout-name=\"image:right\" data-track-position-source=\"related-article\" href=\"https:\/\/e24.no\/energi-og-klima\/i\/g6OXdB\/ber-ny-energiminister-jekke-opp-vindplaner-eu-trenger-norge\" rel=\"nofollow noopener\" target=\"_blank\"><img decoding=\"async\" alt=\"\" class=\"_image_193me_79\" height=\"3467\" loading=\"lazy\"  src=\"https:\/\/www.europesays.com\/no\/wp-content\/uploads\/2026\/09\/afd10c6f-ac6e-4edc-a29e-6a5941bbea12.jpeg\"  width=\"5200\"\/><\/p>\n<p class=\"label-small _kicker_193me_100\">Les ogs\u00e5<\/p>\n<p>Ber ny energiminister jekke opp vindplaner: \u2013 EU trenger Norge<\/a>     <\/p>\n","protected":false},"excerpt":{"rendered":"Oppsummeringen er laget med kunstig intelligens og kvalitetssikret av E24s journalister. Wind Europe-sjefen mener Europa m\u00e5 sette fart&hellip;\n","protected":false},"author":2,"featured_media":339984,"comment_status":"","ping_status":"","sticky":false,"template":"","format":"standard","meta":{"footnotes":"","_share_on_mastodon":"0"},"categories":[56],"tags":[60,61,379,2276,62,30,28,29,243,1501,1454],"class_list":["post-339983","post","type-post","status-publish","format-standard","has-post-thumbnail","category-naeringsliv","tag-business","tag-economy","tag-havvind","tag-kraft","tag-naeringsliv","tag-no","tag-norge","tag-norway","tag-strom","tag-strompriser","tag-vindkraft"],"share_on_mastodon":{"url":"https:\/\/pubeurope.com\/@no\/117195450331252769","error":""},"_links":{"self":[{"href":"https:\/\/www.europesays.com\/no\/wp-json\/wp\/v2\/posts\/339983","targetHints":{"allow":["GET"]}}],"collection":[{"href":"https:\/\/www.europesays.com\/no\/wp-json\/wp\/v2\/posts"}],"about":[{"href":"https:\/\/www.europesays.com\/no\/wp-json\/wp\/v2\/types\/post"}],"author":[{"embeddable":true,"href":"https:\/\/www.europesays.com\/no\/wp-json\/wp\/v2\/users\/2"}],"replies":[{"embeddable":true,"href":"https:\/\/www.europesays.com\/no\/wp-json\/wp\/v2\/comments?post=339983"}],"version-history":[{"count":0,"href":"https:\/\/www.europesays.com\/no\/wp-json\/wp\/v2\/posts\/339983\/revisions"}],"wp:featuredmedia":[{"embeddable":true,"href":"https:\/\/www.europesays.com\/no\/wp-json\/wp\/v2\/media\/339984"}],"wp:attachment":[{"href":"https:\/\/www.europesays.com\/no\/wp-json\/wp\/v2\/media?parent=339983"}],"wp:term":[{"taxonomy":"category","embeddable":true,"href":"https:\/\/www.europesays.com\/no\/wp-json\/wp\/v2\/categories?post=339983"},{"taxonomy":"post_tag","embeddable":true,"href":"https:\/\/www.europesays.com\/no\/wp-json\/wp\/v2\/tags?post=339983"}],"curies":[{"name":"wp","href":"https:\/\/api.w.org\/{rel}","templated":true}]}}