{"id":339987,"date":"2026-09-01T11:05:15","date_gmt":"2026-09-01T11:05:15","guid":{"rendered":"https:\/\/www.europesays.com\/no\/339987\/"},"modified":"2026-09-01T11:05:15","modified_gmt":"2026-09-01T11:05:15","slug":"flere-stortingspolitikere-ikke-invitert-til-kongens-gravferd-mange-er-skuffet","status":"publish","type":"post","link":"https:\/\/www.europesays.com\/no\/339987\/","title":{"rendered":"Flere stortings\u00adpolitikere ikke invitert til Kongens gravferd: \u2013 Mange er skuffet"},"content":{"rendered":"\n<p class=\"_lead_145nj_2 _lead_6fko5_53 layout-component text-serif-m layout-normal text-serif-l layout-component layout-wide layout-padded _wide_17hqh_1 layout-padded\">Frps stortingspolitiker P\u00e5l Morten Borgli hadde satt av dagen for \u00e5 komme i Kongens gravferd. Men han er ikke invitert. \u2013 Jeg hadde veldig lyst, sier han.<\/p>\n<p><img alt=\"Det blir trangt om plassen, n\u00e5r Kongen skal bisettes. Foto: Cornelius Poppe \/ NTB\" class=\"_image_jw3bv_65 layout-component layout-wide\" data-fullscreen- data-track-element-type=\"Article image fullscreen\" data-track-name=\"ImageFullscreen\" fetchpriority=\"high\" decoding=\"sync\" loading=\"eager\" height=\"5760\" itemprop=\"image\"  src=\"https:\/\/www.europesays.com\/no\/wp-content\/uploads\/2026\/09\/669aeb98-c221-3c10-ba91-d104eea9aac2.jpeg\"  style=\"object-position:0% 0%\" width=\"8640\"\/>Det blir trangt om plassen, n\u00e5r Kongen skal bisettes. Foto: Cornelius Poppe \/ NTB Oppdatert tirsdag 1. september kl. 12:48     <\/p>\n<p class=\"_paragraph_145nj_4 _paragraph_6fko5_10 layout-component text-serif-m layout-normal text-serif-m layout-padded\">Onsdag neste uke skal kong Harald bisettes i Oslo domkirke. Der vil det komme gjester fra hele Norge og hele verden. Men begrensede plasser i kirken, gj\u00f8r at det ikke er plass til alle de 169 folkevalgte stortingsrepresentantene i Norges \u00f8verste folkevalgte organ. <\/p>\n<p class=\"_paragraph_145nj_4 _paragraph_6fko5_10 layout-component text-serif-m layout-normal text-serif-m layout-padded\">Det vekker skuffelse og misn\u00f8ye, skal vi tro Frps P\u00e5l Morten Borgli.<\/p>\n<p class=\"_paragraph_145nj_4 _paragraph_6fko5_10 layout-component text-serif-m layout-normal text-serif-m layout-padded\">\u2013 Har du blitt invitert i gravferden? <\/p>\n<p class=\"_paragraph_145nj_4 _paragraph_6fko5_10 layout-component text-serif-m layout-normal text-serif-m layout-padded\">\u2013 Nei. Og jeg skj\u00f8nner det er t\u00f8ffe prioriteringer. Samtidig s\u00e5 er det veldig mange som hadde sett fram til \u00e5 delta, og n\u00e5r er det veldig mange som er skuffet, sier han, og legger til:<\/p>\n<p><img alt=\"P\u00e5l Morten Borgli m\u00e5 f\u00f8lge Kongens begravelse p\u00e5 TV.  Foto: Heiko Junge \/ NTB\" class=\"_image_jw3bv_65 layout-component layout-normal\" data-fullscreen- data-track-element-type=\"Article image fullscreen\" data-track-name=\"ImageFullscreen\" decoding=\"async\" loading=\"lazy\" height=\"2448\" itemprop=\"image\"  src=\"https:\/\/www.europesays.com\/no\/wp-content\/uploads\/2026\/09\/c484bc2e-a881-361a-8a1b-4c59d72d29eb.jpeg\"  style=\"object-position:0% 0%\" width=\"3672\"\/>P\u00e5l Morten Borgli m\u00e5 f\u00f8lge Kongens begravelse p\u00e5 TV.  Foto: Heiko Junge \/ NTB<\/p>\n<p class=\"_paragraph_145nj_4 _paragraph_6fko5_10 layout-component text-serif-m layout-normal text-serif-m layout-padded\">\u2013 Jeg er en av de som hadde veldig lyst til \u00e5 bli invitert, sier han, og forklarer hvorfor han mener det ikke ville v\u00e6rt unaturlig at hele <a href=\"https:\/\/www.vg.no\/tag\/stortinget?utm_source=vg-article&amp;utm_medium=auto-tagger&amp;utm_campaign=QJOl9A\" class=\"_link_145nj_39\" rel=\"nofollow noopener\" target=\"_blank\">Stortinget<\/a> hadde blitt invitert:<\/p>\n<p class=\"_paragraph_145nj_4 _paragraph_6fko5_10 layout-component text-serif-m layout-normal text-serif-m layout-padded\">\u2013 Stortinget er makten i Norge, og v\u00e5rt \u00f8verste demokratiske organ, s\u00e5 det er mange som mener det hadde v\u00e6rt riktig at hele Stortinget hadde hatt mulighet til \u00e5 v\u00e6re til stede. Jeg har et n\u00e6rt forhold i hjertet mitt til Kongefamilien, s\u00e5 jeg skulle gjerne deltatt, men jeg f\u00e5r heller se begravelsen p\u00e5 TV.<\/p>\n<p class=\"_paragraph_145nj_4 _paragraph_6fko5_10 layout-component text-serif-m layout-normal text-serif-m layout-padded\">Det er forel\u00f8pig uklart hvem fra Stortinget som blir invitert i gravferden.<\/p>\n<p class=\"_paragraph_145nj_4 _paragraph_6fko5_10 layout-component text-serif-m layout-normal text-serif-m layout-padded\">Borgli forteller at b\u00e5de han, og flere andre, hadde satt av dagen, i den tro at de ville f\u00e5 en invitasjon. N\u00e5 uteblir den, samtidig som statsledere og representanter fra andre land f\u00e5r delta n\u00e5r kongen bisettes. <\/p>\n<p class=\"_paragraph_145nj_4 _paragraph_6fko5_10 layout-component text-serif-m layout-normal text-serif-m layout-padded\">\u2013 Det m\u00e5 vi jo bare respektere. Jeg tipper det kommer noen hundre utenlandske viktige gjester, og det m\u00e5 vi bare respektere.<\/p>\n<p class=\"_paragraph_145nj_4 _paragraph_6fko5_10 layout-component text-serif-m layout-normal text-serif-m layout-padded\">\u2013 Selv om det gj\u00f8r at du ikke f\u00e5r plass?<\/p>\n<p class=\"_paragraph_145nj_4 _paragraph_6fko5_10 layout-component text-serif-m layout-normal text-serif-m layout-padded\">\u2013 Det m\u00e5 jeg bare akseptere, men jeg hadde jo h\u00e5pet p\u00e5 en plass. <\/p>\n<p>\u2013 Rart<\/p>\n<p class=\"_paragraph_145nj_4 _paragraph_6fko5_10 layout-component text-serif-m layout-normal text-serif-m layout-padded\">Kongehus-ekspert, tidligere soussjef ved Det norske kongehus, Carl-Erik Grimstad, sier han forst\u00e5r reaksjonene.<\/p>\n<p><img alt=\"Grimstad  Foto: HELGE MIKALSEN \/ VG\" class=\"_image_jw3bv_65 layout-component layout-normal\" data-fullscreen- data-track-element-type=\"Article image fullscreen\" data-track-name=\"ImageFullscreen\" decoding=\"async\" loading=\"lazy\" height=\"2880\" itemprop=\"image\"  src=\"https:\/\/www.europesays.com\/no\/wp-content\/uploads\/2026\/09\/7bff3296-c4fb-35dc-9627-f40fa8e2e4ad.jpeg\"  style=\"object-position:0% 0%\" width=\"3840\"\/>Grimstad  Foto: HELGE MIKALSEN \/ VG<\/p>\n<p class=\"_paragraph_145nj_4 _paragraph_6fko5_10 layout-component text-serif-m layout-normal text-serif-m layout-padded\">\u2013 Det er rart at stortingsrepresentanter som \u00f8nsker \u00e5 delta i begravelsen ikke f\u00e5r anledning til det. Jeg forst\u00e5r at man kan reagere p\u00e5 det. Men det kommer nok veldig mange gjester fra utlandet, s\u00e5 det er nok plasshensyn som spiller inn.<\/p>\n<p class=\"_paragraph_145nj_4 _paragraph_6fko5_10 layout-component text-serif-m layout-normal text-serif-m layout-padded\">Han forteller en historie fra kong Olavs begravelse i 1991.<\/p>\n<p class=\"_paragraph_145nj_4 _paragraph_6fko5_10 layout-component text-serif-m layout-normal text-serif-m layout-padded\">\u2013 En utenlandsk gjest kom til begravelsen med et stort f\u00f8lge. Brorparten fikk ikke delta. <\/p>\n<p class=\"_paragraph_145nj_4 _paragraph_6fko5_10 layout-component text-serif-m layout-normal text-serif-m layout-padded\">VG har kontaktet Utenriksdepartementet og bedt om en kommentar, samt spurt om hvor mange plasser til begravelsen som er satt av til det norske Stortinget. Vi oppdaterer saken straks vi f\u00e5r svar.<\/p>\n<p class=\"_paragraph_145nj_4 _paragraph_6fko5_10 layout-component text-serif-m layout-normal text-serif-m layout-padded\">UD har tidligere sagt at alle land med <a href=\"https:\/\/www.vg.no\/nyheter\/i\/RjqPK5\/ud-disse-inviteres-i-gravferden\" data-track-element-type=\"Link\" data-track-id=\"link:RjqPK5\" class=\"_link_145nj_39\" rel=\"nofollow noopener\" target=\"_blank\">diplomatisk representasjon<\/a> i Oslo blir invitert til gravferden. Flere kongelige har allerede <a href=\"https:\/\/www.vg.no\/nyheter\/i\/0pkPj0\/kong-haralds-gravferd-9-september\" data-track-element-type=\"Link\" data-track-id=\"link:0pkPj0\" class=\"_link_145nj_39\" rel=\"nofollow noopener\" target=\"_blank\">bekreftet<\/a> at de vil delta i gravferden.<\/p>\n","protected":false},"excerpt":{"rendered":"Frps stortingspolitiker P\u00e5l Morten Borgli hadde satt av dagen for \u00e5 komme i Kongens gravferd. Men han er&hellip;\n","protected":false},"author":2,"featured_media":339988,"comment_status":"","ping_status":"","sticky":false,"template":"","format":"standard","meta":{"footnotes":"","_share_on_mastodon":"0"},"categories":[5],"tags":[20,21,24,25,15,19,26105,22,23,17,18,13,30,28,29,14,16,333,26,27,205],"class_list":["post-339987","post","type-post","status-publish","format-standard","has-post-thumbnail","category-overskrifter","tag-breaking-news","tag-breakingnews","tag-featured-news","tag-featurednews","tag-headlines","tag-hovedoppslag","tag-kong-harald-5","tag-latest-news","tag-latestnews","tag-main-news","tag-mainnews","tag-news","tag-no","tag-norge","tag-norway","tag-nyheter","tag-overskrifter","tag-stortinget","tag-top-stories","tag-topstories","tag-vgsamfunn"],"share_on_mastodon":{"url":"https:\/\/pubeurope.com\/@no\/117195461937911592","error":""},"_links":{"self":[{"href":"https:\/\/www.europesays.com\/no\/wp-json\/wp\/v2\/posts\/339987","targetHints":{"allow":["GET"]}}],"collection":[{"href":"https:\/\/www.europesays.com\/no\/wp-json\/wp\/v2\/posts"}],"about":[{"href":"https:\/\/www.europesays.com\/no\/wp-json\/wp\/v2\/types\/post"}],"author":[{"embeddable":true,"href":"https:\/\/www.europesays.com\/no\/wp-json\/wp\/v2\/users\/2"}],"replies":[{"embeddable":true,"href":"https:\/\/www.europesays.com\/no\/wp-json\/wp\/v2\/comments?post=339987"}],"version-history":[{"count":0,"href":"https:\/\/www.europesays.com\/no\/wp-json\/wp\/v2\/posts\/339987\/revisions"}],"wp:featuredmedia":[{"embeddable":true,"href":"https:\/\/www.europesays.com\/no\/wp-json\/wp\/v2\/media\/339988"}],"wp:attachment":[{"href":"https:\/\/www.europesays.com\/no\/wp-json\/wp\/v2\/media?parent=339987"}],"wp:term":[{"taxonomy":"category","embeddable":true,"href":"https:\/\/www.europesays.com\/no\/wp-json\/wp\/v2\/categories?post=339987"},{"taxonomy":"post_tag","embeddable":true,"href":"https:\/\/www.europesays.com\/no\/wp-json\/wp\/v2\/tags?post=339987"}],"curies":[{"name":"wp","href":"https:\/\/api.w.org\/{rel}","templated":true}]}}