{"id":340075,"date":"2026-09-01T12:42:12","date_gmt":"2026-09-01T12:42:12","guid":{"rendered":"https:\/\/www.europesays.com\/no\/340075\/"},"modified":"2026-09-01T12:42:12","modified_gmt":"2026-09-01T12:42:12","slug":"markens-grode-blir-norges-oscar-hap-nrk-kultur-og-underholdning","status":"publish","type":"post","link":"https:\/\/www.europesays.com\/no\/340075\/","title":{"rendered":"Markens Gr\u00f8de blir Norges Oscar-h\u00e5p \u2013 NRK Kultur og underholdning"},"content":{"rendered":"<p>Filmen \u00abMarkens Gr\u00f8de\u00bb er valgt til ut som Norges kandidat til Oscar-utdelingen i USA neste \u00e5r.\n<\/p>\n<p><img decoding=\"async\"   src=\"data:image\/gif;base64,R0lGODlhAQABAIAAAAAAAP\/\/\/yH5BAEAAAAALAAAAAABAAEAAAIBRAA7\" loading=\"eager\" alt=\"en mann framfor et hus \" title=\"Foto: June Erdalsdal Kolstad \/ ARNE STUBHAUG\"\/><\/p>\n<p class=\"\">Regiss\u00f8r Hans Petter Moland p\u00e5 sett under innspillingen av Markens Gr\u00f8de. <\/p>\n<p>Foto: June Erdalsdal Kolstad \/ ARNE STUBHAUG<\/p>\n<p>Valget ble gjort av den norske Oscar-komiteen, som best\u00e5r av representanter fra bransjeorganisasjoner, Filmkritikerlaget og Norsk filminstitutt.<\/p>\n<p>Filmen har f\u00f8rst premiere 30. oktober i \u00e5r.<\/p>\n<p><strong>\u2013 Det er en utrolig kompleks historie. Nesten liten t\u00e5lmodighetspr\u00f8ve, sier Hans Petter Moland, som tidligere har v\u00e6rt <a href=\"https:\/\/www.nrk.no\/nyheter\/norges-oscar-kandidat-klar-1.14686603\" ec-id=\"pp:article:1.14686603\" ec-name=\"Oscar-kandidat med \u00abUt og stj\u00e6le hester\u00bb.\" rel=\"nofollow noopener\" target=\"_blank\">Oscar-kandidat med \u00abUt og stj\u00e6le hester\u00bb.<\/a><\/strong><\/p>\n<p>Regiss\u00f8ren drar ikke til USA for \u00e5 v\u00e6re tilskuer. Han tror den norske filmen kan g\u00e5 hele veien.<\/p>\n<p>\u2013 Vi f\u00f8ler vi har en film som virkelig har noe der \u00e5 gj\u00f8re. Vi har mange gode krefter med oss, s\u00e5 vi har gode sjanser, sier Moland.<\/p>\n<p>De tre filmene som kjempet om Oscar-plassen var \u00abLave forventninger\u00bb, \u00abTrango\u00bb og \u00abMarkens gr\u00f8de\u00bb.<\/p>\n<p><img decoding=\"async\"   src=\"data:image\/gif;base64,R0lGODlhAQABAIAAAAAAAP\/\/\/yH5BAEAAAAALAAAAAABAAEAAAIBRAA7\" loading=\"eager\" alt=\"En mann st\u00e5r p\u00e5 huk foran en st\u00e5ende kvinne som gir ham et kj\u00e6rtegn ute i naturen.\" title=\"Foto: Ymer Media\"\/><\/p>\n<p class=\"\">Herbert Nordrum spiller Isak, mens Asta Kamma August spiller Inger i filmen &laquo;Markens gr\u00f8de&raquo;.<\/p>\n<p>Foto: Ymer Media<\/p>\n<p>Tidligere norske Oscar-nominasjoner for beste internasjonale film<\/p>\n<ul>\n<li>Ni liv (1957)<\/li>\n<li>Veiviseren (1987)<\/li>\n<li>S\u00f8ndagsengler (1996)<\/li>\n<li>Elling (2001)<\/li>\n<li>Kon-Tiki (2013)<\/li>\n<li>Verdens verste menneske (2022)<\/li>\n<li><strong>Affeksjonsverdi (2025) <\/strong><\/li>\n<\/ul>\n<p>Nordrum:\u2013 Dr\u00f8mmerolle<\/p>\n<p>Herbert Nordrum spiller hovedrollen som Isak Sellanraa, og Asta Kamma August spiller Inger.<\/p>\n<p>I \u00f8vrige roller finner vi blant andre Gard B. Eidsvold, Anders Baasmo og Sjur Vatne Brean.<\/p>\n<p>\u2013 Rollen er utrolig interessant og ligger s\u00e5 langt unna meg selv, b\u00e5de med fysisk arbeid og hvordan han forholder seg til verden emosjonelt. Det er helt annerledes enn meg, sier hovedrolleinnehaver Nordrum.<\/p>\n<p><strong>\u2013 Det er litt s\u00e5nn dr\u00f8mmerolle.<\/strong><\/p>\n<p>Nobelpris i litteratur<\/p>\n<p>Filmen er basert p\u00e5 Knut Hamsuns nobelprisvinnende roman fra 1917 om kj\u00e6rlighet, nybygging og slitet p\u00e5 g\u00e5rden Sellanraa<\/p>\n<p>Hamseun ble tildelt Nobels litteraturpris for boken, som blant flere regnes som hans mesterverk.<\/p>\n<p>Oscar-prisen blir delt ut i Los Angeles 14. mars 2027. Kortlisten p\u00e5 15 filmer slippes 15. desember, mens de fem endelige nominerte blir klare 21. januar.<\/p>\n<p>I fjor<a href=\"https:\/\/www.nrk.no\/kultur\/oscar-utdelingen-gar-av-stabelen-i-los-angeles-_-dette-er-alle-de-nominerte-1.17807867\" ec-id=\"pp:article:1.17807867\" ec-name=\"gjekk prisen for beste internasjonale film\" rel=\"nofollow noopener\" target=\"_blank\"> gjekk prisen for beste internasjonale film <\/a>til norske \u00abAffeksjonsverdi\u00bb av Joachim Trier.<\/p>\n<p>Publisert<\/p>\n<p>01.09.2026, kl. 14.05<\/p>\n<p>Oppdatert<\/p>\n<p>01.09.2026, kl. 14.38<\/p>\n","protected":false},"excerpt":{"rendered":"Filmen \u00abMarkens Gr\u00f8de\u00bb er valgt til ut som Norges kandidat til Oscar-utdelingen i USA neste \u00e5r. Regiss\u00f8r Hans&hellip;\n","protected":false},"author":2,"featured_media":340076,"comment_status":"","ping_status":"","sticky":false,"template":"","format":"standard","meta":{"footnotes":"","_share_on_mastodon":"0"},"categories":[58],"tags":[71,30,28,29,72],"class_list":["post-340075","post","type-post","status-publish","format-standard","has-post-thumbnail","category-underholdning","tag-entertainment","tag-no","tag-norge","tag-norway","tag-underholdning"],"share_on_mastodon":{"url":"https:\/\/pubeurope.com\/@no\/117195842942331742","error":""},"_links":{"self":[{"href":"https:\/\/www.europesays.com\/no\/wp-json\/wp\/v2\/posts\/340075","targetHints":{"allow":["GET"]}}],"collection":[{"href":"https:\/\/www.europesays.com\/no\/wp-json\/wp\/v2\/posts"}],"about":[{"href":"https:\/\/www.europesays.com\/no\/wp-json\/wp\/v2\/types\/post"}],"author":[{"embeddable":true,"href":"https:\/\/www.europesays.com\/no\/wp-json\/wp\/v2\/users\/2"}],"replies":[{"embeddable":true,"href":"https:\/\/www.europesays.com\/no\/wp-json\/wp\/v2\/comments?post=340075"}],"version-history":[{"count":0,"href":"https:\/\/www.europesays.com\/no\/wp-json\/wp\/v2\/posts\/340075\/revisions"}],"wp:featuredmedia":[{"embeddable":true,"href":"https:\/\/www.europesays.com\/no\/wp-json\/wp\/v2\/media\/340076"}],"wp:attachment":[{"href":"https:\/\/www.europesays.com\/no\/wp-json\/wp\/v2\/media?parent=340075"}],"wp:term":[{"taxonomy":"category","embeddable":true,"href":"https:\/\/www.europesays.com\/no\/wp-json\/wp\/v2\/categories?post=340075"},{"taxonomy":"post_tag","embeddable":true,"href":"https:\/\/www.europesays.com\/no\/wp-json\/wp\/v2\/tags?post=340075"}],"curies":[{"name":"wp","href":"https:\/\/api.w.org\/{rel}","templated":true}]}}