{"id":340087,"date":"2026-09-01T13:00:13","date_gmt":"2026-09-01T13:00:13","guid":{"rendered":"https:\/\/www.europesays.com\/no\/340087\/"},"modified":"2026-09-01T13:00:13","modified_gmt":"2026-09-01T13:00:13","slug":"markens-grode-blir-norges-oscar-kandidat-i-2027","status":"publish","type":"post","link":"https:\/\/www.europesays.com\/no\/340087\/","title":{"rendered":"\u00abMarkens gr\u00f8de\u00bb blir Norges Oscar-kandidat i 2027"},"content":{"rendered":"<p class=\"extendedContent hyperion-css-eyn926\" data-test-tag=\"lead-text\">\u00abMarkens gr\u00f8de\u00bb blir Norges Oscar-kandidat i 2027 \u2013 n\u00e5r den gjeve, amerikanske prisen deles ut for 99. gang. Filmen har en vinnersjanse, mener regiss\u00f8ren.<\/p>\n<p>\u00abMarkens gr\u00f8de\u00bb er Norges Oscar-kandidat. F.v. produsent H\u00e5kon \u00d8ver\u00e5s, hovedrolleinnehaver Herbert Nordrum, regiss\u00f8r Hans Petter Moland og NFI-direkt\u00f8r Kjersti Moe.<\/p>\n<p>1 av 5Foto: Gitte Johannessen \/ NTB<\/p>\n<ul data-test-tag=\"byline:authors\" data-testid=\"byline:authors\" class=\"hyperion-css-1772xtw\">\n<li class=\"hyperion-css-b8p8ys\">\n<p>NTB-Gitte Johannessen \/ NTB-Edvard Stenersen<\/p>\n<\/li>\n<\/ul>\n<p>Publisert: 01.09.2026 14:07 |\u00a0Oppdatert: 01.09.2026 14:40<\/p>\n<p class=\"hyperion-css-1j42uic\">Det offentliggjorde Norsk filminstitutt p\u00e5 en pressekonferanse p\u00e5 Filmens hus i Oslo tirsdag.<\/p>\n<p class=\"hyperion-css-1j42uic\">Spillefilmene \u00abLave forventninger\u00bb av Eivind Landsvik og \u00abMarkens gr\u00f8de\u00bb av Hans Petter Moland var kortlistet sammen med klatredokumentaren \u00abTrango\u00bb av Christopher Carvasal.<\/p>\n<p class=\"hyperion-css-1j42uic\">\u2013 Jeg tror vi har en fair sjanse, vi f\u00f8ler vi har en film som virkelig har noe der \u00e5 gj\u00f8re, sier regiss\u00f8r Hans Petter Moland om \u00e5 bli Norges Oscar-kandidat.<\/p>\n<p class=\"hyperion-css-1j42uic\">Moland lagde norsk Oscar-kandidat ogs\u00e5 i 2019, den gang med \u00abUt og stj\u00e6le hester\u00bb \u2013 basert p\u00e5 Per Pettersons romanklassiker.<\/p>\n<p>Om \u00e5 skape noe fra ingenting<\/p>\n<p class=\"hyperion-css-1j42uic\">Slik lyder juryens begrunnelse:<\/p>\n<p class=\"hyperion-css-1j42uic\">\u2013 \u00c5rets kandidat er en film om \u00e5 skape noe fra ingenting. Om \u00e5 overleve n\u00e5r oddsene er d\u00e5rlige, og om \u00e5 skape et anstendig liv uten noen grunnmur, verken konkret eller i overf\u00f8rt betydning. Et av norsk litteraturs store verk er tolket og overf\u00f8rt til lerretet i en film som rommer b\u00e5de intenst kammerspill og en voldsom brytning mellom gammel og ny tid.<\/p>\n<p class=\"hyperion-css-1j42uic\">\u2013 En kj\u00e6rlighetshistorie danner rammen for en fortelling om kampen mot og med naturkreftene, om makt og begj\u00e6r, og om endring, heter det videre.<\/p>\n<p>Skiller seg ut<\/p>\n<p class=\"hyperion-css-1j42uic\">Fellesnevneren var at den norske Oscar-komiteen mente alle filmene hadde \u00aben god mulighet til \u00e5 skille seg ut\u00bb i konkurransen om en Oscar i kategorien for beste internasjonale film.<\/p>\n<p class=\"hyperion-css-1j42uic\">Veien dit er lang. F\u00f8rst gjelder det \u00e5 komme seg p\u00e5 Oscar-akademiets kortliste p\u00e5 15 filmer, som offentliggj\u00f8res 15. desember. 21. januar bekjentgj\u00f8res det hvilke fem filmer som blir nominert i kategorien.<\/p>\n<p class=\"hyperion-css-1j42uic\">Da Joachim Triers \u00abAffeksjonsverdi\u00bb vant Oscar som beste internasjonale film, hadde 92 land sendt inn sine bidrag. 86 av filmene ble godkjent som kvalifiserte av Oscar-akademiet. En rekke land har allerede sine Oscar-kandidater klare, skriver <a aria-label=\"Screen Daily\" class=\"default hyperion-css-1raymq9\" href=\"https:\/\/www.screendaily.com\/news\/oscars-best-international-feature-2027-ireland-submits-aontas-thailand-enters-9-temples-to-heaven\/5219330.article\" target=\"_blank\" rel=\"noopener nofollow noreferrer\" data-test-tag=\"external-link\">Screen Daily<\/a>.<\/p>\n<p>Trier f\u00f8rste norske vinner<\/p>\n<p class=\"hyperion-css-1j42uic\">Sju norske filmer har if\u00f8lge Filminstituttet v\u00e6rt nominert i klassen beste internasjonale film, som tidligere het beste ikke-engelskspr\u00e5klige film:<\/p>\n<p class=\"hyperion-css-1j42uic\">\u00abNi liv\u00bb (1958), \u00abVeiviseren\u00bb (1988), \u00abS\u00f8ndagsengler\u00bb (1997), \u00abElling\u00bb (2002), \u00abKon-Tiki\u00bb (2013), \u00abVerdens verste menneske\u00bb (2022) og alts\u00e5 \u00abAffeksjonsverdi\u00bb (2026) \u2013 som gikk hele veien til seier.<\/p>\n<p>Fakta om \u00abMarkens gr\u00f8de\u00bb<\/p>\n<p class=\"hyperion-css-1j42uic\">* Regiss\u00f8r er Hans Petter Moland, som sammen med Gard B. Eidsvold har skrevet manuset basert p\u00e5 1917-romanen som ga Knut Hamsun nobelprisen.<\/p>\n<p class=\"hyperion-css-1j42uic\">* \u00abI n\u00e5del\u00f8s natur kjemper Isak og Inger for \u00e5 skape et liv sammen. Med kj\u00e6rligheten som drivkraft bygger de g\u00e5rden Sellanraa opp fra ingenting. N\u00e5r en m\u00f8rk hemmelighet kommer til overflaten, blir kj\u00e6rligheten satt p\u00e5 pr\u00f8ve\u00bb, heter det om handlingen.<\/p>\n<p class=\"hyperion-css-1j42uic\">* Isak spilles av Herbert Nordrum, Inger av Asta Kamma August, mens Gard B. Eidsvold, Anders Baasmo og Sjur Vatne Brean er \u00e5 se i andre roller.<\/p>\n<p class=\"hyperion-css-1j42uic\">* Kinopremiere: 30. oktober<\/p>\n","protected":false},"excerpt":{"rendered":"\u00abMarkens gr\u00f8de\u00bb blir Norges Oscar-kandidat i 2027 \u2013 n\u00e5r den gjeve, amerikanske prisen deles ut for 99. gang.&hellip;\n","protected":false},"author":2,"featured_media":340088,"comment_status":"","ping_status":"","sticky":false,"template":"","format":"standard","meta":{"footnotes":"","_share_on_mastodon":"0"},"categories":[58],"tags":[71,30,28,29,72],"class_list":["post-340087","post","type-post","status-publish","format-standard","has-post-thumbnail","category-underholdning","tag-entertainment","tag-no","tag-norge","tag-norway","tag-underholdning"],"share_on_mastodon":{"url":"https:\/\/pubeurope.com\/@no\/117195913784428466","error":""},"_links":{"self":[{"href":"https:\/\/www.europesays.com\/no\/wp-json\/wp\/v2\/posts\/340087","targetHints":{"allow":["GET"]}}],"collection":[{"href":"https:\/\/www.europesays.com\/no\/wp-json\/wp\/v2\/posts"}],"about":[{"href":"https:\/\/www.europesays.com\/no\/wp-json\/wp\/v2\/types\/post"}],"author":[{"embeddable":true,"href":"https:\/\/www.europesays.com\/no\/wp-json\/wp\/v2\/users\/2"}],"replies":[{"embeddable":true,"href":"https:\/\/www.europesays.com\/no\/wp-json\/wp\/v2\/comments?post=340087"}],"version-history":[{"count":0,"href":"https:\/\/www.europesays.com\/no\/wp-json\/wp\/v2\/posts\/340087\/revisions"}],"wp:featuredmedia":[{"embeddable":true,"href":"https:\/\/www.europesays.com\/no\/wp-json\/wp\/v2\/media\/340088"}],"wp:attachment":[{"href":"https:\/\/www.europesays.com\/no\/wp-json\/wp\/v2\/media?parent=340087"}],"wp:term":[{"taxonomy":"category","embeddable":true,"href":"https:\/\/www.europesays.com\/no\/wp-json\/wp\/v2\/categories?post=340087"},{"taxonomy":"post_tag","embeddable":true,"href":"https:\/\/www.europesays.com\/no\/wp-json\/wp\/v2\/tags?post=340087"}],"curies":[{"name":"wp","href":"https:\/\/api.w.org\/{rel}","templated":true}]}}