{"id":340095,"date":"2026-09-01T13:09:15","date_gmt":"2026-09-01T13:09:15","guid":{"rendered":"https:\/\/www.europesays.com\/no\/340095\/"},"modified":"2026-09-01T13:09:15","modified_gmt":"2026-09-01T13:09:15","slug":"sandnes-gausel-tor-arvid-josdal-har-gatt-bort","status":"publish","type":"post","link":"https:\/\/www.europesays.com\/no\/340095\/","title":{"rendered":"Sandnes, Gausel | Tor Arvid Josdal har g\u00e5tt bort"},"content":{"rendered":"\n<p>Det er Forus og Gausel som meddeler den triste nyheten p\u00e5 sine <a href=\"https:\/\/fgi.no\/nyheter\/til-minne-om-tor-arvid-josdal\" rel=\"Follow nofollow noopener\" target=\"_blank\">nettsider<\/a>. <\/p>\n<p>\u00abDet er med stor sorg vi har mottatt budskapet om at Tor Arvid Josdal har g\u00e5tt bort.<\/p>\n<p>Tor Arvid var en av initiativtakerne og grunnleggerne av Forus og Gausel Idrettslag. Historien om hans betydning for klubben g\u00e5r helt tilbake til begynnelsen av 1980-tallet.<\/p>\n<p>Da Tor Arvid og familien flyttet til den nye bydelen, fantes det verken idrettslag eller s\u00e6rlig med aktivitetstilbud for barna p\u00e5 Forus og Gausel. Tor Arvid, sammen med andre, bestemte seg for \u00e5 gj\u00f8re noe med det.<\/p>\n<p>  <a href=\"https:\/\/www.sandnesposten.no\/5-105-766214\" class=\"related-teaser has-image article--c-MkAkR\" rel=\"nofollow noopener\" target=\"_blank\"><\/p>\n<p>    <img decoding=\"async\" width=\"155\"  loading=\"lazy\"  src=\"https:\/\/www.europesays.com\/no\/wp-content\/uploads\/2026\/09\/DSC08979.JPG\" alt=\"\" class=\"brick-c-cFOWSL\" style=\"\"\/><\/p>\n<p>\n            Les ogs\u00e5<\/p>\n<p>            Tor Arvid stiftet klubben for 40 \u00e5r siden: \u2013 Det som har skjedd, er ufattelig\n        <\/p>\n<p>  <\/a><br \/>\n  Handlekraftig<\/p>\n<p>Han laget et skriv som han la i de f\u00e5 postkassene som fantes i n\u00e6romr\u00e5det. Der spurte han om noen hadde erfaring fra idretten og kunne tenke seg \u00e5 v\u00e6re med p\u00e5 \u00e5 starte et nytt idrettslag.<\/p>\n<p>Tanker ble til handling. Etter et innledende m\u00f8te ble Forus og Gausel Idrettslag offisielt stiftet p\u00e5 Gausel skole 24. mai 1983. Sammen med Tor Arvid var Finn Sandberg, Kristian Staveland, Helge Mangersnes og Frode Fjeld med p\u00e5 \u00e5 grunnlegge klubben. Dette ble begynnelsen p\u00e5 det FGI vi kjenner i dag. <\/p>\n<p>Av enorm betydning<\/p>\n<p>Tor Arvid Josdal hadde gjennom \u00e5rene nesten alle tenkelige roller i FGI. Han bidro blant annet som styremedlem, trener, oppmann, og var en av de frivillige som la ned utallige timer for at barn og unge skulle f\u00e5 et aktivitetstilbud i n\u00e6rmilj\u00f8et.<\/p>\n<p>Han var ogs\u00e5 sentral i arbeidet med \u00e5 utvikle Knudamyr\u00e5. Som medlem av byggekomiteen var han med p\u00e5 planleggingen av det som f\u00f8rst skulle bli en stor grusbane, og senere et st\u00f8rre idrettsanlegg. Det som i utgangspunktet var skog og myr, ble gjennom m\u00e5lrettet arbeid og stor dugnadsinnsats utviklet til et samlingssted for hele bydelen.<\/p>\n<p>Cupkamp mot Viking<\/p>\n<p>Tor Arvid var samtidig en ihuga Viking-supporter. Derfor ble cupkampen mellom FGI og Viking i 2023 en helt spesiell opplevelse. For f\u00f8rste gang i klubbens historie skulle FGI spille f\u00f8rste runde i NM, og p\u00e5 motsatt banehalvdel sto klubben Tor Arvid hadde fulgt hele livet.<\/p>\n<p>Til den historiske kampen m\u00f8tte han opp i den originale gr\u00f8nne og gule FGI-jakken. Han fortalte stolt om reisen fra det f\u00f8rste skrivet i postkassene og dugnadsarbeidet p\u00e5 Knudamyr\u00e5 til en fullsatt cupfest mot Viking.<\/p>\n<p>At klubben han hadde v\u00e6rt med p\u00e5 \u00e5 starte uten fem \u00f8re, en dag skulle m\u00f8te Viking i cupen foran et fullsatt Knudamyr\u00e5, hadde han aldri sett for seg. Josdal ble hjerteoperert i Bergen i forrige uke og d\u00f8de f\u00e5 dager senere. <\/p>\n<p>Vi lyser fred over Tor Arvids minne.<\/p>\n","protected":false},"excerpt":{"rendered":"Det er Forus og Gausel som meddeler den triste nyheten p\u00e5 sine nettsider. \u00abDet er med stor sorg&hellip;\n","protected":false},"author":2,"featured_media":340096,"comment_status":"","ping_status":"","sticky":false,"template":"","format":"standard","meta":{"footnotes":"","_share_on_mastodon":"0"},"categories":[59],"tags":[36,576,26185,30,28,29,14,1319,83,82,1510],"class_list":["post-340095","post","type-post","status-publish","format-standard","has-post-thumbnail","category-sport","tag-art","tag-dodsfall","tag-gausel","tag-no","tag-norge","tag-norway","tag-nyheter","tag-sandnes","tag-sport","tag-sports","tag-story"],"share_on_mastodon":{"url":"https:\/\/pubeurope.com\/@no\/117195948958113883","error":""},"_links":{"self":[{"href":"https:\/\/www.europesays.com\/no\/wp-json\/wp\/v2\/posts\/340095","targetHints":{"allow":["GET"]}}],"collection":[{"href":"https:\/\/www.europesays.com\/no\/wp-json\/wp\/v2\/posts"}],"about":[{"href":"https:\/\/www.europesays.com\/no\/wp-json\/wp\/v2\/types\/post"}],"author":[{"embeddable":true,"href":"https:\/\/www.europesays.com\/no\/wp-json\/wp\/v2\/users\/2"}],"replies":[{"embeddable":true,"href":"https:\/\/www.europesays.com\/no\/wp-json\/wp\/v2\/comments?post=340095"}],"version-history":[{"count":0,"href":"https:\/\/www.europesays.com\/no\/wp-json\/wp\/v2\/posts\/340095\/revisions"}],"wp:featuredmedia":[{"embeddable":true,"href":"https:\/\/www.europesays.com\/no\/wp-json\/wp\/v2\/media\/340096"}],"wp:attachment":[{"href":"https:\/\/www.europesays.com\/no\/wp-json\/wp\/v2\/media?parent=340095"}],"wp:term":[{"taxonomy":"category","embeddable":true,"href":"https:\/\/www.europesays.com\/no\/wp-json\/wp\/v2\/categories?post=340095"},{"taxonomy":"post_tag","embeddable":true,"href":"https:\/\/www.europesays.com\/no\/wp-json\/wp\/v2\/tags?post=340095"}],"curies":[{"name":"wp","href":"https:\/\/api.w.org\/{rel}","templated":true}]}}