{"id":340099,"date":"2026-09-01T13:15:24","date_gmt":"2026-09-01T13:15:24","guid":{"rendered":"https:\/\/www.europesays.com\/no\/340099\/"},"modified":"2026-09-01T13:15:24","modified_gmt":"2026-09-01T13:15:24","slug":"kong-haakons-edsavleggelse-i-stortinget","status":"publish","type":"post","link":"https:\/\/www.europesays.com\/no\/340099\/","title":{"rendered":"Kong Haakons edsavleggelse i Stortinget"},"content":{"rendered":"\n<p class=\"_paragraph_145nj_4 _paragraph_6fko5_10 layout-component text-serif-m layout-normal text-serif-m layout-padded\">Tirsdag ettermiddag var det h\u00f8ytidelig stemning og et folkehav fra Slottet og nedover paradegaten Karl Johan. <\/p>\n<p class=\"_paragraph_145nj_4 _paragraph_6fko5_10 layout-component text-serif-m layout-normal text-serif-m layout-padded\"><strong class=\"_strong_145nj_25\">Kong Haakon VIII avla ed i Stortinget tirsdag klokken 13.<\/strong><\/p>\n<p class=\"_paragraph_145nj_4 _paragraph_6fko5_10 layout-component text-serif-m layout-normal text-serif-m layout-padded\">Klokken 12.50 forlot kongen Slottet i hans \u00e5pne Lincoln Continental 1966, A-5, kjent som bryllupsbilen. <\/p>\n<p class=\"_paragraph_145nj_4 _paragraph_6fko5_10 layout-component text-serif-m layout-normal text-serif-m layout-padded\">Denne ble brukt da kronprins Harald giftet seg med kronprinsesse Sonja i 1966, og ble igjen brukt i 2001, da kronprins Haakon giftet seg med kronprinsesse Mette-Marit. <\/p>\n<ul class=\"_list_145nj_3 _list_6fko5_9 _unordered_145nj_106 layout-component text-serif-m layout-normal text-serif-m layout-padded\">\n<li class=\"_item_145nj_30\">Her ankommer kong Haakon Stortinget. Se stort bildegalleri: <\/li>\n<\/ul>\n<p class=\"_paragraph_145nj_4 _paragraph_6fko5_10 layout-component text-serif-m layout-normal text-serif-m layout-padded\">Kronprinsesse Ingrid Alexandra ledsaget kongen, og avla skriftlig ed til Stortinget p\u00e5 Slottet.<\/p>\n<p class=\"_paragraph_145nj_4 _paragraph_6fko5_10 layout-component text-serif-m layout-normal text-serif-m layout-padded\">Dronning Sonja og Prins Sverre Magnus fulgte edsavleggelsen fra Stortingssalen.<\/p>\n<p class=\"_paragraph_145nj_4 _paragraph_6fko5_10 layout-component text-serif-m layout-normal text-serif-m layout-padded\"><a href=\"https:\/\/www.vg.no\/rampelys\/i\/2pK1dr\/slottet-dronning-mette-marit-uteblir-fra-edsavleggelsen\" data-track-element-type=\"Link\" data-track-id=\"link:2pK1dr\" class=\"_link_145nj_39\" rel=\"nofollow noopener\" target=\"_blank\">Dronning Mette-Marit uteble<\/a> grunnet komplikasjoner etter lungetransplantasjonen i juni.<\/p>\n<p><img alt=\"Kronprinsesse Ingrid Alexandra, dronning Sonja og prins Sverre Magnus p\u00e5 plass utenfor Stortinget.  Foto: Gisle Oddstad \/ VG\" class=\"_image_jw3bv_65 layout-component layout-fullwidth\" data-fullscreen- data-track-element-type=\"Article image fullscreen\" data-track-name=\"ImageFullscreen\" decoding=\"async\" loading=\"lazy\" height=\"1600\" itemprop=\"image\"  src=\"https:\/\/www.europesays.com\/no\/wp-content\/uploads\/2026\/09\/a9b5a13b-8e4e-3ae1-ae91-533c58c774ce.jpeg\"  style=\"object-position:0% 0%\" width=\"2400\"\/>Kronprinsesse Ingrid Alexandra, dronning Sonja og prins Sverre Magnus p\u00e5 plass utenfor Stortinget.  Foto: Gisle Oddstad \/ VG<\/p>\n<p class=\"_paragraph_145nj_4 _paragraph_6fko5_10 layout-component text-serif-m layout-normal text-serif-m layout-padded\">Klokken 11.30 marsjerte Garden fra Akershus festning, opp Karl Johan og til Slottsplassen, der et st\u00f8rre omr\u00e5de var sperret av. <\/p>\n<p class=\"_paragraph_145nj_4 _paragraph_6fko5_10 layout-component text-serif-m layout-normal text-serif-m layout-padded\">Flere tusen mennesker m\u00f8tte opp i Oslo sentrum for \u00e5 f\u00e5 med seg den historiske begivenheten. <\/p>\n<p><img alt=\"Foto: G\u00f8ran Bohlin \/ VG\" class=\"_image_jw3bv_65 layout-component layout-left\" data-fullscreen- data-track-element-type=\"Article image fullscreen\" data-track-name=\"ImageFullscreen\" decoding=\"async\" loading=\"lazy\" height=\"5504\" itemprop=\"image\"  src=\"https:\/\/www.europesays.com\/no\/wp-content\/uploads\/2026\/09\/27b3a5c3-6816-3b8f-925d-bc14ab74c4de.jpeg\"  style=\"object-position:0% 0%\" width=\"8256\"\/>Foto: G\u00f8ran Bohlin \/ VG<img alt=\"Foto: G\u00f8ran Bohlin \/ VG\" class=\"_image_jw3bv_65 layout-component layout-right\" data-fullscreen- data-track-element-type=\"Article image fullscreen\" data-track-name=\"ImageFullscreen\" decoding=\"async\" loading=\"lazy\" height=\"5504\" itemprop=\"image\"  src=\"https:\/\/www.europesays.com\/no\/wp-content\/uploads\/2026\/09\/930c9b14-fde1-3a33-a4a9-41597e515bf7.jpeg\"  style=\"object-position:0% 0%\" width=\"8256\"\/>Foto: G\u00f8ran Bohlin \/ VG<\/p>\n<p class=\"_paragraph_145nj_4 _paragraph_6fko5_10 layout-component text-serif-m layout-normal text-serif-m layout-padded\">Rundt 1000 personer fra Garden, H\u00e6ren, Luftforsvaret og Sj\u00f8forsvaret sto espalierespalierEn rekke av personer.  langs ruten. <\/p>\n<p class=\"_paragraph_145nj_4 _paragraph_6fko5_10 layout-component text-serif-m layout-normal text-serif-m layout-padded\">\u2013 Det er veldig likt det vi ser i forbindelse med Stortingets \u00e5pning hver h\u00f8st, forklarer gardesjef Emil Ottosen til <a href=\"https:\/\/www.vg.no\/nyheter\/i\/9pMyRd\/de-skal-staa-langs-karl-johan-en-aere\" data-track-element-type=\"Link\" data-track-id=\"link:9pMyRd\" class=\"_link_145nj_39\" rel=\"nofollow noopener\" target=\"_blank\">VG<\/a>.<\/p>\n<ul class=\"_list_145nj_3 _list_6fko5_9 _unordered_145nj_106 layout-component text-serif-m layout-normal text-serif-m layout-padded\">\n<li class=\"_item_145nj_30\">Forsvarssjef Eirik Kristoffersen, Oslo-ordf\u00f8rer Anne Lindboe og de andre prominente gjestene ankommer Stortinget: <\/li>\n<\/ul>\n<p>Foto: Mattis Sandblad \/ VG<\/p>\n<p>Dette skjedde p\u00e5 Stortinget<\/p>\n<p class=\"_paragraph_145nj_4 _paragraph_6fko5_10 layout-component text-serif-m layout-normal text-serif-m layout-padded\">Galleriet, diplomatlosjen og presselosjen p\u00e5 Stortinget var helt fullt under edsavleggelsen. <\/p>\n<p class=\"_paragraph_145nj_4 _paragraph_6fko5_10 layout-component text-serif-m layout-normal text-serif-m layout-padded\">Alle var formelt kledd i sort. <\/p>\n<p class=\"_paragraph_145nj_4 _paragraph_6fko5_10 layout-component text-serif-m layout-normal text-serif-m layout-padded\">Noen representanter sto og s\u00e5 ut og fulgte med p\u00e5 folkehavet utenfor da kongen ankom.<\/p>\n<p class=\"_paragraph_145nj_4 _paragraph_6fko5_10 layout-component text-serif-m layout-normal text-serif-m layout-padded\">Kongen ble tatt imot av Stortingets visepresidenter og m\u00f8tet ble formelt satt av stortingspresident Masud Gharahkhani. <\/p>\n<p class=\"_paragraph_145nj_4 _paragraph_6fko5_10 layout-component text-serif-m layout-normal text-serif-m layout-padded\">\u2013 Monarki og demokrati er ikke noen motsetning og henger sammen. <\/p>\n<p class=\"_paragraph_145nj_4 _paragraph_6fko5_10 layout-component text-serif-m layout-normal text-serif-m layout-padded\">\u2013 N\u00e5r en ny konge kommer til Stortinget, s\u00e5 skal man si at man f\u00f8lger Grunnloven og Norges lover og regler, sa Gharahkhani til VG, like f\u00f8r edsavleggelsen. <\/p>\n<p><img alt=\"Foto: J\u00f8rgen Braastad \/ VG\" class=\"_image_jw3bv_65 layout-component layout-left\" data-fullscreen- data-track-element-type=\"Article image fullscreen\" data-track-name=\"ImageFullscreen\" decoding=\"async\" loading=\"lazy\" height=\"5464\" itemprop=\"image\"  src=\"https:\/\/www.europesays.com\/no\/wp-content\/uploads\/2026\/09\/a0867659-22c6-3cdd-a7bd-50101fb81b9f.jpeg\"  style=\"object-position:0% 0%\" width=\"8192\"\/>Foto: J\u00f8rgen Braastad \/ VG<img alt=\"Foto: J\u00f8rgen Braastad \/ VG\" class=\"_image_jw3bv_65 layout-component layout-right\" data-fullscreen- data-track-element-type=\"Article image fullscreen\" data-track-name=\"ImageFullscreen\" decoding=\"async\" loading=\"lazy\" height=\"5464\" itemprop=\"image\"  src=\"https:\/\/www.europesays.com\/no\/wp-content\/uploads\/2026\/09\/3e827c3f-171e-3420-8047-deb653b798e8.jpeg\"  style=\"object-position:0% 0%\" width=\"8192\"\/>Foto: J\u00f8rgen Braastad \/ VG<\/p>\n<p class=\"_paragraph_145nj_4 _paragraph_6fko5_10 layout-component text-serif-m layout-normal text-serif-m layout-padded\"><strong class=\"_strong_145nj_25\">\u2013 Folkets vilje er ogs\u00e5 kongens vilje, og da er det naturlig \u00e5 komme til demokratiets hjerte. <\/strong><\/p>\n<p class=\"_paragraph_145nj_4 _paragraph_6fko5_10 layout-component text-serif-m layout-normal text-serif-m layout-padded\">Etter at m\u00f8tet var blitt satt, avla Norges nye konge ed og holdt en kort tale. <\/p>\n<p class=\"_paragraph_145nj_4 _paragraph_6fko5_10 layout-component text-serif-m layout-normal text-serif-m layout-padded\"><strong class=\"_strong_145nj_25\">Eden til GrunnlovenGrunnlovenEden er et utdrag fra Grunnlovens niende paragraf. Om det ikke er samlet et Storting, kan eden bli gitt skriftlig i statsr\u00e5d, og kongen vil ta eden h\u00f8ytidelig opp p\u00e5 f\u00f8rste storting.  lyder: <\/strong><\/p>\n<p class=\"_paragraph_145nj_4 _paragraph_6fko5_10 layout-component text-serif-m layout-normal text-serif-m layout-padded\">\u00abJeg lover og sverger \u00e5 ville regjere kongeriket Norge i overensstemmelse med dets konstitusjon og lover, s\u00e5 sant hjelpe meg Gud den allmektige og allvitende!\u00bb<\/p>\n<p class=\"_paragraph_145nj_4 _paragraph_6fko5_10 layout-component text-serif-m layout-normal text-serif-m layout-padded\">Det br\u00f8t ut jubel og applaus blant de oppm\u00f8tte p\u00e5 Eidsvolls plass etter at kongen hadde avlagt ed.<\/p>\n<p><img alt=\"Foto: Fredrik Varfjell \/ NTB\" class=\"_image_jw3bv_65 layout-component layout-normal\" data-fullscreen- data-track-element-type=\"Article image fullscreen\" data-track-name=\"ImageFullscreen\" decoding=\"async\" loading=\"lazy\" height=\"4252\" itemprop=\"image\"  src=\"https:\/\/www.europesays.com\/no\/wp-content\/uploads\/2026\/09\/727455a6-6bf3-3aa0-bba3-7a8e3656bc2b.jpeg\"  style=\"object-position:0% 0%\" width=\"6378\"\/>Foto: Fredrik Varfjell \/ NTB<\/p>\n<p class=\"_paragraph_145nj_4 _paragraph_6fko5_10 layout-component text-serif-m layout-normal text-serif-m layout-padded\">I sin korte tale uttrykker kong Haakon h\u00e5p om at det gode forholdet som har v\u00e6rt mellom Stortinget og faren hans, kong Harald, farfaren, kong Olav, og oldefar, kong Haakon, kan opprettholdes og siden utvikles i tr\u00e5d med de oppgavene landet i fremtiden vil st\u00e5 overfor. <\/p>\n<p><img alt=\"Foto: Polina Kovalenko \/ VG\" class=\"_image_jw3bv_65 layout-component layout-normal\" data-fullscreen- data-track-element-type=\"Article image fullscreen\" data-track-name=\"ImageFullscreen\" decoding=\"async\" loading=\"lazy\" height=\"3435\" itemprop=\"image\"  src=\"https:\/\/www.europesays.com\/no\/wp-content\/uploads\/2026\/09\/83c9a690-55b1-314d-b175-c8a48f33de41.jpeg\"  style=\"object-position:0% 0%\" width=\"5153\"\/>Foto: Polina Kovalenko \/ VG<\/p>\n<p class=\"_paragraph_145nj_4 _paragraph_6fko5_10 layout-component text-serif-m layout-normal text-serif-m layout-padded\">\u2013 Dronningen og jeg vil bekrefte at vi stiller oss til disposisjon for \u00e5 utf\u00f8re v\u00e5r gjerning for land og folk, i denne tradisjonen har jeg som landets konge ogs\u00e5 tatt valgspr\u00e5ket \u00abalt for Norge\u00bb, avsluttet han. <\/p>\n<p><img alt=\"Hele edsavleggelsen vises p\u00e5 storskjerm p\u00e5 Eidsvolls plass.  Foto: Polina Kovalenko \/ VG\" class=\"_image_jw3bv_65 layout-component layout-fullwidth\" data-fullscreen- data-track-element-type=\"Article image fullscreen\" data-track-name=\"ImageFullscreen\" decoding=\"async\" loading=\"lazy\" height=\"3648\" itemprop=\"image\"  src=\"https:\/\/www.europesays.com\/no\/wp-content\/uploads\/2026\/09\/f0c7bf73-20e0-3e0c-9dfe-d6890eefb37f.jpeg\"  style=\"object-position:0% 0%\" width=\"5472\"\/>Hele edsavleggelsen vises p\u00e5 storskjerm p\u00e5 Eidsvolls plass.  Foto: Polina Kovalenko \/ VGHoldt minnetale for kong Harald<\/p>\n<p class=\"_paragraph_145nj_4 _paragraph_6fko5_10 layout-component text-serif-m layout-normal text-serif-m layout-padded\">Stortingspresidenten holdt en minnetale over kong Harald. <\/p>\n<p class=\"_paragraph_145nj_4 _paragraph_6fko5_10 layout-component text-serif-m layout-normal text-serif-m layout-padded\">Der sa han blant annet at det var lett \u00e5 bli glad i kong Harald, og at det derfor er s\u00e5 ufattelig tungt \u00e5 ta farvel. <\/p>\n<p class=\"_paragraph_145nj_4 _paragraph_6fko5_10 layout-component text-serif-m layout-normal text-serif-m layout-padded\">\u2013 Siden beskjeden om kongens bortgang har det norske folk samlet seg i sorgen. Historiene som n\u00e5 deles overalt er et sterkt og \u00e6rlig vitnesbyrd om hans unike plass i v\u00e5res hjerter, sa han.<\/p>\n<p>Stortingspresidentens minnetale til kong Harald<\/p>\n<p class=\"_paragraph_145nj_4 _paragraph_6fko5_10 _paragraph_1kitn_11 layout-component text-serif-m layout-normal text-sans-m layout-padded\">V\u00e5r h\u00f8yt elskede konge, hans majestet kong Harald V har g\u00e5tt bort. <\/p>\n<p class=\"_paragraph_145nj_4 _paragraph_6fko5_10 _paragraph_1kitn_11 layout-component text-serif-m layout-normal text-sans-m layout-padded\">Hele landet s\u00f8rger over tapet av en monark som gjennom 35 \u00e5r tjente landet sitt med ansvarlighet, stort mot og en helt egen varme. <\/p>\n<p class=\"_paragraph_145nj_4 _paragraph_6fko5_10 _paragraph_1kitn_11 layout-component text-serif-m layout-normal text-sans-m layout-padded\">Kong Harald representerte det aller beste ved Norge. I denne tunge tiden g\u00e5r v\u00e5re tanker og dypeste medf\u00f8lelse til hele den kongelige familien. <\/p>\n<p class=\"_paragraph_145nj_4 _paragraph_6fko5_10 _paragraph_1kitn_11 layout-component text-serif-m layout-normal text-sans-m layout-padded\">Blomsterhavet vi ser over hele landet i dag handler om en ting, det er kj\u00e6rlighet, det er det norske folks takk til en konge som vi var s\u00e5 inderlid glad i. <\/p>\n<p class=\"_paragraph_145nj_4 _paragraph_6fko5_10 _paragraph_1kitn_11 layout-component text-serif-m layout-normal text-sans-m layout-padded\">Som sin far, kong Olav, videref\u00f8rte kong Harald valgspr\u00e5ket \u00abalt for Norge\u00bb. Han var en urokkelig forsvarer av Grunnloven og folkestyret v\u00e5rt, for det norske folk var han symbol p\u00e5 trygghet, kontinuitet og fellesskap. <\/p>\n<p class=\"_paragraph_145nj_4 _paragraph_6fko5_10 _paragraph_1kitn_11 layout-component text-serif-m layout-normal text-sans-m layout-padded\">Kong Harald var ogs\u00e5 fornyende, han var modig. P\u00e5 mange m\u00e5ter bar han videre verdiene kong Olav sto for, men p\u00e5 sine egne enest\u00e5ende m\u00e5te gikk han ogs\u00e5 nye veier. Slik det norske samfunnet endret seg, endret kongen seg med oss. <\/p>\n<p class=\"_paragraph_145nj_4 _paragraph_6fko5_10 _paragraph_1kitn_11 layout-component text-serif-m layout-normal text-sans-m layout-padded\">Han valgte kj\u00e6rligheten, sammen med dronning Sonja viste han at ogs\u00e5 kongehuset kunne fornye seg med tiden, uten \u00e5 miste sin forankring. Og den \u00e5penheten kong Harald og dronning Sonja har vist det norske folk gjennom et langt liv er unik, og det er vi evig takknemlig for. <\/p>\n<p class=\"_paragraph_145nj_4 _paragraph_6fko5_10 _paragraph_1kitn_11 layout-component text-serif-m layout-normal text-sans-m layout-padded\">Kong Harald ble en samlende og inkluderende konge for det moderne Norge, ofte gikk han foran og \u00e5pnet rom for andre. Han var aldri i utakt med folkestyret han lovte \u00e5 tjene. Talen han holdt i Slottsparken for n\u00f8yaktig for ti \u00e5r siden i dag, om det mangfoldige Norge, betyr fortsatt mye for mange. Han l\u00f8ftet frem verdiene som b\u00e6rer v\u00e5rt liberale demokrati. Han viste oss hva menneskelig likeverd betyr i praksis. <\/p>\n<p class=\"_paragraph_145nj_4 _paragraph_6fko5_10 _paragraph_1kitn_11 layout-component text-serif-m layout-normal text-sans-m layout-padded\">Medmenneskelighet var kjernen i hans budskap, i gode dager s\u00e5 vel som i tunge stunder. Han minnet oss om det store alvoret, at vi som nasjon m\u00e5 stille opp for hverandre. Slik gikk plikt og folkelighet h\u00e5nd i h\u00e5nd. Kong Haralds kj\u00e6rlighet til nasjonen og folket preget alt han gjorde. <\/p>\n<p class=\"_paragraph_145nj_4 _paragraph_6fko5_10 _paragraph_1kitn_11 layout-component text-serif-m layout-normal text-sans-m layout-padded\">Da det gjaldt som mest viste han frem de dype menneskelige egenskapene som gjorde han til folkets konge. Han var konge, og han var medmenneske. I et demokrati m\u00e5 kongen ha n\u00e6rhet til sitt folk, dette hadde kong Harald l\u00e6rt av dem som gikk f\u00f8r ham. For ham ble det en leveregel, for de som kommer etter er det en arv \u00e5 ta vare p\u00e5. <\/p>\n<p class=\"_paragraph_145nj_4 _paragraph_6fko5_10 _paragraph_1kitn_11 layout-component text-serif-m layout-normal text-sans-m layout-padded\">Det var lett \u00e5 bli glad i kong Harald, derfor er det ogs\u00e5 s\u00e5 ufattelig tungt \u00e5 ta farvel. <\/p>\n<p class=\"_paragraph_145nj_4 _paragraph_6fko5_10 _paragraph_1kitn_11 layout-component text-serif-m layout-normal text-sans-m layout-padded\">Siden beskjeden om kongens bortgang har det norske folk samlet seg i sorgen. Historiene som n\u00e5 deles overalt er et sterkt og \u00e6rlig vitnesbyrd om hans unike plass i v\u00e5res hjerter.<\/p>\n<p class=\"_paragraph_145nj_4 _paragraph_6fko5_10 _paragraph_1kitn_11 layout-component text-serif-m layout-normal text-sans-m layout-padded\">En h\u00f8yt elsket, modig og fornyende monark har forlatt oss. Men arven etter han lever videre, i v\u00e5rt folkestyre, i v\u00e5r \u00e5penhet, i v\u00e5r tillit til hverandre, og i den tryggheten han ga til et helt folk gjennom 35 \u00e5r. Kong Harald var konge for hele Norge. Norge ble et bedre land p\u00e5 grunn av kong Harald lederskap. For det er vi ham evig takknemlig. <\/p>\n<p>Vis mer<\/p>\n<p class=\"_paragraph_145nj_4 _paragraph_6fko5_10 layout-component text-serif-m layout-normal text-serif-m layout-padded\">Etter \u00e5 ha avholdt ett minutts stillhet, holdt stortingspresidenten tale til Norges nye kongepar. <\/p>\n<p class=\"_paragraph_145nj_4 _paragraph_6fko5_10 layout-component text-serif-m layout-normal text-serif-m layout-padded\">\u2013 Deres majesteter har n\u00e5 arvet kongeriket Norge, med dette ansvaret f\u00f8lger det store forventninger. Forventninger til kong Haakon VIII som statsoverhode, monark og medmenneske, sa han i talen. <\/p>\n<p><img alt=\"Stortingspresident Masud Gharahkhani  Foto: Claudia Greco \/ Reuters \/ NTB\" class=\"_image_jw3bv_65 layout-component layout-normal\" data-fullscreen- data-track-element-type=\"Article image fullscreen\" data-track-name=\"ImageFullscreen\" decoding=\"async\" loading=\"lazy\" height=\"3667\" itemprop=\"image\"  src=\"https:\/\/www.europesays.com\/no\/wp-content\/uploads\/2026\/09\/1e0a5e93-c17f-3f2e-84bb-665a1d483a6b.jpeg\"  style=\"object-position:0% 0%\" width=\"5500\"\/>Stortingspresident Masud Gharahkhani  Foto: Claudia Greco \/ Reuters \/ NTB<\/p>\n<p class=\"_paragraph_145nj_4 _paragraph_6fko5_10 layout-component text-serif-m layout-normal text-serif-m layout-padded\"><strong class=\"_strong_145nj_25\">Videre sa han at kongen st\u00e5r usedvanlig godt rustet til \u00e5 m\u00f8te disse forventningene, b\u00e5de personlig og menneskelig. <\/strong><\/p>\n<p class=\"_paragraph_145nj_4 _paragraph_6fko5_10 layout-component text-serif-m layout-normal text-serif-m layout-padded\">\u2013 De valg deres majestet har gjort som kronprins, viser en monark som er forberedt p\u00e5 \u00e5 forme og fylle rollen i pakt med v\u00e5r egen tid, sammen med dronning Mette-Marit og alltid i n\u00e6rhet til folket. <\/p>\n<p>Stortingspresidentens tale til det nye kongeparet<\/p>\n<p class=\"_paragraph_145nj_4 _paragraph_6fko5_10 _paragraph_1kitn_11 layout-component text-serif-m layout-normal text-sans-m layout-padded\">Det er mer enn 35 \u00e5r siden deres majestet kom til Stortinget for f\u00f8rste gang. Samme \u00e5r som deres majestet ble myndig, gikk kong Olav bort. Kong Olavs faste plass i denne sal ble avl\u00f8st av en ny konge og en ny kronprins. I dag gjentar historien seg. Kong Haralds faste plass i denne sal avl\u00f8ses av en ny konge, og av en ny kronprinsesse. Slik er slekters gang i v\u00e5rt monarki.<\/p>\n<p class=\"_paragraph_145nj_4 _paragraph_6fko5_10 _paragraph_1kitn_11 layout-component text-serif-m layout-normal text-sans-m layout-padded\">Stortinget \u00f8nsker Hans Majestet kong Haakon VIII og Hennes Majestet Dronning Mette-Marit velkommen til deres nye og ansvarsfulle gjerning. Det er en tung, men enest\u00e5ende arv deres majesteter n\u00e5 tar opp. <\/p>\n<p class=\"_paragraph_145nj_4 _paragraph_6fko5_10 _paragraph_1kitn_11 layout-component text-serif-m layout-normal text-sans-m layout-padded\">Selve arven ligger i det fellesskapet med deres folk, dette fellesskapet understrekes i dag. Deres majestet kommer til Stortinget for \u00e5 avlegge ed til den grunnloven som kongehuset har tjent trofast siden 1905. I den f\u00f8rste talen til det norske folk som konge, l\u00f8ftet deres majestet frem folkestyret og rettsstat. Eden som avlegges i dag er en forpliktelse til dette. Den binder slektsledd, konge og folk sammen. <\/p>\n<p class=\"_paragraph_145nj_4 _paragraph_6fko5_10 _paragraph_1kitn_11 layout-component text-serif-m layout-normal text-sans-m layout-padded\">Deres majestet skal b\u00e6re arven etter tre generasjoner monarker som har g\u00e5tt foran, den arven m\u00e5 vernes. Samtidig m\u00e5 monarkiet utvikle seg i takt med det folkestyret den skal beskytte. Bare slik kan den best\u00e5. <\/p>\n<p class=\"_paragraph_145nj_4 _paragraph_6fko5_10 _paragraph_1kitn_11 layout-component text-serif-m layout-normal text-sans-m layout-padded\">Deres majesteter har n\u00e5 arvet kongeriket Norge, med dette ansvaret f\u00f8lger det store forventninger. Forventninger til kong Haakon VIII som statsoverhode, monark og medmenneske. Og vi er ikke i tvil, kongens st\u00e5r usedvanlig godt rustet til \u00e5 m\u00f8te disse forventningene, b\u00e5de personlig og menneskelig. <\/p>\n<p class=\"_paragraph_145nj_4 _paragraph_6fko5_10 _paragraph_1kitn_11 layout-component text-serif-m layout-normal text-sans-m layout-padded\">De valg deres majestet har gjort som kronprins, viser en monark som er forberedt p\u00e5 \u00e5 forme og fylle rollen i pakt med v\u00e5r egen tid, sammen med dronning Mette-Marit og alltid i n\u00e6rhet til folket. <\/p>\n<p class=\"_paragraph_145nj_4 _paragraph_6fko5_10 _paragraph_1kitn_11 layout-component text-serif-m layout-normal text-sans-m layout-padded\">Stortinget og det norske folk vil fra i dag se til deres majesteter til v\u00e5rt naturlige samlingsmerke. I gode dager, men ogs\u00e5 i de vanskelige tidene. <\/p>\n<p class=\"_paragraph_145nj_4 _paragraph_6fko5_10 _paragraph_1kitn_11 layout-component text-serif-m layout-normal text-sans-m layout-padded\">Da det norske folk valgte kong Haakon VII i 1905 valgte han \u00abalt for Norge\u00bb som sitt valgspr\u00e5k. I dag st\u00e5r en ny kong Haakon sammen med oss i denne sal, men valgspr\u00e5ket er det samme. <\/p>\n<p class=\"_paragraph_145nj_4 _paragraph_6fko5_10 _paragraph_1kitn_11 layout-component text-serif-m layout-normal text-sans-m layout-padded\">Vi lever i en verden preget av mer uro enn p\u00e5 lenge, demokratiet er under angrep. Vi har tillit til at vi i dag m\u00f8ter en regent som st\u00e5r for kontinuitet og som forst\u00e5r samfunnet han lever i. En konge som gir tydelig uttrykk for et \u00f8nske om \u00e5 bevare det norske fellesskapet og gj\u00f8re sitt ytterste for Norge. <\/p>\n<p class=\"_paragraph_145nj_4 _paragraph_6fko5_10 _paragraph_1kitn_11 layout-component text-serif-m layout-normal text-sans-m layout-padded\">Deres majestet, folkets representanter samler seg i dag rundt sin nye konge, vi gj\u00f8r det i det gamle \u00f8nsket \u00abGud bevare konge og fedrelandet\u00bb.  <\/p>\n<p>Vis mer<\/p>\n<p class=\"_paragraph_145nj_4 _paragraph_6fko5_10 layout-component text-serif-m layout-normal text-serif-m layout-padded\">P\u00e5 sp\u00f8rsm\u00e5l om hva som er annerledes fra kong Haralds edsavleggelse i 1991, svarer stortingspresidenten:<\/p>\n<p class=\"_paragraph_145nj_4 _paragraph_6fko5_10 layout-component text-serif-m layout-normal text-serif-m layout-padded\"><strong class=\"_strong_145nj_25\">\u2013 Det er flere fra kongefamilien som er til stede. <\/strong><\/p>\n<p class=\"_paragraph_145nj_4 _paragraph_6fko5_10 layout-component text-serif-m layout-normal text-serif-m layout-padded\">\u2013 Jeg vet at dronning Sonja har veldig lyst til \u00e5 v\u00e6re her, og jeg er veldig glad for at hun er en del av det. Alle vet at det var et team med kong Harald og dronning Sonja, sa han til VG, f\u00f8r edsavleggelsen. <\/p>\n<p><img alt=\"Dronning Sonja, prinsesse M\u00e4rtha Louise, kong Haakon og dronning Mette-Marit utenfor slottet mandag, der de m\u00f8tte folkehavet.  Foto: Gisle Oddstad \/ VG\" class=\"_image_jw3bv_65 layout-component layout-normal\" data-fullscreen- data-track-element-type=\"Article image fullscreen\" data-track-name=\"ImageFullscreen\" decoding=\"async\" loading=\"lazy\" height=\"5464\" itemprop=\"image\"  src=\"https:\/\/www.europesays.com\/no\/wp-content\/uploads\/2026\/09\/09aa29db-4902-3e2e-b5d3-46d6903b76a4.jpeg\"  style=\"object-position:0% 0%\" width=\"6937\"\/>Dronning Sonja, prinsesse M\u00e4rtha Louise, kong Haakon og dronning Mette-Marit utenfor slottet mandag, der de m\u00f8tte folkehavet.  Foto: Gisle Oddstad \/ VG<\/p>\n<p class=\"_paragraph_145nj_4 _paragraph_6fko5_10 layout-component text-serif-m layout-normal text-serif-m layout-padded\">Etter stortingspresidentens tale til det nye kongeparet, ble KongesangenKongesangenKongesangen er Norges kongesang, og er en hyllingssang til den norske monarken. Melodien er den samme som i den britiske nasjonalsangen &laquo;God Save the King&raquo;, og sangen begynner med &laquo;Gud sign v\u00e5r konge god!&raquo; sunget. <\/p>\n<p class=\"_paragraph_145nj_4 _paragraph_6fko5_10 layout-component text-serif-m layout-normal text-serif-m layout-padded\">Etter dette forlot kong Haakon Stortinget og satt kurs tilbake mot Slottet. <\/p>\n<p class=\"_paragraph_145nj_4 _paragraph_6fko5_10 layout-component text-serif-m layout-normal text-serif-m layout-padded\">Der avla kronprinsesse Ingrid Alexandra sin ed skriftlig til Stortinget. <\/p>\n","protected":false},"excerpt":{"rendered":"Tirsdag ettermiddag var det h\u00f8ytidelig stemning og et folkehav fra Slottet og nedover paradegaten Karl Johan. Kong Haakon&hellip;\n","protected":false},"author":2,"featured_media":340100,"comment_status":"","ping_status":"","sticky":false,"template":"","format":"standard","meta":{"footnotes":"","_share_on_mastodon":"0"},"categories":[10],"tags":[20,21,24,25,15,26073,26105,1803,22,23,13,30,28,29,14,16,404,333,26,27],"class_list":["post-340099","post","type-post","status-publish","format-standard","has-post-thumbnail","category-norge","tag-breaking-news","tag-breakingnews","tag-featured-news","tag-featurednews","tag-headlines","tag-kong-haakon-8","tag-kong-harald-5","tag-kongehuset","tag-latest-news","tag-latestnews","tag-news","tag-no","tag-norge","tag-norway","tag-nyheter","tag-overskrifter","tag-slottet","tag-stortinget","tag-top-stories","tag-topstories"],"share_on_mastodon":{"url":"https:\/\/pubeurope.com\/@no\/117195973636749477","error":""},"_links":{"self":[{"href":"https:\/\/www.europesays.com\/no\/wp-json\/wp\/v2\/posts\/340099","targetHints":{"allow":["GET"]}}],"collection":[{"href":"https:\/\/www.europesays.com\/no\/wp-json\/wp\/v2\/posts"}],"about":[{"href":"https:\/\/www.europesays.com\/no\/wp-json\/wp\/v2\/types\/post"}],"author":[{"embeddable":true,"href":"https:\/\/www.europesays.com\/no\/wp-json\/wp\/v2\/users\/2"}],"replies":[{"embeddable":true,"href":"https:\/\/www.europesays.com\/no\/wp-json\/wp\/v2\/comments?post=340099"}],"version-history":[{"count":0,"href":"https:\/\/www.europesays.com\/no\/wp-json\/wp\/v2\/posts\/340099\/revisions"}],"wp:featuredmedia":[{"embeddable":true,"href":"https:\/\/www.europesays.com\/no\/wp-json\/wp\/v2\/media\/340100"}],"wp:attachment":[{"href":"https:\/\/www.europesays.com\/no\/wp-json\/wp\/v2\/media?parent=340099"}],"wp:term":[{"taxonomy":"category","embeddable":true,"href":"https:\/\/www.europesays.com\/no\/wp-json\/wp\/v2\/categories?post=340099"},{"taxonomy":"post_tag","embeddable":true,"href":"https:\/\/www.europesays.com\/no\/wp-json\/wp\/v2\/tags?post=340099"}],"curies":[{"name":"wp","href":"https:\/\/api.w.org\/{rel}","templated":true}]}}