{"id":340135,"date":"2026-09-01T14:00:28","date_gmt":"2026-09-01T14:00:28","guid":{"rendered":"https:\/\/www.europesays.com\/no\/340135\/"},"modified":"2026-09-01T14:00:28","modified_gmt":"2026-09-01T14:00:28","slug":"leverer-mindre-strom-enn-ventet-e24","status":"publish","type":"post","link":"https:\/\/www.europesays.com\/no\/340135\/","title":{"rendered":"Leverer mindre str\u00f8m enn ventet \u2013 E24"},"content":{"rendered":"\n<p class=\"_textTheme_1yhmn_1 _lead_16k26_2 _lead_3ue4t_18 layout-component layout-wide layout-padded _lead_o6m9k_5 body-large _wide_o6m9k_9\">NVE jekker ned anslaget p\u00e5 hvor mye str\u00f8m norsk vindkraft leverer.<\/p>\n<p><img alt=\"Kvitfjell og Raudfjell vindkraftverk i Troms\u00f8 kommune.\" class=\"_image_1jxax_84 layout-component layout-wide\" data-fullscreen- data-track-element-type=\"Article image fullscreen\" data-track-name=\"ImageFullscreen\" fetchpriority=\"high\" decoding=\"sync\" loading=\"eager\" height=\"2688\" itemprop=\"image\"  src=\"https:\/\/www.europesays.com\/no\/wp-content\/uploads\/2026\/09\/2579f5b7-65e9-3167-9f93-8938ca3722c6.jpeg\"  style=\"object-position:0% 0%\" width=\"4032\"\/>Kvitfjell og Raudfjell vindkraftverk i Troms\u00f8 kommune.  Foto: J\u00f8rgen Braastad \/ VGVis mer        <\/p>\n<p>Oppsummeringen er laget med kunstig intelligens og kvalitetssikret av E24s journalister.<\/p>\n<ul class=\"_list_16k26_3 _list_tj395_103 _unordered_16k26_103 _textTheme_1yhmn_1 body-small\">\n<li class=\"_item_16k26_63\">NVE jekker ned anslaget for normal norsk vindkraftproduksjon til 15,2 terawattimer (TWh) \u00e5rlig, fra tidligere anslag p\u00e5 15,9 TWh.<\/li>\n<li class=\"_item_16k26_63\">Dette er andre gang at NVE nedjusterer forventningene til norsk vindkraft.<\/li>\n<li class=\"_item_16k26_63\">Vindkraften har i flere \u00e5r levert mindre str\u00f8m enn ventet, og NVE peker p\u00e5 flere ulike forklaringer.<\/li>\n<\/ul>\n<p>Vis mer  <\/p>\n<p class=\"_textTheme_1yhmn_1 _paragraph_16k26_4 _paragraph_3ue4t_27 layout-component layout-normal layout-padded body-medium\">Norges vassdrags- og energidirektorat (NVE) sier de har f\u00e5tt mer data om hvor mye vindkraften leverer.<\/p>\n<p class=\"_textTheme_1yhmn_1 _paragraph_16k26_4 _paragraph_3ue4t_27 layout-component layout-normal layout-padded body-medium\">N\u00e5 <a href=\"https:\/\/www.nve.no\/nytt-fra-nve\/nyheter-energi\/nve-legger-fram-oppdaterte-estimater-for-vindkraftproduksjon\/\" class=\"_link_16k26_32\" rel=\"nofollow noopener\" target=\"_blank\">justerer de ned anslagene<\/a> for \u00e5rlig produksjon til 15,2 terawattimer (TWh) \u00e5rlig produksjon, fra et tidligere anslag p\u00e5 15,9 TWh.<\/p>\n<p class=\"_textTheme_1yhmn_1 _paragraph_16k26_4 _paragraph_3ue4t_27 layout-component layout-normal layout-padded body-medium\">Dette er hva vindkraften er ventet \u00e5 produsere under normale forhold.<\/p>\n<p class=\"_textTheme_1yhmn_1 _paragraph_16k26_4 _paragraph_3ue4t_27 layout-component layout-normal layout-padded body-medium\">\u2013 Dette gj\u00f8r vi for \u00e5 sikre at estimatene blir mer realistiske, sier seksjonssjef Magnus Buvik i NVE i en melding.<\/p>\n<p class=\"_textTheme_1yhmn_1 _paragraph_16k26_4 _paragraph_3ue4t_27 layout-component layout-normal layout-padded body-medium\">Dette er ikke f\u00f8rste gang dette skjer. I fjor nedjusterte NVE forventningen til \u00e5rlig produksjon fra vindkraften <a href=\"https:\/\/www.nve.no\/nytt-fra-nve\/nyheter-energi\/ny-metode-gir-mer-presise-estimater-for-vindkraftproduksjon\/\" class=\"_link_16k26_32\" rel=\"nofollow noopener\" target=\"_blank\">med om lag 1 TWh til 15,9 TWh<\/a>.<\/p>\n<p class=\"_textTheme_1yhmn_1 _paragraph_16k26_4 _paragraph_3ue4t_27 layout-component layout-normal layout-padded body-medium\">\u2013 Ogs\u00e5 i \u00e5r nedjusteres anslagene siden vi n\u00e5 har faktisk produksjonsdata for flere kraftverk og flere \u00e5r, sier Buvik.<\/p>\n<p> <a class=\"_link_193me_21\" data-track-id=\"teaser:6qVPy0\" data-track-impression=\"true\" data-track-name=\"Kritisk til Aaslands kraftplan: \u2013 Lite klokt\" data-track-element-size=\"small\" data-track-element-type=\"Teaser\" data-track-image-url=\"https:\/\/www.europesays.com\/no\/wp-content\/uploads\/2026\/09\/0213a523-772e-3def-9631-922d1967b234.jpeg\" data-track-layout-name=\"image:right\" data-track-position-source=\"related-article\" href=\"https:\/\/e24.no\/energi-og-klima\/i\/6qVPy0\/kritisk-til-aaslands-kraftplan-lite-klokt\" rel=\"nofollow noopener\" target=\"_blank\"><img decoding=\"async\" alt=\"\" class=\"_image_193me_79\" height=\"3396\" loading=\"lazy\"  src=\"https:\/\/www.europesays.com\/no\/wp-content\/uploads\/2026\/09\/0213a523-772e-3def-9631-922d1967b234.jpeg\"  width=\"5094\"\/><\/p>\n<p class=\"label-small _kicker_193me_100\">Les ogs\u00e5<\/p>\n<p>Kritisk til Aaslands kraftplan: \u2013 Lite klokt<\/a> Kan gi bedre budsjettering <\/p>\n<p class=\"_textTheme_1yhmn_1 _paragraph_16k26_4 _paragraph_3ue4t_27 layout-component layout-normal layout-padded body-medium\">Anslagene kan p\u00e5virke kommunenes anslag for fremtidige inntekter fra vindkraftverkene.<\/p>\n<p class=\"_textTheme_1yhmn_1 _paragraph_16k26_4 _paragraph_3ue4t_27 layout-component layout-normal layout-padded body-medium\">Vertskommunene f\u00e5r blant annet en produksjonsavgift p\u00e5 noen \u00f8re for hver kilowattime vindkraften produserer.<\/p>\n<p class=\"_textTheme_1yhmn_1 _paragraph_16k26_4 _paragraph_3ue4t_27 layout-component layout-normal layout-padded body-medium\">\u2013 Mer realistiske produksjonsestimater kan gi bedre grunnlag for budsjettering. Samtidig vil den faktiske vindkraftproduksjonen variere fra \u00e5r til \u00e5r. Det er derfor viktig \u00e5 v\u00e6re klar over at uplanlagt nedetid eller lite vind kan gi mindre produksjon, sier Buvik.<\/p>\n<p class=\"_textTheme_1yhmn_1 _paragraph_16k26_4 _paragraph_3ue4t_27 layout-component layout-normal layout-padded body-medium\">Justeringen gjelder s\u00e6rlig i prisomr\u00e5dene NO3 (Tr\u00f8ndelag, M\u00f8re og Romsdal og deler av Vestland og Innlandet) og NO4 (Nordland, Troms og Finnmark), opplyser NVE.<\/p>\n<p> <a class=\"_link_193me_21\" data-track-id=\"teaser:k0BJwB\" data-track-impression=\"true\" data-track-name=\"Bare ett vindkraft-veto: \u2013 Bedre for kommunen\" data-track-element-size=\"small\" data-track-element-type=\"Teaser\" data-track-image-url=\"https:\/\/www.europesays.com\/no\/wp-content\/uploads\/2026\/09\/ff157f1d-d0f2-3023-98c1-4cb69ca8f8a2.jpeg\" data-track-layout-name=\"image:right\" data-track-position-source=\"related-article\" href=\"https:\/\/e24.no\/energi-og-klima\/i\/k0BJwB\/bare-ett-vindkraft-veto-bedre-for-kommunen\" rel=\"nofollow noopener\" target=\"_blank\"><img decoding=\"async\" alt=\"\" class=\"_image_193me_79\" height=\"4000\" loading=\"lazy\"  src=\"https:\/\/www.europesays.com\/no\/wp-content\/uploads\/2026\/09\/ff157f1d-d0f2-3023-98c1-4cb69ca8f8a2.jpeg\"  width=\"6000\"\/><\/p>\n<p class=\"label-small _kicker_193me_100\">Les ogs\u00e5<\/p>\n<p>Bare ett vindkraft-veto: \u2013 Bedre for kommunen<\/a> Lavere produksjon enn ventet <\/p>\n<p class=\"_textTheme_1yhmn_1 _paragraph_16k26_4 _paragraph_3ue4t_27 layout-component layout-normal layout-padded body-medium\">If\u00f8lge NVE har vindkraften levert mindre str\u00f8m enn ventet i flere \u00e5r.<\/p>\n<p class=\"_textTheme_1yhmn_1 _paragraph_16k26_4 _paragraph_3ue4t_27 layout-component layout-normal layout-padded body-medium\">De trekker frem flere mulige \u00e5rsaker:<\/p>\n<ul class=\"_list_16k26_3 _list_3ue4t_26 _unordered_16k26_103 _textTheme_1yhmn_1 layout-component layout-normal layout-padded body-medium\">\n<li class=\"_item_16k26_63\">Atmosf\u00e6riske forhold i Norden som gj\u00f8r at etablerte simuleringsmetoder overvurderer produksjonen.<\/li>\n<li class=\"_item_16k26_63\">Undervurdering av tap grunnet ising.<\/li>\n<li class=\"_item_16k26_63\">Upresise vindm\u00e5linger.<\/li>\n<li class=\"_item_16k26_63\">Feil i produksjonskurver til vindturbiner.<\/li>\n<li class=\"_item_16k26_63\">Produksjonen kan ogs\u00e5 p\u00e5virkes av operat\u00f8renes valg knyttet til lave str\u00f8mpriser (et fenomen man s\u00e6rlig har opplevd nord i landet) og deltagelse i balansemarkeder.<\/li>\n<\/ul>\n<p>      <a class=\"_link_193me_21\" data-track-id=\"teaser:BxqAP0\" data-track-impression=\"true\" data-track-name=\"Fornybarsjef: \u2013 Ekstremt s\u00e5rbare\" data-track-element-size=\"small\" data-track-element-type=\"Teaser\" data-track-image-url=\"https:\/\/www.europesays.com\/no\/wp-content\/uploads\/2026\/09\/1788271227_370_75608521-5031-3e27-bfaf-e01cb7268bb1.jpeg\" data-track-layout-name=\"image:right\" data-track-position-source=\"related-article\" href=\"https:\/\/e24.no\/energi-og-klima\/i\/BxqAP0\/fornybarsjef-ekstremt-saarbare\" rel=\"nofollow noopener\" target=\"_blank\"><img decoding=\"async\" alt=\"\" class=\"_image_193me_79\" height=\"2000\" loading=\"lazy\"  src=\"https:\/\/www.europesays.com\/no\/wp-content\/uploads\/2026\/09\/1788271227_370_75608521-5031-3e27-bfaf-e01cb7268bb1.jpeg\"  width=\"3000\"\/><\/p>\n<p class=\"label-small _kicker_193me_100\">Les ogs\u00e5<\/p>\n<p>Fornybarsjef: \u2013 Ekstremt s\u00e5rbare<\/a>  <a class=\"_link_193me_21\" data-track-id=\"teaser:9p37nd\" data-track-impression=\"true\" data-track-name=\"NVEs vindkraft-advarsel: \u2013 Deler bekymringen\" data-track-element-size=\"small\" data-track-element-type=\"Teaser\" data-track-image-url=\"https:\/\/www.europesays.com\/no\/wp-content\/uploads\/2026\/09\/a25c23f3-afa8-4431-8f66-d309c5f1aaa3.jpeg\" data-track-layout-name=\"image:right\" data-track-position-source=\"related-article\" href=\"https:\/\/e24.no\/energi-og-klima\/i\/9p37nd\/nves-vindkraft-advarsel-deler-bekymringen\" rel=\"nofollow noopener\" target=\"_blank\"><img decoding=\"async\" alt=\"\" class=\"_image_193me_79\" height=\"2856\" loading=\"lazy\"  src=\"https:\/\/www.europesays.com\/no\/wp-content\/uploads\/2026\/09\/a25c23f3-afa8-4431-8f66-d309c5f1aaa3.jpeg\"  width=\"4287\"\/><\/p>\n<p class=\"label-small _kicker_193me_100\">Les ogs\u00e5<\/p>\n<p>NVEs vindkraft-advarsel: \u2013 Deler bekymringen<\/a> <a class=\"_link_193me_21\" data-track-id=\"teaser:XMzzQW\" data-track-impression=\"true\" data-track-name=\"Vil ha flere plikter f\u00f8r vindkraft avvises\" data-track-element-size=\"small\" data-track-element-type=\"Teaser\" data-track-image-url=\"https:\/\/www.europesays.com\/no\/wp-content\/uploads\/2026\/09\/c8a57805-32cb-3b1b-9f77-ae14d4b2f0fe.jpeg\" data-track-layout-name=\"image:right\" data-track-position-source=\"related-article\" href=\"https:\/\/e24.no\/energi-og-klima\/i\/XMzzQW\/vil-ha-flere-plikter-foer-vindkraft-avvises\" rel=\"nofollow noopener\" target=\"_blank\"><img decoding=\"async\" alt=\"\" class=\"_image_193me_79\" height=\"2924\" loading=\"lazy\"  src=\"https:\/\/www.europesays.com\/no\/wp-content\/uploads\/2026\/09\/c8a57805-32cb-3b1b-9f77-ae14d4b2f0fe.jpeg\"  width=\"4385\"\/><\/p>\n<p class=\"label-small _kicker_193me_100\">Les ogs\u00e5<\/p>\n<p>Vil ha flere plikter f\u00f8r vindkraft avvises<\/a>     <\/p>\n","protected":false},"excerpt":{"rendered":"NVE jekker ned anslaget p\u00e5 hvor mye str\u00f8m norsk vindkraft leverer. Kvitfjell og Raudfjell vindkraftverk i Troms\u00f8 kommune.&hellip;\n","protected":false},"author":2,"featured_media":340136,"comment_status":"","ping_status":"","sticky":false,"template":"","format":"standard","meta":{"footnotes":"","_share_on_mastodon":"0"},"categories":[10],"tags":[20,21,24,25,15,22,23,13,30,28,29,954,14,16,26,27,1454],"class_list":["post-340135","post","type-post","status-publish","format-standard","has-post-thumbnail","category-norge","tag-breaking-news","tag-breakingnews","tag-featured-news","tag-featurednews","tag-headlines","tag-latest-news","tag-latestnews","tag-news","tag-no","tag-norge","tag-norway","tag-nve","tag-nyheter","tag-overskrifter","tag-top-stories","tag-topstories","tag-vindkraft"],"share_on_mastodon":{"url":"https:\/\/pubeurope.com\/@no\/117196150332557716","error":""},"_links":{"self":[{"href":"https:\/\/www.europesays.com\/no\/wp-json\/wp\/v2\/posts\/340135","targetHints":{"allow":["GET"]}}],"collection":[{"href":"https:\/\/www.europesays.com\/no\/wp-json\/wp\/v2\/posts"}],"about":[{"href":"https:\/\/www.europesays.com\/no\/wp-json\/wp\/v2\/types\/post"}],"author":[{"embeddable":true,"href":"https:\/\/www.europesays.com\/no\/wp-json\/wp\/v2\/users\/2"}],"replies":[{"embeddable":true,"href":"https:\/\/www.europesays.com\/no\/wp-json\/wp\/v2\/comments?post=340135"}],"version-history":[{"count":0,"href":"https:\/\/www.europesays.com\/no\/wp-json\/wp\/v2\/posts\/340135\/revisions"}],"wp:featuredmedia":[{"embeddable":true,"href":"https:\/\/www.europesays.com\/no\/wp-json\/wp\/v2\/media\/340136"}],"wp:attachment":[{"href":"https:\/\/www.europesays.com\/no\/wp-json\/wp\/v2\/media?parent=340135"}],"wp:term":[{"taxonomy":"category","embeddable":true,"href":"https:\/\/www.europesays.com\/no\/wp-json\/wp\/v2\/categories?post=340135"},{"taxonomy":"post_tag","embeddable":true,"href":"https:\/\/www.europesays.com\/no\/wp-json\/wp\/v2\/tags?post=340135"}],"curies":[{"name":"wp","href":"https:\/\/api.w.org\/{rel}","templated":true}]}}