{"id":340177,"date":"2026-09-01T14:31:18","date_gmt":"2026-09-01T14:31:18","guid":{"rendered":"https:\/\/www.europesays.com\/no\/340177\/"},"modified":"2026-09-01T14:31:18","modified_gmt":"2026-09-01T14:31:18","slug":"direktor-gir-seg-i-oljefondet-e24","status":"publish","type":"post","link":"https:\/\/www.europesays.com\/no\/340177\/","title":{"rendered":"Direkt\u00f8r gir seg i Oljefondet \u2013 E24"},"content":{"rendered":"\n<p class=\"_textTheme_1yhmn_1 _lead_16k26_2 _lead_3ue4t_18 layout-component layout-wide layout-padded _lead_o6m9k_5 body-large _wide_o6m9k_9\">Carine Smith Ihenacho forlater en av de mektigste rollene i fondet.<\/p>\n<p><img alt=\"Carine Smith Ihenacho.\" class=\"_image_1jxax_84 layout-component layout-wide\" data-fullscreen- data-track-element-type=\"Article image fullscreen\" data-track-name=\"ImageFullscreen\" fetchpriority=\"high\" decoding=\"sync\" loading=\"eager\" height=\"4000\" itemprop=\"image\"  src=\"https:\/\/www.europesays.com\/no\/wp-content\/uploads\/2026\/09\/9699d2c1-a11a-34da-beb1-ae3255036aaa.jpeg\"  style=\"object-position:0% 0%\" width=\"6000\"\/>Carine Smith Ihenacho.  Foto: Skjalg B\u00f8hmer VoldVis mer<a class=\"_link_1lr5y_108\" href=\"https:\/\/e24.no\/forfatter\/fredrick-chr-ekeseth\" title=\"Fredrick Chr. Ekeseth\" rel=\"nofollow noopener\" target=\"_blank\"><img alt=\"Bilde av Fredrick Chr. Ekeseth\" class=\"_image_1lr5y_85\" fetchpriority=\"low\" decoding=\"async\" itemprop=\"image\" loading=\"lazy\"  src=\"https:\/\/www.europesays.com\/no\/wp-content\/uploads\/2026\/09\/604340f4-1966-4579-8220-2a5375982d4e.png\"  width=\"480\"\/><\/a>        <\/p>\n<p>Oppsummeringen er laget med kunstig intelligens og kvalitetssikret av E24s journalister.<\/p>\n<ul class=\"_list_16k26_3 _list_tj395_103 _unordered_16k26_103 _textTheme_1yhmn_1 body-small\">\n<li class=\"_item_16k26_63\">Carine Smith Ihenacho slutter som direkt\u00f8r for eierskap og etterlevelse i Oljefondet etter ni \u00e5r.<\/li>\n<li class=\"_item_16k26_63\">Hun har spilt en sentral rolle i \u00e5 bygge opp fondets arbeid med ansvarlig forvaltning globalt.<\/li>\n<li class=\"_item_16k26_63\">Hvem som tar over stillingen er forel\u00f8pig ikke bestemt.<\/li>\n<\/ul>\n<p>Vis mer  <\/p>\n<p class=\"_textTheme_1yhmn_1 _paragraph_16k26_4 _paragraph_3ue4t_27 layout-component layout-normal layout-padded body-medium\">Carine Smith Ihenacho slutter som direkt\u00f8r for eierskap og etterlevelse i Norges Bank Investment Management (NBIM), if\u00f8lge en <a href=\"https:\/\/www.nbim.no\/no\/nyheter-og-innsikt\/presserom\/pressemeldinger\/2026\/carine-smith-ihenacho-slutter-i-norges-bank-investment-management\/\" class=\"_link_16k26_32\" rel=\"nofollow noopener\" target=\"_blank\">pressemelding<\/a>.<\/p>\n<p class=\"_textTheme_1yhmn_1 _paragraph_16k26_4 _paragraph_3ue4t_27 layout-component layout-normal layout-padded body-medium\">\u2013 De siste ni \u00e5rene i NBIM har v\u00e6rt noen av de mest givende i mitt yrkesliv, og det har v\u00e6rt et privilegium \u00e5 bidra til fondets oppdrag, sier Smith Ihenacho.<\/p>\n<p class=\"_textTheme_1yhmn_1 _paragraph_16k26_4 _paragraph_3ue4t_27 layout-component layout-normal layout-padded body-medium\">Hun sier videre at hun mener tiden er inne for \u00e5 utforske nye utfordringer og starte et nytt kapittel i arbeidslivet.<\/p>\n<p> <a class=\"_link_193me_21\" data-track-id=\"teaser:Eyd0p3\" data-track-impression=\"true\" data-track-name=\"Oljefondet stemmer mot Tesla-sjefens l\u00f8nnspakke\" data-track-element-size=\"small\" data-track-element-type=\"Teaser\" data-track-image-url=\"https:\/\/www.europesays.com\/no\/wp-content\/uploads\/2026\/09\/c19ac64a-8949-4d12-a03a-b54897a68666.jpeg\" data-track-layout-name=\"image:right\" data-track-position-source=\"related-article\" href=\"https:\/\/e24.no\/boers-og-finans\/i\/Eyd0p3\/oljefondet-stemmer-mot-tesla-sjefens-loennspakke\" rel=\"nofollow noopener\" target=\"_blank\"><img decoding=\"async\" alt=\"\" class=\"_image_193me_79\" height=\"3667\" loading=\"lazy\"  src=\"https:\/\/www.europesays.com\/no\/wp-content\/uploads\/2026\/09\/c19ac64a-8949-4d12-a03a-b54897a68666.jpeg\"  width=\"5500\"\/><\/p>\n<p class=\"label-small _kicker_193me_100\">Les ogs\u00e5<\/p>\n<p>Oljefondet stemmer mot Tesla-sjefens l\u00f8nnspakke<\/a> <\/p>\n<p class=\"_textTheme_1yhmn_1 _paragraph_16k26_4 _paragraph_3ue4t_27 layout-component layout-normal layout-padded body-medium\">Oljefond-sjef Nicolai Tangen takker henne for innsatsen.<\/p>\n<p class=\"_textTheme_1yhmn_1 _paragraph_16k26_4 _paragraph_3ue4t_27 layout-component layout-normal layout-padded body-medium\">\u2013 Carine etterlater seg et varig fotavtrykk i fondet. Under hennes ledelse har vi bygget opp en verdensledende funksjon for eierskapsut\u00f8velse, og hun har v\u00e6rt et sv\u00e6rt h\u00f8yt ansett medlem av fondets ledelse, sier Tangen.<\/p>\n<p> <a class=\"_link_193me_21\" data-track-id=\"teaser:zAme9b\" data-track-impression=\"true\" data-track-name=\"Oljefondet: \u2013 Vi gj\u00f8r ikke bakgrunnssjekker p\u00e5 alle styremedlemmene\" data-track-element-size=\"small\" data-track-element-type=\"Teaser\" data-track-image-url=\"https:\/\/www.europesays.com\/no\/wp-content\/uploads\/2026\/09\/19f1cb24-4825-49c3-8d87-4740bb70af89.jpeg\" data-track-layout-name=\"image:right\" data-track-position-source=\"related-article\" href=\"https:\/\/e24.no\/internasjonal-oekonomi\/i\/zAme9b\/oljefondet-vi-gjoer-ikke-bakgrunnssjekker-paa-alle-styremedlemmene\" rel=\"nofollow noopener\" target=\"_blank\"><img decoding=\"async\" alt=\"\" class=\"_image_193me_79\" height=\"4160\" loading=\"lazy\"  src=\"https:\/\/www.europesays.com\/no\/wp-content\/uploads\/2026\/09\/19f1cb24-4825-49c3-8d87-4740bb70af89.jpeg\"  width=\"6240\"\/><\/p>\n<p class=\"label-small _kicker_193me_100\">Les ogs\u00e5<\/p>\n<p>Oljefondet: \u2013 Vi gj\u00f8r ikke bakgrunnssjekker p\u00e5 alle styremedlemmene<\/a> <\/p>\n<p class=\"_textTheme_1yhmn_1 _paragraph_16k26_4 _paragraph_3ue4t_27 layout-component layout-normal layout-padded body-medium\">Smith Ihenacho kom til fondet i 2017 og ledet den gang et lite team for aktivt eierskap. <\/p>\n<p class=\"_textTheme_1yhmn_1 _paragraph_16k26_4 _paragraph_3ue4t_27 layout-component layout-normal layout-padded body-medium\">Under hennes ledelse vokste avdelingen til \u00e5 bli en av de mest innflytelsesrike akt\u00f8rene innen ansvarlig forvaltning globalt, if\u00f8lge meldingen.<\/p>\n<p class=\"_textTheme_1yhmn_1 _paragraph_16k26_4 _paragraph_3ue4t_27 layout-component layout-normal layout-padded body-medium\">\u00c5ret etter ble hun forfremmet til direkt\u00f8r og fikk plass i b\u00e5de ledergruppen og investeringskomiteen. Fra 2020 fikk hun ogs\u00e5 ansvar for juridisk og skatt, samt etterlevelse og operasjonell risiko.<\/p>\n<p> <a class=\"_link_193me_21\" data-track-id=\"teaser:934LKq\" data-track-impression=\"true\" data-track-name=\"Portrettintervju av Carine Smith Ihenacho: \u2013 Det har v\u00e6rt lettere tider \u00e5 jobbe med dette\" data-track-element-size=\"small\" data-track-element-type=\"Teaser\" data-track-image-url=\"https:\/\/www.europesays.com\/no\/wp-content\/uploads\/2026\/09\/334a2a14-c778-4b08-b719-ae57d0889f3a.jpeg\" data-track-layout-name=\"image:right\" data-track-position-source=\"related-article\" href=\"https:\/\/e24.no\/naeringsliv\/i\/934LKq\/carine-smith-ihenacho-i-oljefondet-det-har-vaert-lettere-tider-aa-jobbe-med-dette\" rel=\"nofollow noopener\" target=\"_blank\"><img decoding=\"async\" alt=\"\" class=\"_image_193me_79\" height=\"4000\" loading=\"lazy\"  src=\"https:\/\/www.europesays.com\/no\/wp-content\/uploads\/2026\/09\/334a2a14-c778-4b08-b719-ae57d0889f3a.jpeg\"  width=\"6000\"\/><\/p>\n<p class=\"label-small _kicker_193me_100\">Les ogs\u00e5<\/p>\n<p>Portrettintervju av Carine Smith Ihenacho: \u2013 Det har v\u00e6rt lettere tider \u00e5 jobbe med dette<\/a> <\/p>\n<p class=\"_textTheme_1yhmn_1 _paragraph_16k26_4 _paragraph_3ue4t_27 layout-component layout-normal layout-padded body-medium\">Smith Ihenacho blir i stillingen ut \u00e5ret. <\/p>\n<p class=\"_textTheme_1yhmn_1 _paragraph_16k26_4 _paragraph_3ue4t_27 layout-component layout-normal layout-padded body-medium\">Hvem som overtar rollen etter henne, er forel\u00f8pig ikke klart.<\/p>\n<p> <a class=\"_link_193me_21\" data-track-id=\"teaser:qPE2Gg\" data-track-impression=\"true\" data-track-name=\"Musk-meldingene som skapte et \u00absalig kaos\u00bb \" data-track-element-size=\"small\" data-track-element-type=\"Teaser\" data-track-image-url=\"https:\/\/www.europesays.com\/no\/wp-content\/uploads\/2026\/09\/1d0bc2b7-b038-4e3d-93bb-2f0fb051500f.png\" data-track-layout-name=\"image:right\" data-track-position-source=\"related-article\" href=\"https:\/\/e24.no\/boers-og-finans\/i\/qPE2Gg\/musk-meldingene-som-skapte-et-salig-kaos\" rel=\"nofollow noopener\" target=\"_blank\"><img decoding=\"async\" alt=\"\" class=\"_image_193me_79\" height=\"1080\" loading=\"lazy\"  src=\"https:\/\/www.europesays.com\/no\/wp-content\/uploads\/2026\/09\/1d0bc2b7-b038-4e3d-93bb-2f0fb051500f.png\"  width=\"1920\"\/><\/p>\n<p class=\"label-small _kicker_193me_100\">Les ogs\u00e5<\/p>\n<p>Musk-meldingene som skapte et \u00absalig kaos\u00bb <\/a>     <a class=\"_link_193me_21\" data-track-id=\"teaser:zAz3wq\" data-track-impression=\"true\" data-track-name=\"Oljefondet kastet ut 49 selskaper i fjor\" data-track-element-size=\"small\" data-track-element-type=\"Teaser\" data-track-image-url=\"https:\/\/www.europesays.com\/no\/wp-content\/uploads\/2026\/09\/200d4913-4ec2-45e8-a1e5-334698cd0d85.jpeg\" data-track-layout-name=\"image:right\" data-track-position-source=\"related-article\" href=\"https:\/\/e24.no\/boers-og-finans\/i\/zAz3wq\/oljefondet-kastet-ut-49-selskaper-i-fjor\" rel=\"nofollow noopener\" target=\"_blank\"><img decoding=\"async\" alt=\"\" class=\"_image_193me_79\" height=\"4000\" loading=\"lazy\"  src=\"https:\/\/www.europesays.com\/no\/wp-content\/uploads\/2026\/09\/200d4913-4ec2-45e8-a1e5-334698cd0d85.jpeg\"  width=\"6000\"\/><\/p>\n<p class=\"label-small _kicker_193me_100\">Les ogs\u00e5<\/p>\n<p>Oljefondet kastet ut 49 selskaper i fjor<\/a>     <\/p>\n","protected":false},"excerpt":{"rendered":"Carine Smith Ihenacho forlater en av de mektigste rollene i fondet. Carine Smith Ihenacho. Foto: Skjalg B\u00f8hmer VoldVis&hellip;\n","protected":false},"author":2,"featured_media":340178,"comment_status":"","ping_status":"","sticky":false,"template":"","format":"standard","meta":{"footnotes":"","_share_on_mastodon":"0"},"categories":[5],"tags":[465,20,21,24,25,15,19,22,23,17,18,13,30,28,4008,29,14,761,16,26,27],"class_list":["post-340177","post","type-post","status-publish","format-standard","has-post-thumbnail","category-overskrifter","tag-arbeidsliv","tag-breaking-news","tag-breakingnews","tag-featured-news","tag-featurednews","tag-headlines","tag-hovedoppslag","tag-latest-news","tag-latestnews","tag-main-news","tag-mainnews","tag-news","tag-no","tag-norge","tag-norges-bank-investment-management-nbim","tag-norway","tag-nyheter","tag-oljefondet","tag-overskrifter","tag-top-stories","tag-topstories"],"share_on_mastodon":{"url":"https:\/\/pubeurope.com\/@no\/117196271866872679","error":""},"_links":{"self":[{"href":"https:\/\/www.europesays.com\/no\/wp-json\/wp\/v2\/posts\/340177","targetHints":{"allow":["GET"]}}],"collection":[{"href":"https:\/\/www.europesays.com\/no\/wp-json\/wp\/v2\/posts"}],"about":[{"href":"https:\/\/www.europesays.com\/no\/wp-json\/wp\/v2\/types\/post"}],"author":[{"embeddable":true,"href":"https:\/\/www.europesays.com\/no\/wp-json\/wp\/v2\/users\/2"}],"replies":[{"embeddable":true,"href":"https:\/\/www.europesays.com\/no\/wp-json\/wp\/v2\/comments?post=340177"}],"version-history":[{"count":0,"href":"https:\/\/www.europesays.com\/no\/wp-json\/wp\/v2\/posts\/340177\/revisions"}],"wp:featuredmedia":[{"embeddable":true,"href":"https:\/\/www.europesays.com\/no\/wp-json\/wp\/v2\/media\/340178"}],"wp:attachment":[{"href":"https:\/\/www.europesays.com\/no\/wp-json\/wp\/v2\/media?parent=340177"}],"wp:term":[{"taxonomy":"category","embeddable":true,"href":"https:\/\/www.europesays.com\/no\/wp-json\/wp\/v2\/categories?post=340177"},{"taxonomy":"post_tag","embeddable":true,"href":"https:\/\/www.europesays.com\/no\/wp-json\/wp\/v2\/tags?post=340177"}],"curies":[{"name":"wp","href":"https:\/\/api.w.org\/{rel}","templated":true}]}}