{"id":340183,"date":"2026-09-01T14:39:15","date_gmt":"2026-09-01T14:39:15","guid":{"rendered":"https:\/\/www.europesays.com\/no\/340183\/"},"modified":"2026-09-01T14:39:15","modified_gmt":"2026-09-01T14:39:15","slug":"nyhet-bensin-fillerister-store-over-drivstoffpriser-na-er-det-faen-meg-nok","status":"publish","type":"post","link":"https:\/\/www.europesays.com\/no\/340183\/","title":{"rendered":"Nyhet, Bensin | Fillerister St\u00f8re over drivstoffpriser: \u2013 N\u00e5 er det faen meg nok"},"content":{"rendered":"\n<p><a href=\"https:\/\/www.nettavisen.no\/nyheter\/bensinprisen-nar-30-kroner-nordmenn-strommer-til-sverige\/s\/80-95-45527\" rel=\"Follow nofollow noopener\" target=\"_blank\">(Nettavisen): <\/a>SVINESUND\/OSLO: Ved midnatt gikk de midlertidige avgiftskuttene p\u00e5 drivstoff ut. Det f\u00f8rte til kraftige pris\u00f8kninger p\u00e5 b\u00e5de bensin og diesel tirsdag morgen.<\/p>\n<p>Nettavisen har registrert pris\u00f8kninger p\u00e5 mellom <a rel=\"Follow nofollow noopener\" href=\"https:\/\/www.nettavisen.no\/okonomi\/pumpesjokket-18-53-i-gar-26-73-i-dag\/s\/80-95-45041\" target=\"_blank\">sju og \u00e5tte kroner literen flere steder i Norge<\/a>. Enkelte steder har pumpeprisene v\u00e6rt like under 30 kroner literen.<\/p>\n<p>P\u00e5 andre siden av svenskegrensa er prisene langt lavere. P\u00e5 bensinstasjonen utenfor Nordby Shoppingcenter p\u00e5 Svinesund m\u00f8ter Nettavisen flere nordmenn som har tatt turen over grensa for \u00e5 fylle.<\/p>\n<p>   <img decoding=\"async\" width=\"4032\" height=\"3024\" fetchpriority=\"low\"  loading=\"lazy\"  src=\"https:\/\/www.europesays.com\/no\/wp-content\/uploads\/2026\/09\/1788273553_372_IMG_3397.jpg\" alt=\"\" class=\"brick-c-cFOWSL\" style=\"--brick-image-ratio: 4032 \/ 3024;\"\/><\/p>\n<p>      I K\u00d8: Norske biler st\u00e5r i fyllek\u00f8 p\u00e5 Svinesund.<br \/>\n      Foto: Kari Anne Eikeland (Nettavisen)\n    <\/p>\n<p>  Planla fylling<\/p>\n<p>\u2013 Det er ille, sier Svein Bjerke om de norske prisene.<\/p>\n<p>Han og familien skal videre med ferja fra Str\u00f6mstad til Sandefjord, f\u00f8r turen g\u00e5r s\u00f8rover mot T\u00f8nsberg. Allerede f\u00f8r de dro hjemmefra hadde de bestemt seg for \u00e5 vente med \u00e5 fylle.<\/p>\n<p>\u2013 Vi hadde planlagt \u00e5 ha tom tank da vi kom til Sverige, sier Bjerke.<\/p>\n<p>   <img decoding=\"async\" width=\"5712\" height=\"4284\" fetchpriority=\"low\"  loading=\"lazy\"  src=\"https:\/\/www.europesays.com\/no\/wp-content\/uploads\/2026\/09\/1788273554_460_IMG_3401.jpg\" alt=\"\" class=\"brick-c-cFOWSL\" style=\"--brick-image-ratio: 5712 \/ 4284;\"\/><\/p>\n<p>      PLANLAGT: Svein Bjerke planla \u00e5 fylle i Sverige f\u00f8r han og familien dro p\u00e5 reise.<br \/>\n      Foto: Kari Anne Eikeland (Nettavisen)\n    <\/p>\n<p>Da han s\u00e5 norske pumpepriser p\u00e5 over 27 kroner tirsdag morgen, var han ikke i tvil.<\/p>\n<p>\u2013 Jeg s\u00e5 jo prisene i Norge. Det frister ikke i det hele tatt, sier han.<\/p>\n<p>Bjerke og familien er langt fra de eneste nordmennene som har reist over grensa for \u00e5 fylle. Nettavisens reportere p\u00e5 stedet forteller om k\u00f8er med norskregistrerte biler ved pumpene utenfor kj\u00f8pesenteret.<\/p>\n<p>  <a href=\"https:\/\/www.dt.no\/80-57-374\" class=\"related-teaser has-image article--c-MkAkR\" rel=\"nofollow noopener\" target=\"_blank\"><\/p>\n<p>    <img decoding=\"async\" width=\"155\"  loading=\"lazy\"  src=\"https:\/\/www.europesays.com\/no\/wp-content\/uploads\/2026\/09\/5_57_2229320 strB8m.jpg\" alt=\"\" class=\"brick-c-cFOWSL\" style=\"\"\/><\/p>\n<p>\n            Les ogs\u00e5<\/p>\n<p>            P\u00f8ser \u00e9n millard kroner inn i Drammen\n        <\/p>\n<p>  <\/a><br \/>\n  \u2013 Vet det er billigere her<\/p>\n<p>Annette Wilhelmsen har ogs\u00e5 tatt turen over grensa for \u00e5 fylle diesel. Hun reagerer kraftig p\u00e5 pris\u00f8kningen i Norge, og ansl\u00e5r at hun kan spare betydelige summer p\u00e5 \u00e5 fylle tanken i Sverige.<\/p>\n<p>\u2013 Det er helt forferdelig. Jeg er jo sj\u00e5f\u00f8r. Det er jo rundt ti kroner forskjell i forhold til det det er i Norge n\u00e5, sier Wilhelmsen.<\/p>\n<p>Hun er samtidig bekymret for hvor prisene vil ende.<\/p>\n<p>\u2013 Man ser jo at alt bare stiger og stiger. Det m\u00e5 jo bli en stopp til slutt, f\u00e5r man h\u00e5pe, sier hun.<\/p>\n<p>Thor Ellefsen fra Fredrikstad er ogs\u00e5 blant nordmennene Nettavisen m\u00f8ter ved pumpene. For ham er svenskehandelen langt fra noe nytt. Han trenger ikke f\u00f8lge n\u00f8ye med p\u00e5 den svenske pumpeprisen f\u00f8r han fyller.<\/p>\n<p>\u2013 Jeg er her en gang i uka. Jeg vet det er billigere her, sier han.<\/p>\n<p>Han har f\u00e5tt med seg at prisene har \u00f8kt kraftig i Norge, men tar det med st\u00f8rre ro enn flere av de andre bilistene.<\/p>\n<p>\u2013 Folk klager jo p\u00e5 alt mulig, sier han.<\/p>\n<p>  <a href=\"https:\/\/www.dt.no\/80-57-323\" class=\"related-teaser has-image article--c-MkAkR\" rel=\"nofollow noopener\" target=\"_blank\"><\/p>\n<p>    <img decoding=\"async\" width=\"155\"  loading=\"lazy\"  src=\"https:\/\/www.europesays.com\/no\/wp-content\/uploads\/2026\/09\/flytter blomster kongens d\u00f8d-6.jpg\" alt=\"\" class=\"brick-c-cFOWSL\" style=\"\"\/><\/p>\n<p>\n            Les ogs\u00e5<\/p>\n<p>            Flytter blomstene: Nytt sted for \u00e5 markere kongens bortgang\n        <\/p>\n<p>  <\/a><br \/>\n  Satt drivstoffrevolusjonen p\u00e5 vent<\/p>\n<p>Pris\u00f8kningen kommer samtidig som den politiske striden om drivstoffavgiftene er satt p\u00e5 pause. <a rel=\"Follow nofollow noopener\" href=\"https:\/\/www.nettavisen.no\/nyheter\/nettavisen-avslorer-her-er-brevet-som-styrer-det-politiske-norge\/s\/5-95-3214504\" target=\"_blank\">Mandag morgen kunne Nettavisen avsl\u00f8re<\/a> at regjeringen f\u00e5 timer etter kong Haralds d\u00f8d sendt ut \u00abkj\u00f8rereglene\u00bb for det politiske Norge.\u00a0<\/p>\n<p>Reglene ble utarbeidet i samarbeid med Fremskrittspartiet og avklart med de \u00f8vrige partiene p\u00e5 Stortinget f\u00f8r kongens d\u00f8d.<\/p>\n<p>Under en time etter kongens d\u00f8dsfall skal ogs\u00e5 <a rel=\"Follow nofollow noopener\" href=\"https:\/\/www.nettavisen.no\/nyheter\/hoyre-oppror-om-bensin-stanset-pa-46-minutter\/s\/5-95-3214721\" target=\"_blank\">H\u00f8yres partitopper ha satt drivstoffrevolusjonen<\/a> innad i partiet p\u00e5 vent enn s\u00e5 lenge.<\/p>\n<p>\u2013 N\u00e5 er det faen meg nok<\/p>\n<p>At drivstoffprisene skyter opp samtidig som den ordin\u00e6re politiske striden er satt p\u00e5 pause, f\u00e5r flere av bilistene Nettavisen m\u00f8ter i Sverige til \u00e5 reagere.<\/p>\n<p>\u2013 Det synes jeg de kunne diskutert. Det g\u00e5r jo utover n\u00e6ringen ogs\u00e5 n\u00e5r det har \u00f8kt s\u00e5 ille, sier Annette Wilhelmsen.<\/p>\n<p>Yvonne Wilhelmsen er klar p\u00e5 hva hun ville sagt dersom hun fikk statsminister Jonas Gahr St\u00f8re (Ap) foran seg.<\/p>\n<p>\u2013 Jeg hadde sl\u00e5tt i bordet og sagt: \u00abN\u00e5 er det nok. N\u00e5 f\u00e5r det faen meg v\u00e6re nok. Vil du betale 30 kroner literen?\u00bb, sier hun.<\/p>\n","protected":false},"excerpt":{"rendered":"(Nettavisen): SVINESUND\/OSLO: Ved midnatt gikk de midlertidige avgiftskuttene p\u00e5 drivstoff ut. Det f\u00f8rte til kraftige pris\u00f8kninger p\u00e5 b\u00e5de&hellip;\n","protected":false},"author":2,"featured_media":340184,"comment_status":"","ping_status":"","sticky":false,"template":"","format":"standard","meta":{"footnotes":"","_share_on_mastodon":"0"},"categories":[10],"tags":[36,2859,20,21,24,25,15,22,23,13,30,28,29,447,14,16,572,1510,26,27],"class_list":["post-340183","post","type-post","status-publish","format-standard","has-post-thumbnail","category-norge","tag-art","tag-bensin","tag-breaking-news","tag-breakingnews","tag-featured-news","tag-featurednews","tag-headlines","tag-latest-news","tag-latestnews","tag-news","tag-no","tag-norge","tag-norway","tag-nyhet","tag-nyheter","tag-overskrifter","tag-okonomi","tag-story","tag-top-stories","tag-topstories"],"share_on_mastodon":{"url":"https:\/\/pubeurope.com\/@no\/117196303637388552","error":""},"_links":{"self":[{"href":"https:\/\/www.europesays.com\/no\/wp-json\/wp\/v2\/posts\/340183","targetHints":{"allow":["GET"]}}],"collection":[{"href":"https:\/\/www.europesays.com\/no\/wp-json\/wp\/v2\/posts"}],"about":[{"href":"https:\/\/www.europesays.com\/no\/wp-json\/wp\/v2\/types\/post"}],"author":[{"embeddable":true,"href":"https:\/\/www.europesays.com\/no\/wp-json\/wp\/v2\/users\/2"}],"replies":[{"embeddable":true,"href":"https:\/\/www.europesays.com\/no\/wp-json\/wp\/v2\/comments?post=340183"}],"version-history":[{"count":0,"href":"https:\/\/www.europesays.com\/no\/wp-json\/wp\/v2\/posts\/340183\/revisions"}],"wp:featuredmedia":[{"embeddable":true,"href":"https:\/\/www.europesays.com\/no\/wp-json\/wp\/v2\/media\/340184"}],"wp:attachment":[{"href":"https:\/\/www.europesays.com\/no\/wp-json\/wp\/v2\/media?parent=340183"}],"wp:term":[{"taxonomy":"category","embeddable":true,"href":"https:\/\/www.europesays.com\/no\/wp-json\/wp\/v2\/categories?post=340183"},{"taxonomy":"post_tag","embeddable":true,"href":"https:\/\/www.europesays.com\/no\/wp-json\/wp\/v2\/tags?post=340183"}],"curies":[{"name":"wp","href":"https:\/\/api.w.org\/{rel}","templated":true}]}}