{"id":340205,"date":"2026-09-01T14:59:13","date_gmt":"2026-09-01T14:59:13","guid":{"rendered":"https:\/\/www.europesays.com\/no\/340205\/"},"modified":"2026-09-01T14:59:13","modified_gmt":"2026-09-01T14:59:13","slug":"schjelderup-slutt-med-a-spre-logn","status":"publish","type":"post","link":"https:\/\/www.europesays.com\/no\/340205\/","title":{"rendered":"Schjelderup: \u2013 Slutt med \u00e5 spre l\u00f8gn"},"content":{"rendered":"\n<p class=\"_lead_145nj_2 _lead_6fko5_53 layout-component text-serif-m layout-normal text-serif-l layout-component layout-wide layout-padded _wide_17hqh_1 layout-padded\">Andreas Schjelderup (22) rykket ut og ba portugisisk media \u00abslutte med l\u00f8gn\u00bb. Fortsatt er fremtiden hans i Benfica helt \u00e5pen. <\/p>\n<p><img alt=\" Foto: TIAGO PETINGA \/ EPA \/ NTB\" class=\"_image_jw3bv_65 layout-component layout-wide\" data-fullscreen- data-track-element-type=\"Article image fullscreen\" data-track-name=\"ImageFullscreen\" fetchpriority=\"high\" decoding=\"sync\" loading=\"eager\" height=\"1787\" itemprop=\"image\"  src=\"https:\/\/www.europesays.com\/no\/wp-content\/uploads\/2026\/09\/cd40df9f-c61b-3c33-a058-0caa47a11a62.jpeg\"  style=\"object-position:0% 0%\" width=\"2679\"\/> Foto: TIAGO PETINGA \/ EPA \/ NTB<\/p>\n<ul aria-hidden=\"true\" class=\"_images_ntbth_112\">\n<li><a class=\"_link_ntbth_117\" href=\"https:\/\/www.vg.no\/forfatter\/steffen-stenersen\" style=\"z-index:1\" title=\"Steffen Stenersen\" rel=\"nofollow noopener\" target=\"_blank\"><img alt=\"Bilde av Steffen Stenersen\" class=\"_image_ntbth_93\" fetchpriority=\"low\" loading=\"lazy\" decoding=\"async\" itemprop=\"image\"  src=\"https:\/\/www.europesays.com\/no\/wp-content\/uploads\/2026\/09\/1788274753_376_53060b84-6e6f-4eee-9b23-952f524bbbf0.jpeg\"  width=\"480\"\/><\/a><\/li>\n<\/ul>\n<p> Oppdatert tirsdag 1. september kl. 16:23    <\/p>\n<ul class=\"_list_145nj_3 _list_64s2r_85 _unordered_145nj_106 text-sans-m\">\n<li class=\"_item_145nj_30\">Andreas Schjelderup ba portugisisk media \u00abslutte med l\u00f8gn\u00bb om kontraktsrykter.<\/li>\n<li class=\"_item_145nj_30\">Schjelderups fremtid i Benfica er fortsatt uviss, med interesse fra st\u00f8rre klubber. To \u00e5r gjenst\u00e5r av kontrakten hans.<\/li>\n<li class=\"_item_145nj_30\">Benfica-trener Marco Silva sier Schjelderup er essensiell, og bygges opp forsiktig etter skade og fotball-VM.<\/li>\n<li class=\"_item_145nj_30\">Benficas president Rui Costa h\u00e5per p\u00e5 kontraktsforlengelse.<\/li>\n<\/ul>\n<p>Vis mer <\/p>\n<p class=\"_paragraph_145nj_4 _paragraph_6fko5_10 layout-component text-serif-m layout-normal text-serif-m layout-padded\">Han herjet regelrett for Benfica i v\u00e5rsesongen f\u00f8r VM. <\/p>\n<p class=\"_paragraph_145nj_4 _paragraph_6fko5_10 layout-component text-serif-m layout-normal text-serif-m layout-padded\">Under VM var han s\u00e5 toneangivende fra benken at han til slutt fikk starte kvartfinalen mot England. <\/p>\n<p class=\"_paragraph_145nj_4 _paragraph_6fko5_10 layout-component text-serif-m layout-normal text-serif-m layout-padded\">Men siden den gang har kantspilleren fra Bod\u00f8 kun startet \u00e9n av \u00e5tte kamper for Benfica. <\/p>\n<p class=\"_paragraph_145nj_4 _paragraph_6fko5_10 layout-component text-serif-m layout-normal text-serif-m layout-padded\">\u2013 Andreas er fundamental for Benfica og m\u00e5ten vi \u00f8nsker \u00e5 spille p\u00e5. Han kom fra et godt VM og var ikke med i oppkj\u00f8ringen. Vi bygger ham opp forsiktig, uttalte Benficas nye trener Marco SilvaMarco SilvaTidligere trener for Sander Berge og Oscar Bobb i Fulham tidlig i august. <\/p>\n<p class=\"_paragraph_145nj_4 _paragraph_6fko5_10 layout-component text-serif-m layout-normal text-serif-m layout-padded\">Schjelderup hadde med seg en liten skade fra VM og har siden den gang blitt matchet forsiktig, samtidig som den unge argentineren Gianluca Prestianni har imponert p\u00e5 venstrekanten for Benfica. <\/p>\n<p class=\"_paragraph_145nj_4 _paragraph_6fko5_10 layout-component text-serif-m layout-normal text-serif-m layout-padded\">Fjor\u00e5rssesongen og prestasjonene i VM gjort ham interessant for st\u00f8rre klubber enn Benfica. Schjelderup har to \u00e5r igjen av kontrakten sin. Benfica \u00f8nsker \u00e5 forlenge, men enn s\u00e5 lenge har man ikke blitt enig. <\/p>\n<p class=\"_paragraph_145nj_4 _paragraph_6fko5_10 layout-component text-serif-m layout-normal text-serif-m layout-padded\">Men det betyr ikke at Benfica \u00f8nsker \u00e5 selge. <\/p>\n<p class=\"_paragraph_145nj_4 _paragraph_6fko5_10 layout-component text-serif-m layout-normal text-serif-m layout-padded\">Schjelderup har, som tidligere omtalt i flere medier, en utkj\u00f8psklausul p\u00e5 hundre millioner euro \u2013 1,1 milliard kroner. <\/p>\n<p class=\"_paragraph_145nj_4 _paragraph_6fko5_10 layout-component text-serif-m layout-normal text-serif-m layout-padded\">Den klare beskjeden til interesserte klubber skal, etter det VG erfarer, har v\u00e6rt at d\u00e9t er prisen som m\u00e5 betales. I praksis har beskjeden v\u00e6rt at Schjelderup ikke er til salgs. <\/p>\n<p class=\"_paragraph_145nj_4 _paragraph_6fko5_10 layout-component text-serif-m layout-normal text-serif-m layout-padded\">For noen dager siden var Schjelderup selv ute og kommenterte rykter i portugisisk media, som sa at han ikke engang \u00f8nsket \u00e5 lytte til Benficas kontraktsforslag. <\/p>\n<p class=\"_paragraph_145nj_4 _paragraph_6fko5_10 layout-component text-serif-m layout-normal text-serif-m layout-padded\">\u2013 Slutt med \u00e5 spre l\u00f8gn i media, v\u00e6r s\u00e5 snill, skrev Schjelderup om rapportene. <\/p>\n<p class=\"_paragraph_145nj_4 _paragraph_6fko5_10 layout-component text-serif-m layout-normal text-serif-m layout-padded\">F\u00f8r VM snakket Rui Costa, Benficas mektige president, p\u00e5 en pressekonferanse om Schjelderups situasjon. <\/p>\n<p class=\"_paragraph_145nj_4 _paragraph_6fko5_10 layout-component text-serif-m layout-normal text-serif-m layout-padded\">\u2013 Forslaget om en kontraktsforlengelse ligger hos ham. Det haster ikke, han er ikke inne i sitt siste kontrakts\u00e5r. Vi venter p\u00e5 spillerens svar. N\u00e5r han kommer tilbake fra VM s\u00e5 skal vi snakke med ham, sa Costa. <\/p>\n<p class=\"_paragraph_145nj_4 _paragraph_6fko5_10 layout-component text-serif-m layout-normal text-serif-m layout-padded\">I slutten av august gjentok Costa at han \u00abh\u00e5per Schjelderup fornyer\u00bb. <\/p>\n<p class=\"_paragraph_145nj_4 _paragraph_6fko5_10 layout-component text-serif-m layout-normal text-serif-m layout-padded\">Antakelig vil de neste ukene og m\u00e5nedene avgj\u00f8re hvorvidt Schjelderup skriver ny kontrakt eller ikke. Skulle han takke nei, blir Benfica n\u00f8dt til \u00e5 selge det norske stjerneskuddet i januarvinduet for \u00e5 hente maks \u00f8konomisk gevinst.<\/p>\n","protected":false},"excerpt":{"rendered":"Andreas Schjelderup (22) rykket ut og ba portugisisk media \u00abslutte med l\u00f8gn\u00bb. Fortsatt er fremtiden hans i Benfica&hellip;\n","protected":false},"author":2,"featured_media":340206,"comment_status":"","ping_status":"","sticky":false,"template":"","format":"standard","meta":{"footnotes":"","_share_on_mastodon":"0"},"categories":[59],"tags":[4761,30,28,29,6096,83,82],"class_list":["post-340205","post","type-post","status-publish","format-standard","has-post-thumbnail","category-sport","tag-andreas-schjelderup","tag-no","tag-norge","tag-norway","tag-sl-benfica","tag-sport","tag-sports"],"share_on_mastodon":{"url":"https:\/\/pubeurope.com\/@no\/117196382255078783","error":""},"_links":{"self":[{"href":"https:\/\/www.europesays.com\/no\/wp-json\/wp\/v2\/posts\/340205","targetHints":{"allow":["GET"]}}],"collection":[{"href":"https:\/\/www.europesays.com\/no\/wp-json\/wp\/v2\/posts"}],"about":[{"href":"https:\/\/www.europesays.com\/no\/wp-json\/wp\/v2\/types\/post"}],"author":[{"embeddable":true,"href":"https:\/\/www.europesays.com\/no\/wp-json\/wp\/v2\/users\/2"}],"replies":[{"embeddable":true,"href":"https:\/\/www.europesays.com\/no\/wp-json\/wp\/v2\/comments?post=340205"}],"version-history":[{"count":0,"href":"https:\/\/www.europesays.com\/no\/wp-json\/wp\/v2\/posts\/340205\/revisions"}],"wp:featuredmedia":[{"embeddable":true,"href":"https:\/\/www.europesays.com\/no\/wp-json\/wp\/v2\/media\/340206"}],"wp:attachment":[{"href":"https:\/\/www.europesays.com\/no\/wp-json\/wp\/v2\/media?parent=340205"}],"wp:term":[{"taxonomy":"category","embeddable":true,"href":"https:\/\/www.europesays.com\/no\/wp-json\/wp\/v2\/categories?post=340205"},{"taxonomy":"post_tag","embeddable":true,"href":"https:\/\/www.europesays.com\/no\/wp-json\/wp\/v2\/tags?post=340205"}],"curies":[{"name":"wp","href":"https:\/\/api.w.org\/{rel}","templated":true}]}}