{"id":340207,"date":"2026-09-01T15:00:11","date_gmt":"2026-09-01T15:00:11","guid":{"rendered":"https:\/\/www.europesays.com\/no\/340207\/"},"modified":"2026-09-01T15:00:11","modified_gmt":"2026-09-01T15:00:11","slug":"billie-eilish-var-prest-da-broren-giftet-seg-med-kjaeresten","status":"publish","type":"post","link":"https:\/\/www.europesays.com\/no\/340207\/","title":{"rendered":"Billie Eilish var prest da broren giftet seg med kj\u00e6resten"},"content":{"rendered":"\n<p class=\"_lead_145nj_2 _lead_6fko5_53 layout-component text-serif-m layout-normal text-serif-l layout-component layout-wide layout-padded _wide_17hqh_1 layout-padded\">Og Billie Eilish viet paret. <\/p>\n<p><img alt=\"GIFT: Finneas O\u2019Connell og Claudia Sulewski har gitt hverandre sitt ja. Foto: Andy Kropa \/ AP \/ NTB\" class=\"_image_jw3bv_65 layout-component layout-wide\" data-fullscreen- data-track-element-type=\"Article image fullscreen\" data-track-name=\"ImageFullscreen\" fetchpriority=\"high\" decoding=\"sync\" loading=\"eager\" height=\"2768\" itemprop=\"image\"  src=\"https:\/\/www.europesays.com\/no\/wp-content\/uploads\/2026\/09\/454f3e05-18bd-3d09-90c2-6cc6adc6a3d9.jpeg\"  style=\"object-position:52.15558766859345% 47.07369942196532%\" width=\"4152\"\/>GIFT: Finneas O\u2019Connell og Claudia Sulewski har gitt hverandre sitt ja. Foto: Andy Kropa \/ AP \/ NTB<\/p>\n<ul aria-hidden=\"true\" class=\"_images_ntbth_112\">\n<li><a class=\"_link_ntbth_117\" href=\"https:\/\/www.vg.no\/forfatter\/ida-brun\" style=\"z-index:1\" title=\"Ida Brun\" rel=\"nofollow noopener\" target=\"_blank\"><img alt=\"Bilde av Ida Brun\" class=\"_image_ntbth_93\" fetchpriority=\"low\" loading=\"lazy\" decoding=\"async\" itemprop=\"image\"  src=\"https:\/\/www.europesays.com\/no\/wp-content\/uploads\/2026\/09\/1788274810_297_78bc21fe-8bc7-43e9-80ad-fe809ccc8aac.jpeg\"  width=\"480\"\/><\/a><\/li>\n<\/ul>\n<p> Oppdatert tirsdag 1. september kl. 16:12     <\/p>\n<p class=\"_paragraph_145nj_4 _paragraph_6fko5_10 layout-component text-serif-m layout-normal text-serif-m layout-padded\">Musikkprodusenten Finneas O\u2019Connell (29) og skuespilleren Claudia Sulewski (30) sa ja til hverandre l\u00f8rdag 29. august i Montecito i California, melder <a href=\"https:\/\/people.com\/finneas-marries-longtime-girlfriend-claudia-sulewski-in-montecito-11877555\" class=\"_link_145nj_39\" rel=\"nofollow noopener\" target=\"_blank\">People<\/a>.<\/p>\n<p class=\"_paragraph_145nj_4 _paragraph_6fko5_10 layout-component text-serif-m layout-normal text-serif-m layout-padded\">Finneas er mest kjent som storebror og musikalsk samarbeidspartner til popstjernen <a href=\"https:\/\/www.vg.no\/tag\/billie-eilish?utm_source=vg-article&amp;utm_medium=auto-tagger&amp;utm_campaign=gkj7v5\" class=\"_link_145nj_39\" rel=\"nofollow noopener\" target=\"_blank\">Billie Eilish<\/a>. Det var lilles\u00f8steren som viet paret, if\u00f8lge bilder magasinet DeuxMoi har f\u00e5tt tak i.<\/p>\n<p class=\"_paragraph_145nj_4 _paragraph_6fko5_10 layout-component text-serif-m layout-normal text-serif-m layout-padded\">Blant de kjente gjestene var Nina Dobrev, Dax Shepard, Kristen Bell, Emma Chamberlain, Jason Sudeikis, Justin og Hailey Bieber, samt Eilishs kj\u00e6reste Nat Wolff, skriver People.<\/p>\n<p><img alt=\"Billie Eilish viet broren i helgen.  Foto: Mike Blake \/ Reuters \/ NTB\" class=\"_image_jw3bv_65 layout-component layout-normal\" data-fullscreen- data-track-element-type=\"Article image fullscreen\" data-track-name=\"ImageFullscreen\" decoding=\"async\" loading=\"lazy\" height=\"2200\" itemprop=\"image\"  src=\"https:\/\/www.europesays.com\/no\/wp-content\/uploads\/2026\/09\/71662c95-55a3-3c86-b726-58687012526a.jpeg\"  style=\"object-position:48.7756351392715% 41.840909090909086%\" width=\"3267\"\/>Billie Eilish viet broren i helgen.  Foto: Mike Blake \/ Reuters \/ NTB<\/p>\n<p class=\"_paragraph_145nj_4 _paragraph_6fko5_10 layout-component text-serif-m layout-normal text-serif-m layout-padded\">Bruden bar hele fire ulike antrekk gjennom bryllupshelgen, alle designet av Oscar de la Renta, if\u00f8lge Vogue.<\/p>\n<p class=\"_paragraph_145nj_4 _paragraph_6fko5_10 layout-component text-serif-m layout-normal text-serif-m layout-padded\">Finneas og Sulewski m\u00f8ttes p\u00e5 en datingapp i 2018. Allerede samme kveld skrev Finneas sangen \u00abClaudia\u00bb til henne, har han tidligere fortalt BuzzFeed. Han fridde i september i fjor, etter sju \u00e5r som kj\u00e6rester.<\/p>\n<p class=\"_paragraph_145nj_4 _paragraph_6fko5_10 layout-component text-serif-m layout-normal text-serif-m layout-padded\">Da han gjestet \u00abThe Tonight Show\u00bb kort tid etter frieriet, fortalte Finneas hvor tungt det var \u00e5 holde planene hemmelige.<\/p>\n<p class=\"_paragraph_145nj_4 _paragraph_6fko5_10 layout-component text-serif-m layout-normal text-serif-m layout-padded\">\u2013 Jeg f\u00f8ler det virkelig l\u00e6rte meg at jeg ikke er skapt for \u00e5 rane banker eller stjele biler, for jeg holdt p\u00e5 en gledelig, lykkelig hemmelighet i flere uker, og det spiste meg opp innvendig, sa han if\u00f8lge People.<\/p>\n","protected":false},"excerpt":{"rendered":"Og Billie Eilish viet paret. GIFT: Finneas O\u2019Connell og Claudia Sulewski har gitt hverandre sitt ja. Foto: Andy&hellip;\n","protected":false},"author":2,"featured_media":340208,"comment_status":"","ping_status":"","sticky":false,"template":"","format":"standard","meta":{"footnotes":"","_share_on_mastodon":"0"},"categories":[58],"tags":[6991,183,71,30,28,29,72,46],"class_list":["post-340207","post","type-post","status-publish","format-standard","has-post-thumbnail","category-underholdning","tag-billie-eilish","tag-bryllup","tag-entertainment","tag-no","tag-norge","tag-norway","tag-underholdning","tag-vgai"],"share_on_mastodon":{"url":"https:\/\/pubeurope.com\/@no\/117196385734687277","error":""},"_links":{"self":[{"href":"https:\/\/www.europesays.com\/no\/wp-json\/wp\/v2\/posts\/340207","targetHints":{"allow":["GET"]}}],"collection":[{"href":"https:\/\/www.europesays.com\/no\/wp-json\/wp\/v2\/posts"}],"about":[{"href":"https:\/\/www.europesays.com\/no\/wp-json\/wp\/v2\/types\/post"}],"author":[{"embeddable":true,"href":"https:\/\/www.europesays.com\/no\/wp-json\/wp\/v2\/users\/2"}],"replies":[{"embeddable":true,"href":"https:\/\/www.europesays.com\/no\/wp-json\/wp\/v2\/comments?post=340207"}],"version-history":[{"count":0,"href":"https:\/\/www.europesays.com\/no\/wp-json\/wp\/v2\/posts\/340207\/revisions"}],"wp:featuredmedia":[{"embeddable":true,"href":"https:\/\/www.europesays.com\/no\/wp-json\/wp\/v2\/media\/340208"}],"wp:attachment":[{"href":"https:\/\/www.europesays.com\/no\/wp-json\/wp\/v2\/media?parent=340207"}],"wp:term":[{"taxonomy":"category","embeddable":true,"href":"https:\/\/www.europesays.com\/no\/wp-json\/wp\/v2\/categories?post=340207"},{"taxonomy":"post_tag","embeddable":true,"href":"https:\/\/www.europesays.com\/no\/wp-json\/wp\/v2\/tags?post=340207"}],"curies":[{"name":"wp","href":"https:\/\/api.w.org\/{rel}","templated":true}]}}