{"id":340213,"date":"2026-09-01T15:06:17","date_gmt":"2026-09-01T15:06:17","guid":{"rendered":"https:\/\/www.europesays.com\/no\/340213\/"},"modified":"2026-09-01T15:06:17","modified_gmt":"2026-09-01T15:06:17","slug":"bolig-og-eiendom-vefsn-dette-ble-manedens-dyreste-eiendom-se-hvem-som-kjopte-og-solgte-i-august","status":"publish","type":"post","link":"https:\/\/www.europesays.com\/no\/340213\/","title":{"rendered":"Bolig og eiendom, Vefsn | Dette ble m\u00e5nedens dyreste eiendom \u2013 se hvem som kj\u00f8pte og solgte i august"},"content":{"rendered":"<p>      Bolig og eiendom, Vefsn | Dette ble m\u00e5nedens dyreste eiendom \u2013 se hvem som kj\u00f8pte og solgte i august<\/p>\n<p>        <a href=\"#main-content-begin\" class=\"maelstrom-skip-link\"><br \/>\n    G\u00e5 til sidens hovedinnhold<br \/>\n<\/a><\/p>\n<p wp_automatic_readability=\"0.93655589123867\"><a class=\"brick-c-hOTghF\" href=\"#skip-\">Hopp over karusellen.<\/a><\/p>\n<p data-static=\"\" class=\"brick-c-fgNmNC\" id=\"carousel-title-\">Innholdskarusell med 2 artikler.<\/p>\n<ul data-static=\"\" aria-label=\"Navigasjon for innholdskarusell\" class=\"carousel-nav\">\n<li>\n<\/li>\n<li>\n<\/li>\n<\/ul>\n<ul data-static=\"\" class=\"contents-wrapper\" data-contents-wrapper=\"\" tabindex=\"0\" data-min-slides-to-show=\"1\" aria-label=\"Skrollbart innhold\">\n<li data-static=\"\" data-content-wrapper=\"\" data-content-item=\"\" tabindex=\"-1\" aria-label=\"Artikkel 1\">\n<p>   <img decoding=\"async\" width=\"5635\" height=\"4226\" fetchpriority=\"high\"  loading=\"eager\"  src=\"https:\/\/www.helg.no\/dette-ble-manedens-dyreste-eiendom-se-hvem-som-kjopte-og-solgte-i-august\/s\/[object Object]\" alt=\"\" class=\"brick-c-cFOWSL\" style=\"--brick-image-ratio: 5635 \/ 4226;\"\/><\/p>\n<p>DYRESTE BOLIG I VEFSN: Wergelandsvegen 1 i Mosj\u00f8en var den dyreste boligen som ble solgt i Vefsn i august. <\/p>\n<p>Foto: Tor Espen Forsmo<\/p>\n<\/li>\n<li data-static=\"\" data-content-wrapper=\"\" data-content-item=\"\" tabindex=\"-1\" aria-label=\"Artikkel 2\">\n<p>   <img decoding=\"async\" width=\"4032\" height=\"3024\" fetchpriority=\"low\"  loading=\"lazy\"  src=\"https:\/\/www.helg.no\/dette-ble-manedens-dyreste-eiendom-se-hvem-som-kjopte-og-solgte-i-august\/s\/[object Object]\" alt=\"\" class=\"brick-c-cFOWSL\" style=\"--brick-image-ratio: 4032 \/ 3024;\"\/><\/p>\n<p>DYREST I SANDNESSJ\u00d8EN: Jonas Lies gate 2 ble den dyreste boligen i Sandnessj\u00f8en i august.<\/p>\n<p>Foto: Stian Forland<\/p>\n<\/li>\n<\/ul>\n<p>Publisert: 01.09.26 15:12<\/p>\n<p data-content=\"lead-text\" class=\"lead-text story article--c-eOZvhA\">\n<p>          Se oversikten over eiendomsoverdragelsene for den siste m\u00e5neden i Vefsn, Alstahaug, Grane, Hattfjelldal, Leirfjord, Her\u00f8y og D\u00f8nna.\n      <\/p>\n<p>    Plussmerking. Denne artikkelen kan bare leses av abonnenter<\/p>\n<p>  For abonnenter<\/p>\n<p>    <a href=\"https:\/\/www.helg.no\/\" class=\"logo\" aria-label=\"G\u00e5 til Helgelendingen hovedside\" rel=\"nofollow noopener\" target=\"_blank\"><br \/>\n        <img decoding=\"async\" src=\"https:\/\/assets.acdn.no\/local\/v3\/publications\/www.helg.no\/gfx\/small.svg\" alt=\"G\u00e5 til Helgelendingen hovedside\" height=\"66\" width=\"auto\" loading=\"lazy\"\/><br \/>\n    <\/a><\/p>\n<p>Alt innhold og tilh\u00f8rende data p\u00e5 v\u00e5re nettsider er underlagt opphavsrett og kan ikke brukes uten samtykke. Dette gjelder ogs\u00e5 for all skraping, crawling, salg eller videredistribusjon.<\/p>\n<p>Helgelendingen \u00a9 2026<\/p>\n<p>    <a href=\"https:\/\/www.redaktor.no\/ressurser\/temaer\/redaktoransvar\" rel=\"noopener nofollow\" target=\"_blank\"><br \/>\n        <img decoding=\"async\" alt=\"G\u00e5 til redaktor.no for \u00e5 lese om redakt\u00f8ransvar\" class=\"redaktoransvar\" src=\"https:\/\/r.acdn.no\/brandheader\/default\/redaktoransvar.svg\" height=\"85\" width=\"85\" loading=\"lazy\"\/><br \/>\n    <\/a><\/p>\n","protected":false},"excerpt":{"rendered":"Bolig og eiendom, Vefsn | Dette ble m\u00e5nedens dyreste eiendom \u2013 se hvem som kj\u00f8pte og solgte i&hellip;\n","protected":false},"author":2,"featured_media":340214,"comment_status":"","ping_status":"","sticky":false,"template":"","format":"standard","meta":{"footnotes":"","_share_on_mastodon":"0"},"categories":[10],"tags":[20,21,24,25,15,22,23,13,30,28,29,14,16,26,27],"class_list":["post-340213","post","type-post","status-publish","format-standard","has-post-thumbnail","category-norge","tag-breaking-news","tag-breakingnews","tag-featured-news","tag-featurednews","tag-headlines","tag-latest-news","tag-latestnews","tag-news","tag-no","tag-norge","tag-norway","tag-nyheter","tag-overskrifter","tag-top-stories","tag-topstories"],"share_on_mastodon":{"url":"https:\/\/pubeurope.com\/@no\/117196409933082827","error":""},"_links":{"self":[{"href":"https:\/\/www.europesays.com\/no\/wp-json\/wp\/v2\/posts\/340213","targetHints":{"allow":["GET"]}}],"collection":[{"href":"https:\/\/www.europesays.com\/no\/wp-json\/wp\/v2\/posts"}],"about":[{"href":"https:\/\/www.europesays.com\/no\/wp-json\/wp\/v2\/types\/post"}],"author":[{"embeddable":true,"href":"https:\/\/www.europesays.com\/no\/wp-json\/wp\/v2\/users\/2"}],"replies":[{"embeddable":true,"href":"https:\/\/www.europesays.com\/no\/wp-json\/wp\/v2\/comments?post=340213"}],"version-history":[{"count":0,"href":"https:\/\/www.europesays.com\/no\/wp-json\/wp\/v2\/posts\/340213\/revisions"}],"wp:featuredmedia":[{"embeddable":true,"href":"https:\/\/www.europesays.com\/no\/wp-json\/wp\/v2\/media\/340214"}],"wp:attachment":[{"href":"https:\/\/www.europesays.com\/no\/wp-json\/wp\/v2\/media?parent=340213"}],"wp:term":[{"taxonomy":"category","embeddable":true,"href":"https:\/\/www.europesays.com\/no\/wp-json\/wp\/v2\/categories?post=340213"},{"taxonomy":"post_tag","embeddable":true,"href":"https:\/\/www.europesays.com\/no\/wp-json\/wp\/v2\/tags?post=340213"}],"curies":[{"name":"wp","href":"https:\/\/api.w.org\/{rel}","templated":true}]}}