{"id":340215,"date":"2026-09-01T15:07:23","date_gmt":"2026-09-01T15:07:23","guid":{"rendered":"https:\/\/www.europesays.com\/no\/340215\/"},"modified":"2026-09-01T15:07:23","modified_gmt":"2026-09-01T15:07:23","slug":"mann-star-i-ko-for-a-ta-farvel-med-kong-harald","status":"publish","type":"post","link":"https:\/\/www.europesays.com\/no\/340215\/","title":{"rendered":"Mann st\u00e5r i k\u00f8 for \u00e5 ta farvel med kong Harald"},"content":{"rendered":"\n<ul class=\"_list_145nj_3 _list_64s2r_85 _unordered_145nj_106 text-sans-m\">\n<li class=\"_item_145nj_30\">Slottskapellet \u00e5pnes i dag kl. 14 for folk som vil ta farvel med kong Harald.<\/li>\n<li class=\"_item_145nj_30\">Frode Eriksen stilte seg i k\u00f8 allerede f\u00f8r kl. 7, r\u00f8rt over kongens bortgang.<\/li>\n<li class=\"_item_145nj_30\">Eriksen beskriver kong Harald som jordn\u00e6r og inkluderende.<\/li>\n<li class=\"_item_145nj_30\">Slottskapellet holder \u00e5pent til 8. september fra kl. 10.00 til 18.00 hver dag.<\/li>\n<\/ul>\n<p>Vis mer <\/p>\n<p class=\"_paragraph_145nj_4 _paragraph_6fko5_10 layout-component text-serif-m layout-normal text-serif-m layout-padded\">Frode Eriksen sto i k\u00f8 i syv timer for \u00e5 ta farvel med kong Harald. <\/p>\n<p class=\"_paragraph_145nj_4 _paragraph_6fko5_10 layout-component text-serif-m layout-normal text-serif-m layout-padded\">Under defileringen bukket han to ganger for kongen, og forteller at han synes det var riktig \u00e5 hedre kongen p\u00e5 den m\u00e5ten han gjorde.<\/p>\n<p class=\"_paragraph_145nj_4 _paragraph_6fko5_10 layout-component text-serif-m layout-normal text-serif-m layout-padded\">Noe av det som har betydd mest for Eriksen var kong Haralds humor.<\/p>\n<p class=\"_paragraph_145nj_4 _paragraph_6fko5_10 layout-component text-serif-m layout-normal text-serif-m layout-padded\">\u2013 Han var jo folkekongen, s\u00e5 var han verdens beste konge da. <\/p>\n<p><img alt=\"Her bukker Eriksen for kong Harald.  Foto: Bilde fra NRK\" class=\"_image_jw3bv_65 layout-component layout-normal\" data-fullscreen- data-track-element-type=\"Article image fullscreen\" data-track-name=\"ImageFullscreen\" decoding=\"async\" loading=\"lazy\" height=\"595\" itemprop=\"image\"  src=\"https:\/\/www.europesays.com\/no\/wp-content\/uploads\/2026\/09\/2f1811fe-cd05-3bea-875e-6cd62618f63c.jpeg\"  style=\"object-position:67.32186732186733% 50.50420168067227%\" width=\"814\"\/>Her bukker Eriksen for kong Harald.  Foto: Bilde fra NRK<\/p>\n<p class=\"_paragraph_145nj_4 _paragraph_6fko5_10 layout-component text-serif-m layout-normal text-serif-m layout-padded\">Om opplevelsen inne i Slottskapellet kunne Eriksen fortelle at det var helt stille.<\/p>\n<p class=\"_paragraph_145nj_4 _paragraph_6fko5_10 layout-component text-serif-m layout-normal text-serif-m layout-padded\">\u2013 Du kunne h\u00f8re en knappen\u00e5l falle, meddeler han. <\/p>\n<p class=\"_paragraph_145nj_4 _paragraph_6fko5_10 layout-component text-serif-m layout-normal text-serif-m layout-padded\">Senere i dag vurderer 64-\u00e5ringen om han skal skrive i kondolanseprotokollen p\u00e5 Oslo r\u00e5dhus.<\/p>\n<p>Praktisk informasjon om defileringen<\/p>\n<p class=\"_paragraph_145nj_4 _paragraph_6fko5_10 _paragraph_1kitn_11 layout-component text-serif-m layout-normal text-sans-m layout-padded\"><strong class=\"_strong_145nj_25\">Oppm\u00f8te<\/strong><\/p>\n<ul class=\"_list_145nj_3 _list_6fko5_9 _list_1kitn_10 _unordered_145nj_106 layout-component text-serif-m layout-normal text-sans-m layout-padded\">\n<li class=\"_item_145nj_30\">Oppm\u00f8tested for alle er midt p\u00e5 Bredveien i Slottsparken, som g\u00e5r fra Slottsplassen til Parkveien. <\/li>\n<li class=\"_item_145nj_30\">Alle bes\u00f8kende vil g\u00e5 gjennom en sikkerhetskontroll. <\/li>\n<li class=\"_item_145nj_30\">Det er satt opp telt for bagasjeoppbevaring der k\u00f8en starter.<\/li>\n<li class=\"_item_145nj_30\">Det vil ikke v\u00e6re mulig \u00e5 kj\u00f8re inn p\u00e5 slottsomr\u00e5det. N\u00e6rmeste avlastingssted er Parkveien og Wergelandsveien.<\/li>\n<li class=\"_item_145nj_30\">Det er lagt til rette for en egen vei inn til Slottskapellet for personer med nedsatt bevegelighet. Oppm\u00f8tested er det samme som for alle \u2013 ved teltet for bagasjeoppbevaring i Bredveien.<\/li>\n<\/ul>\n<p class=\"_paragraph_145nj_4 _paragraph_6fko5_10 _paragraph_1kitn_11 layout-component text-serif-m layout-normal text-sans-m layout-padded\"><strong class=\"_strong_145nj_25\">Foto- og blomsterforbud<\/strong><\/p>\n<ul class=\"_list_145nj_3 _list_6fko5_9 _list_1kitn_10 _unordered_145nj_106 layout-component text-serif-m layout-normal text-sans-m layout-padded\">\n<li class=\"_item_145nj_30\">Det er ikke anledning for publikum \u00e5 fotografere eller filme inne i Slottskapellet.<\/li>\n<li class=\"_item_145nj_30\">Det er ikke anledning til \u00e5 legge ned blomster eller hilsener inne i kapellet.<\/li>\n<\/ul>\n<p class=\"_paragraph_145nj_4 _paragraph_6fko5_10 _paragraph_1kitn_11 layout-component text-serif-m layout-normal text-sans-m layout-padded\"><strong class=\"_strong_145nj_25\">Bagasje og hva du kan ha med<\/strong><\/p>\n<ul class=\"_list_145nj_3 _list_6fko5_9 _list_1kitn_10 _unordered_145nj_106 layout-component text-serif-m layout-normal text-sans-m layout-padded\">\n<li class=\"_item_145nj_30\">Unng\u00e5 \u00e5 ha med store sekker eller gjenstander. Det er ikke mulig \u00e5 ta med dette inn i Slottskapellet. <\/li>\n<li class=\"_item_145nj_30\">Etter defileringen kan eventuell bagasje hentes i teltet for bagasjeoppbevaring. <\/li>\n<li class=\"_item_145nj_30\">Gjenglemt bagasje vil bli overlevert til hittegodskontoret Oslo politidistrikt.<\/li>\n<li class=\"_item_145nj_30\">Reiser du med sm\u00e5 barn i vogn, kan du fint st\u00e5 i k\u00f8en med barnevogn. Vognen m\u00e5 imidlertid parkeres p\u00e5 utsiden av Slottskapellet f\u00f8r defilering.<\/li>\n<li class=\"_item_145nj_30\">Det er tillatt \u00e5 ha med egen servicehund inn i kapellet. Andre kj\u00e6ledyr m\u00e5 v\u00e6re hjemme.<\/li>\n<\/ul>\n<p class=\"_paragraph_145nj_4 _paragraph_6fko5_10 _paragraph_1kitn_11 layout-component text-serif-m layout-normal text-sans-m layout-padded\"><strong class=\"_strong_145nj_25\">Media<\/strong><\/p>\n<ul class=\"_list_145nj_3 _list_6fko5_9 _list_1kitn_10 _unordered_145nj_106 layout-component text-serif-m layout-normal text-sans-m layout-padded\">\n<li class=\"_item_145nj_30\">Vi gj\u00f8r oppmerksom p\u00e5 at NRK og NTB er til stede under defileringen.<\/li>\n<\/ul>\n<p class=\"_paragraph_145nj_4 _paragraph_6fko5_10 _paragraph_1kitn_11 layout-component text-serif-m layout-normal text-sans-m layout-padded\">Kilde: Kongehuset<\/p>\n<p>Vis mer<img alt=\"Eriksen p\u00e5 defilering.  Foto: Bilde fra NRK\" class=\"_image_jw3bv_65 layout-component layout-normal\" data-fullscreen- data-track-element-type=\"Article image fullscreen\" data-track-name=\"ImageFullscreen\" decoding=\"async\" loading=\"lazy\" height=\"885\" itemprop=\"image\"  src=\"https:\/\/www.europesays.com\/no\/wp-content\/uploads\/2026\/09\/e2d1a8ab-67e3-35a5-a789-a4bda1ab5476.jpeg\"  style=\"object-position:0% 0%\" width=\"1273\"\/>Eriksen p\u00e5 defilering.  Foto: Bilde fra NRK<\/p>\n<p class=\"_paragraph_145nj_4 _paragraph_6fko5_10 layout-component text-serif-m layout-normal text-serif-m layout-padded\">VG snakket ogs\u00e5 med Eriksen klokken 07.00 tirsdag morgen, da fortalte han at han m\u00e5 v\u00e6re forberedt slik at han f\u00e5r sjanse til \u00e5 komme inn.<\/p>\n<p class=\"_paragraph_145nj_4 _paragraph_6fko5_10 layout-component text-serif-m layout-normal text-serif-m layout-padded\">\u2013 Jeg har felt noen t\u00e5rer de siste dagene. Flagget hjemme er p\u00e5 halv stang, sier Eriksen.<\/p>\n<p class=\"_paragraph_145nj_4 _paragraph_6fko5_10 layout-component text-serif-m layout-normal text-serif-m layout-padded\">Mandag ble kong Haralds b\u00e5re flyttet fra R\u00f8de salong til Slottskapellet.<\/p>\n<p class=\"_paragraph_145nj_4 _paragraph_6fko5_10 layout-component text-serif-m layout-normal text-serif-m layout-padded\">Fra klokken 14.00 tirsdag er Slottskapellet \u00e5pent slik at folk kan ta farvel med kong Harald.<\/p>\n<p><img alt=\"Foto: Gyrid Friis Edland \/ VG\" class=\"_image_jw3bv_65 layout-component layout-normal\" data-fullscreen- data-track-element-type=\"Article image fullscreen\" data-track-name=\"ImageFullscreen\" decoding=\"async\" loading=\"lazy\" height=\"5464\" itemprop=\"image\"  src=\"https:\/\/www.europesays.com\/no\/wp-content\/uploads\/2026\/09\/bea160dc-391d-3d94-8809-56c05b4acd59.jpeg\"  style=\"object-position:0% 0%\" width=\"8192\"\/>Foto: Gyrid Friis Edland \/ VG<\/p>\n<p class=\"_paragraph_145nj_4 _paragraph_6fko5_10 layout-component text-serif-m layout-normal text-serif-m layout-padded\"><strong class=\"_strong_145nj_25\">Da kong Olav d\u00f8de i 1991, var ogs\u00e5 Eriksen p\u00e5 plass for \u00e5 ta farvel.<\/strong><\/p>\n<p class=\"_paragraph_145nj_4 _paragraph_6fko5_10 layout-component text-serif-m layout-normal text-serif-m layout-padded\">\u2013 Men den gang var jeg ikke f\u00f8rst i k\u00f8en, smiler han.<\/p>\n<p class=\"_paragraph_145nj_4 _paragraph_6fko5_10 layout-component text-serif-m layout-normal text-serif-m layout-padded\">\u2013 Det var sterkt. Det blir nok like sterkt i dag ogs\u00e5, tenker jeg.<\/p>\n<p><img alt=\"Frode Eriksen var p\u00e5 Slottsplassen tirsdag morgen.  Foto: Eline Hauger\" class=\"_image_jw3bv_65 layout-component layout-normal\" data-fullscreen- data-track-element-type=\"Article image fullscreen\" data-track-name=\"ImageFullscreen\" decoding=\"async\" loading=\"lazy\" height=\"3259\" itemprop=\"image\"  src=\"https:\/\/www.europesays.com\/no\/wp-content\/uploads\/2026\/09\/f9f1167a-4571-3b5d-b735-a2a93a641e63.jpeg\"  style=\"object-position:0% 0%\" width=\"4345\"\/>Frode Eriksen var p\u00e5 Slottsplassen tirsdag morgen.  Foto: Eline Hauger<\/p>\n<p class=\"_paragraph_145nj_4 _paragraph_6fko5_10 layout-component text-serif-m layout-normal text-serif-m layout-padded\">\u2013 Hvorfor er det s\u00e5 viktig for deg \u00e5 se ham?<\/p>\n<p class=\"_paragraph_145nj_4 _paragraph_6fko5_10 layout-component text-serif-m layout-normal text-serif-m layout-padded\">\u2013 Han har betydd mye for meg, som for alle andre. Det n\u00e6rmeste jeg har v\u00e6rt kongen, er \u00e9n meter. Da var han utenfor Sofiemyr kirke for mange \u00e5r siden.<\/p>\n<p class=\"_paragraph_145nj_4 _paragraph_6fko5_10 layout-component text-serif-m layout-normal text-serif-m layout-padded\">\u2013 Han var jordn\u00e6r og inkluderende og glad i folket sitt, sier Eriksen om kong Harald.<\/p>\n<p><img alt=\"Kong Harald Vs b\u00e5re ble flyttet fra den R\u00f8de salong til Slottskapellet mandag. Kisten med krone og septer blir v\u00e6rene for defilering frem til gravferden onsdag 9. september.  Foto: Cornelius Poppe \/ NTB\" class=\"_image_jw3bv_65 layout-component layout-normal\" data-fullscreen- data-track-element-type=\"Article image fullscreen\" data-track-name=\"ImageFullscreen\" decoding=\"async\" loading=\"lazy\" height=\"5760\" itemprop=\"image\"  src=\"https:\/\/www.europesays.com\/no\/wp-content\/uploads\/2026\/09\/002304b2-17d2-3fb3-ad6e-05ca7e31670b.jpeg\"  style=\"object-position:0% 0%\" width=\"8640\"\/>Kong Harald Vs b\u00e5re ble flyttet fra den R\u00f8de salong til Slottskapellet mandag. Kisten med krone og septer blir v\u00e6rene for defilering frem til gravferden onsdag 9. september.  Foto: Cornelius Poppe \/ NTB<\/p>\n<p class=\"_paragraph_145nj_4 _paragraph_6fko5_10 layout-component text-serif-m layout-normal layout-padded\"><a href=\"https:\/\/www.vg.no\/nyheter\/i\/rrbBPa\/defilering-ta-farvel-med-kong-harald\" data-track-element-type=\"Link\" data-track-id=\"link:rrbBPa\" class=\"_link_145nj_39\" rel=\"nofollow noopener\" target=\"_blank\">Slik kan du ta farvel med kong Harald<\/a><\/p>\n<p class=\"_paragraph_145nj_4 _paragraph_6fko5_10 layout-component text-serif-m layout-normal text-serif-m layout-padded\">Han var hjemme da han fikk nyheten om at kongen <a href=\"https:\/\/www.vg.no\/nyheter\/i\/3E1xd9\/kong-harald-er-doed\" data-track-element-type=\"Link\" data-track-id=\"link:3E1xd9\" class=\"_link_145nj_39\" rel=\"nofollow noopener\" target=\"_blank\">hadde sovnet inn<\/a>, 89 \u00e5r gammel.<\/p>\n<p class=\"_paragraph_145nj_4 _paragraph_6fko5_10 layout-component text-serif-m layout-normal text-serif-m layout-padded\">\u2013 Jeg var og tente lys p\u00e5 Slottsplassen her den dagen kongen d\u00f8de.<\/p>\n<p class=\"_paragraph_145nj_4 _paragraph_6fko5_10 layout-component text-serif-m layout-normal text-serif-m layout-padded\">\u2013 Dette er mitt andre tronskifte, og s\u00e5 er det min tredje konge som blir monark.<\/p>\n<p class=\"_paragraph_145nj_4 _paragraph_6fko5_10 layout-component text-serif-m layout-normal text-serif-m layout-padded\">\u2013 Det er hyggelig \u00e5 f\u00e5 nytt kongepar, sier Eriksen.<\/p>\n<p class=\"_paragraph_145nj_4 _paragraph_6fko5_10 layout-component text-serif-m layout-normal text-serif-m layout-padded\">\u2013 Hvordan tror du det vil v\u00e6re?<\/p>\n<p class=\"_paragraph_145nj_4 _paragraph_6fko5_10 layout-component text-serif-m layout-normal text-serif-m layout-padded\">\u2013 Sikkert bra.<\/p>\n<p class=\"_paragraph_145nj_4 _paragraph_6fko5_10 layout-component text-serif-m layout-normal text-serif-m layout-padded\">Slottskapellet er \u00e5pent for folk fra tirsdag klokken 14.00 til 18.00. Deretter er Slottskapellet \u00e5pent hver dag fra klokken 10.00 til 18.00 til og med tirsdag 8. september \u2013 dagen f\u00f8r gravferden.<\/p>\n<p><img alt=\"Foto: Gyrid Friis Edland\" class=\"_image_jw3bv_65 layout-component layout-normal\" data-fullscreen- data-track-element-type=\"Article image fullscreen\" data-track-name=\"ImageFullscreen\" decoding=\"async\" loading=\"lazy\" height=\"5464\" itemprop=\"image\"  src=\"https:\/\/www.europesays.com\/no\/wp-content\/uploads\/2026\/09\/2e30c567-1d8b-364a-a3a2-3e5b0464fd44.jpeg\"  style=\"object-position:0% 0%\" width=\"8192\"\/>Foto: Gyrid Friis Edland<\/p>\n<p class=\"_paragraph_145nj_4 _paragraph_6fko5_10 layout-component text-serif-m layout-normal text-serif-m layout-padded\">Etter over en time sto Frode fortsatt alene i k\u00f8en. Mange hadde tatt veien til jobb gjennom Slottsplassen. Flere m\u00f8tte opp for \u00e5 se flaggene heises p\u00e5 halv stang klokken 8.<\/p>\n<p class=\"_paragraph_145nj_4 _paragraph_6fko5_10 layout-component text-serif-m layout-normal text-serif-m layout-padded\">\u2013 Hva skal du bruke tiden p\u00e5 frem til klokken 14?<\/p>\n<p class=\"_paragraph_145nj_4 _paragraph_6fko5_10 layout-component text-serif-m layout-normal text-serif-m layout-padded\">\u2013 Godt sp\u00f8rsm\u00e5l, ler Eriksen.<\/p>\n<p class=\"_paragraph_145nj_4 _paragraph_6fko5_10 layout-component text-serif-m layout-normal text-serif-m layout-padded\">Da klokken n\u00e6rmet seg 12, kunne man observere at k\u00f8en begynte \u00e5 forme seg.<\/p>\n<p class=\"_paragraph_145nj_4 _paragraph_6fko5_10 layout-component text-serif-m layout-normal text-serif-m layout-padded\">Og rundt klokken 13 var k\u00f8en blitt enda lengre:<\/p>\n<p><img alt=\"\" class=\"_image_jw3bv_65 layout-component layout-normal\" data-fullscreen- data-track-element-type=\"Article image fullscreen\" data-track-name=\"ImageFullscreen\" decoding=\"async\" loading=\"lazy\" height=\"5464\" itemprop=\"image\"  src=\"https:\/\/www.europesays.com\/no\/wp-content\/uploads\/2026\/09\/9c956335-45a1-371d-9819-bb18d8900d10.jpeg\"  style=\"object-position:0% 0%\" width=\"8192\"\/>       <\/p>\n","protected":false},"excerpt":{"rendered":"Slottskapellet \u00e5pnes i dag kl. 14 for folk som vil ta farvel med kong Harald. Frode Eriksen stilte&hellip;\n","protected":false},"author":2,"featured_media":340216,"comment_status":"","ping_status":"","sticky":false,"template":"","format":"standard","meta":{"footnotes":"","_share_on_mastodon":"0"},"categories":[5],"tags":[20,21,24,25,15,19,26105,22,23,17,18,13,30,28,29,14,16,26,27],"class_list":["post-340215","post","type-post","status-publish","format-standard","has-post-thumbnail","category-overskrifter","tag-breaking-news","tag-breakingnews","tag-featured-news","tag-featurednews","tag-headlines","tag-hovedoppslag","tag-kong-harald-5","tag-latest-news","tag-latestnews","tag-main-news","tag-mainnews","tag-news","tag-no","tag-norge","tag-norway","tag-nyheter","tag-overskrifter","tag-top-stories","tag-topstories"],"share_on_mastodon":{"url":"https:\/\/pubeurope.com\/@no\/117196413554226285","error":""},"_links":{"self":[{"href":"https:\/\/www.europesays.com\/no\/wp-json\/wp\/v2\/posts\/340215","targetHints":{"allow":["GET"]}}],"collection":[{"href":"https:\/\/www.europesays.com\/no\/wp-json\/wp\/v2\/posts"}],"about":[{"href":"https:\/\/www.europesays.com\/no\/wp-json\/wp\/v2\/types\/post"}],"author":[{"embeddable":true,"href":"https:\/\/www.europesays.com\/no\/wp-json\/wp\/v2\/users\/2"}],"replies":[{"embeddable":true,"href":"https:\/\/www.europesays.com\/no\/wp-json\/wp\/v2\/comments?post=340215"}],"version-history":[{"count":0,"href":"https:\/\/www.europesays.com\/no\/wp-json\/wp\/v2\/posts\/340215\/revisions"}],"wp:featuredmedia":[{"embeddable":true,"href":"https:\/\/www.europesays.com\/no\/wp-json\/wp\/v2\/media\/340216"}],"wp:attachment":[{"href":"https:\/\/www.europesays.com\/no\/wp-json\/wp\/v2\/media?parent=340215"}],"wp:term":[{"taxonomy":"category","embeddable":true,"href":"https:\/\/www.europesays.com\/no\/wp-json\/wp\/v2\/categories?post=340215"},{"taxonomy":"post_tag","embeddable":true,"href":"https:\/\/www.europesays.com\/no\/wp-json\/wp\/v2\/tags?post=340215"}],"curies":[{"name":"wp","href":"https:\/\/api.w.org\/{rel}","templated":true}]}}