{"id":340219,"date":"2026-09-01T15:09:11","date_gmt":"2026-09-01T15:09:11","guid":{"rendered":"https:\/\/www.europesays.com\/no\/340219\/"},"modified":"2026-09-01T15:09:11","modified_gmt":"2026-09-01T15:09:11","slug":"victoria-beckham-beckham-victoria-beckham-i-pluss-for-forste-gang-pa-18-ar","status":"publish","type":"post","link":"https:\/\/www.europesays.com\/no\/340219\/","title":{"rendered":"Victoria Beckham, Beckham | Victoria Beckham i pluss for f\u00f8rste gang p\u00e5 18 \u00e5r"},"content":{"rendered":"\n<p>Victoria Beckhams selskap g\u00e5r med overskudd for f\u00f8rste gang p\u00e5 18 \u00e5r.<\/p>\n<p> Victoria Beckham Holdings Ltd, der den tidligere Spice Girl-stjernen er kreativ direkt\u00f8r, gikk med et driftsoverskudd p\u00e5 7,3 millioner pund i 2025, if\u00f8lge selskapets regnskap. Det kommer etter flere \u00e5r med underskudd, melder <a href=\"\\&quot;https:\/\/www.bbc.com\/news\/articles\/cj645yl6d6do\\&quot;\">BBC<\/a>.<\/p>\n<p>\u2013 Etter 20 \u00e5r ser folk ikke lenger p\u00e5 merkevaren min som en kjendismerkevare. Vi har alle jobbet hardt i lang tid for dette \u00f8yeblikket med l\u00f8nnsomhet og vekst, sier Victoria Beckham til Financial Times.<\/p>\n<p>Fjor\u00e5rets Netflix-dokumentar om henne skildret innsatsen hun gjorde for \u00e5 etablere seg i moteverdenen. Serien bidro til \u00e5 \u00f8ke salget \u2013 \u00abmed s\u00e6rlig sterk fart i denim og jersey\u00bb, if\u00f8lge regnskapet.<\/p>\n<p>   <img decoding=\"async\" width=\"4952\" height=\"3301\" fetchpriority=\"low\"  loading=\"lazy\"  src=\"https:\/\/www.europesays.com\/no\/wp-content\/uploads\/2026\/09\/In.bin.jpeg\" alt=\"\" class=\"brick-c-cFOWSL\" style=\"--brick-image-ratio: 4952 \/ 3301;\"\/><\/p>\n<p>      VISNING: Fra visningen av Victoria Beckham h\u00f8st- og vinterkolleksjon i fjor i Paris.<br \/>\n      Foto: Scott A Garfitt\/Invision\/AP\/ NTB\n    <\/p>\n<p><b>Les ogs\u00e5: <a href=\"https:\/\/www.nettavisen.no\/sport\/england-legenden-david-beckham-haver-inn-hundrevis-av-millioner-i-vm\/s\/5-95-3105467\" rel=\"Follow nofollow noopener\" target=\"_blank\">Beckham h\u00e5ver inn hundrevis av millioner under VM<\/a><\/b><\/p>\n<p>Men dokumentaren r\u00f8pet ogs\u00e5 at ektemannen David Beckham m\u00e5tte tr\u00e5 til \u00f8konomisk for \u00e5 redde konas selskap. Men n\u00e5 leverer b\u00e5de motedelen av selskapet og skj\u00f8nnhetsdelen, som ble lansert i 2019, gode prestasjoner.<\/p>\n<p>\u2013 \u00c5 oppn\u00e5 v\u00e5rt f\u00f8rste driftsoverskudd er et historisk \u00f8yeblikk for Victoria Beckham og gjenspeiler flere \u00e5r med disiplinert gjennomf\u00f8ring og strategiske investeringer, sier administrerende direkt\u00f8r Sybille Darricarr\u00e8re Lunel.<\/p>\n<p><b>Les ogs\u00e5: <a href=\"https:\/\/www.nettavisen.no\/kjendis\/victoria-beckham-vi-har-alltid-provd-a-beskytte-barna\/s\/5-95-2987257\" rel=\"Follow nofollow noopener\" target=\"_blank\">Victoria Beckham: \u2013 Vi har alltid pr\u00f8vd \u00e5 beskytte barna<\/a><\/b><\/p>\n","protected":false},"excerpt":{"rendered":"Victoria Beckhams selskap g\u00e5r med overskudd for f\u00f8rste gang p\u00e5 18 \u00e5r. Victoria Beckham Holdings Ltd, der den&hellip;\n","protected":false},"author":2,"featured_media":340220,"comment_status":"","ping_status":"","sticky":false,"template":"","format":"standard","meta":{"footnotes":"","_share_on_mastodon":"0"},"categories":[58],"tags":[71,30,28,29,72],"class_list":["post-340219","post","type-post","status-publish","format-standard","has-post-thumbnail","category-underholdning","tag-entertainment","tag-no","tag-norge","tag-norway","tag-underholdning"],"share_on_mastodon":{"url":"https:\/\/pubeurope.com\/@no\/117196421448987512","error":""},"_links":{"self":[{"href":"https:\/\/www.europesays.com\/no\/wp-json\/wp\/v2\/posts\/340219","targetHints":{"allow":["GET"]}}],"collection":[{"href":"https:\/\/www.europesays.com\/no\/wp-json\/wp\/v2\/posts"}],"about":[{"href":"https:\/\/www.europesays.com\/no\/wp-json\/wp\/v2\/types\/post"}],"author":[{"embeddable":true,"href":"https:\/\/www.europesays.com\/no\/wp-json\/wp\/v2\/users\/2"}],"replies":[{"embeddable":true,"href":"https:\/\/www.europesays.com\/no\/wp-json\/wp\/v2\/comments?post=340219"}],"version-history":[{"count":0,"href":"https:\/\/www.europesays.com\/no\/wp-json\/wp\/v2\/posts\/340219\/revisions"}],"wp:featuredmedia":[{"embeddable":true,"href":"https:\/\/www.europesays.com\/no\/wp-json\/wp\/v2\/media\/340220"}],"wp:attachment":[{"href":"https:\/\/www.europesays.com\/no\/wp-json\/wp\/v2\/media?parent=340219"}],"wp:term":[{"taxonomy":"category","embeddable":true,"href":"https:\/\/www.europesays.com\/no\/wp-json\/wp\/v2\/categories?post=340219"},{"taxonomy":"post_tag","embeddable":true,"href":"https:\/\/www.europesays.com\/no\/wp-json\/wp\/v2\/tags?post=340219"}],"curies":[{"name":"wp","href":"https:\/\/api.w.org\/{rel}","templated":true}]}}