{"id":340225,"date":"2026-09-01T15:17:44","date_gmt":"2026-09-01T15:17:44","guid":{"rendered":"https:\/\/www.europesays.com\/no\/340225\/"},"modified":"2026-09-01T15:17:44","modified_gmt":"2026-09-01T15:17:44","slug":"fotball-vm-mehmet-kaan-inan-skulle-ikke-koste-en-skattekrone-men-prislappen-endte-pa-62-millioner","status":"publish","type":"post","link":"https:\/\/www.europesays.com\/no\/340225\/","title":{"rendered":"Fotball-VM, Mehmet Kaan Inan | Skulle ikke koste \u00e9n skattekrone, men prislappen endte p\u00e5 6,2 millioner"},"content":{"rendered":"\n<p>(<a href=\"https:\/\/www.nettavisen.no\/sport\/hoyre-byrad-mehmet-kaan-inan-lovet-gratis-vm-fest-regningen-til-kommunen-endte-pa-6-2-millioner\/s\/5-95-3213023\" rel=\"Follow nofollow noopener\" target=\"_blank\">Nettavisen<\/a>): H\u00f8yre-byr\u00e5den vakte sterke reaksjoner da han f\u00f8rst gikk ut i <a href=\"https:\/\/www.vg.no\/sport\/i\/bOqbWv\/etterlyser-offentlige-fotballfester-daarlig-bruk-av-skattebetalernes-penger\" rel=\"Follow nofollow noopener\" target=\"_blank\">VG<\/a> og sa at han mente det var d\u00e5rlig bruk av skattepenger \u00e5 sette opp en VM-fest i hovedstaden, f\u00f8r han bare et par dager senere presenterte nettopp en VM-fest p\u00e5 R\u00e5dhusplassen i Oslo.<\/p>\n<p>Inan ble kritisert for \u00e5 snu og ta p\u00e5 seg \u00e6ren av arrangementet, mens H\u00f8yre-politikeren p\u00e5 sin side var klar p\u00e5 at det ikke var det han hadde gjort.<\/p>\n<p>\u2013 Jeg har sagt at vi ikke kan bruke skattebetalernes penger p\u00e5 dette, sa H\u00f8yre-byr\u00e5den til Nettavisen.<\/p>\n<p>\u2013 Hva er problemet egentlig? Her har en privat akt\u00f8r tatt hele regninga. Hva mer kunne du \u00f8nske deg? <a href=\"https:\/\/x.com\/mehmetkaaninan\/status\/2072809016518938875?ref_src=twsrc%5Etfw%7Ctwcamp%5Etweetembed%7Ctwterm%5E2072809016518938875%7Ctwgr%5E6d689f141e4f8a6e3f769cbd7907aeffaa7fcd37%7Ctwcon%5Es1_&amp;ref_url=https%3A%2F%2Fsmartembedtwitterxtweet.getbagera.no%2Fapi%2Fmnemonic%2Fv2%2Frender-iframe%2F%3Furl%3Dhttps3A2F2Fx.com2Fmehmetkaaninan2Fstatus2F2072809016518938875publication%3Dwww.nettavisen.noid%3Dsmartembed-twitter_x_tweet\" rel=\"Follow nofollow\">svarte han ogs\u00e5 Mads Hansen<\/a>, som kritiserte Inan for \u00e5 snu.<\/p>\n<p>Nettavisen har imidlertid f\u00e5tt innsyn i regnskapet, der det viser seg at kommunen m\u00e5tte bla opp store summer.\u00a0<\/p>\n<p>Regningen endte p\u00e5 hele 12,2 millioner kroner, der kun 6 millioner ble dekket av sponsorene.\u00a0<\/p>\n<p>\u2013 Jeg tror alle vi som bor i Oslo kommer til \u00e5 huske stemningen, gleden og samholdet vi f\u00f8lte under fotball-VM i sommer. Jeg mener at verdien av fotballfesten overg\u00e5r regningen kommunen sitter igjen med. Vi var s\u00e5 heldige \u00e5 f\u00e5 bidrag fra n\u00e6ringslivet til \u00e5 arrangere dette, og det viser hva vi f\u00e5r til n\u00e5r alle gode krefter g\u00e5r sammen, sier Inan til Nettavisen.<\/p>\n<p>Byr\u00e5den for kultur og n\u00e6ring hevder at han har v\u00e6rt tydelig p\u00e5 at det var vanskelig \u00e5 forutse kostnadene p\u00e5 et arrangement som skal settes opp p\u00e5 s\u00e5 kort tid.<\/p>\n<p>\u2013 Det er mye som skal p\u00e5 plass av utstyr, fra skjermer og lyd til toaletter og vann, og det er mange folk i sving. Det har kostet Oslo kommune rundt seks millioner kroner, men vi har ogs\u00e5 f\u00e5tt betydelige inntekter fra utleie av arealer til ulike akt\u00f8rer i l\u00f8pet av VM. De vil g\u00e5 til \u00e5 finansiere utgiftene knyttet til visningen p\u00e5 R\u00e5dhusplassen, som betyr at kostnaden er p\u00e5 omtrent tre millioner kroner for kommunen.<\/p>\n<p>Inan mener likevel at de kom godt ut av og er veldig stolt av arrangementet.<\/p>\n<p>Gikk hardt ut: \u2013 Uheldig<\/p>\n<p>Byr\u00e5den kunne ikke gj\u00f8re intervjuet p\u00e5 telefon, og det var flere av Nettavisens sp\u00f8rsm\u00e5l som ikke ble besvart i den f\u00f8rste mailen.\u00a0<\/p>\n<p>Vi fulgte derfor opp med f\u00f8lgende sp\u00f8rsm\u00e5l:<\/p>\n<ul>\n<li>Inan lovet at det ikke skulle koste noen skattekroner, gjentatte ganger, og sa ikke noe om at det var vanskelig \u00e5 forutse kostnadene. Hvordan kunne han love det n\u00e5r det ikke stemte? Og hvor i s\u00e5 fall sa han at det var vanskelig \u00e5 forutse kostnadene? <\/li>\n<li>Hvordan kunne Inan love det hvis det var vanskelig \u00e5 forutse kostnadene?<\/li>\n<li>Hva tenker Inan om sin egen retorikk om kritikken som kom? <\/li>\n<\/ul>\n<p>Da kritikken haglet, slo nemlig Inan hardt tilbake mot de som mente at han hadde snudd.<\/p>\n<p>N\u00e5 tar imidlertid Inan delvis selvkritikk for egen retorikk.\u00a0<\/p>\n<p>\u2013 Diskusjonen i sosiale medier ble uheldig, og flyttet fokuset fra det som var en god nyhet og ble en fantastisk opplevelse for oslofolk. Jeg tror ikke at de over 100.000 som deltok p\u00e5 VM-festen p\u00e5 R\u00e5dhusplassen f\u00f8rst og fremst var opptatt av disse diskusjonene, men var glad for opplevelsen og at Norge gjorde det bra, sier han.<\/p>\n<p>Inans uttalelser ble gitt f\u00f8r kong Haralds bortgang.<\/p>\n<p>Taus: \u2013 Ikke mer \u00e5 tilf\u00f8ye<\/p>\n<p>De andre sp\u00f8rsm\u00e5lene ble ikke besvart, igjen.<\/p>\n<p>\u2013 Byr\u00e5den har ikke mer \u00e5 tilf\u00f8ye, skriver pressekontakt Line Thams Reiersen til Nettavisen.\u00a0<\/p>\n<p>\u2013 Ok, s\u00e5 bare for \u00e5 ha det helt klart, s\u00e5 \u00f8nsker han ikke \u00e5 forklare hvorfor han lovet at det ikke skulle bli brukt noen skattepenger, n\u00e5r det endte opp med \u00e5 bli brukt 6,2 millioner? sp\u00f8r Nettavisen.<\/p>\n<p>Reiersen sl\u00e5r s\u00e5 p\u00e5 tr\u00e5den og lurer p\u00e5 hvor Inan har lovet det. Nettavisen viser til avisartikler og Inans svar p\u00e5 X.<\/p>\n<p>Etter flere dager og gjentatte henvendelser, fikk vi et nytt svar tirsdag morgen:<\/p>\n<p>\u2013 Byr\u00e5den har ikke mer \u00e5 tilf\u00f8ye.<\/p>\n<p>Byr\u00e5det forklarer<\/p>\n<p>Byr\u00e5dsavdeling for kultur og n\u00e6ring kommer p\u00e5 sin side med en forklaring p\u00e5 hvorfor VM-festen ble s\u00e5 dyr.<\/p>\n<p>\u2013 Et arrangement av denne st\u00f8rrelsesorden bruker man normalt flere m\u00e5neder p\u00e5 \u00e5 planlegge. I dette tilfellet ble b\u00e5de planlegging, rigging og gjennomf\u00f8ring gjort p\u00e5 tre dager til den f\u00f8rste kampen, og deretter seks dager til den andre, forklarer de og fortsetter:<\/p>\n<p>\u2013 Det ble gitt to gaver p\u00e5 3 millioner fra henholdsvis Sparebanken \u00d8stlandet og DNB, til sammen 6 millioner. To dager etter den f\u00f8rste visningen s\u00e5 man at kostnadene ville overskride st\u00f8rrelsen p\u00e5 gavene, og at de ville \u00f8ke betydelig mer til den andre visningen.\u00a0<\/p>\n<p>Byr\u00e5dsavdelingen forteller at det l\u00e5 an til at de to visningene ville koste rundt henholdsvis 4 og 6 millioner.<\/p>\n<p>\u2013 Samtidig var en rekke poster fortsatt uavklarte, ikke minst omfanget av overtidsarbeid. En bekymring knyttet til utviklingen av kostnadsniv\u00e5et ble derfor videreformidlet til KON (Byr\u00e5d for kultur og n\u00e6ring) per telefon tirsdag 7\/7, opplyser de.<\/p>\n<p>Byr\u00e5dsavdelingen fortsetter:<\/p>\n<p>\u2013 Gjennom juli er det jobbet intensivt med \u00e5 f\u00e5 oversikt over alle kostnader, og vedlagte oversikt viser at vi per i dag ligger an til et kostnadsniv\u00e5 p\u00e5 henholdsvis kroner 4,95 og 7,23 millioner for de to visningene. Alts\u00e5 ca. 12,2 mill., med en egenandel p\u00e5 6,2 mill.\u00a0<\/p>\n<p>De gj\u00f8r ogs\u00e5 oppmerksom p\u00e5 at det fortsatt gjenst\u00e5r \u00e5 ta en siste sjekk p\u00e5 at alle fakturaer er kommet inn, da dette tidligere ikke har v\u00e6rt mulig grunnet ferieavvikling hos leverand\u00f8rer og etater.<\/p>\n<p>Kostnadene kan dermed ende enda h\u00f8yere enn de 6,2 millioner kronene som det ligger an til n\u00e5.<\/p>\n<p><a class=\"brick-c-hOTghF\" href=\"#skip-\">Hopp over karusellen.<\/a><\/p>\n<p data-static=\"\" class=\"brick-c-fgNmNC\" id=\"carousel-title-\">Innholdskarusell med 30 artikler.<\/p>\n<ul data-static=\"\" aria-label=\"Navigasjon for innholdskarusell\" class=\"carousel-nav\">\n<li>\n<\/li>\n<li>\n<\/li>\n<\/ul>\n<p>  <a href=\"https:\/\/www.ao.no\/5-128-1355258\" class=\"related-teaser has-image article--c-MkAkR\" rel=\"nofollow noopener\" target=\"_blank\"><\/p>\n<p>    <img decoding=\"async\" width=\"155\"  loading=\"lazy\"  src=\"https:\/\/www.europesays.com\/no\/wp-content\/uploads\/2026\/09\/47da40d4-c4c3-498a-9269-8956425d2f8c.jpg\" alt=\"\" class=\"brick-c-cFOWSL\" style=\"\"\/><\/p>\n<p>\n            Les ogs\u00e5<\/p>\n<p>            Mottok seks millioner i gaver: \u2013 Blir betraktelig dyrere\n        <\/p>\n<p>  <\/a><\/p>\n<p>  <a href=\"https:\/\/www.ao.no\/5-128-1354192\" class=\"related-teaser has-image article--c-MkAkR\" rel=\"nofollow noopener\" target=\"_blank\"><\/p>\n<p>    <img decoding=\"async\" width=\"155\"  loading=\"lazy\"  src=\"https:\/\/www.europesays.com\/no\/wp-content\/uploads\/2026\/09\/KOMMENTAR+%282%29.jpg\" alt=\"\" class=\"brick-c-cFOWSL\" style=\"\"\/><\/p>\n<p>\n            Les ogs\u00e5<\/p>\n<p>            Det har kokt godt i hodene til byr\u00e5det i sommer\n        <\/p>\n<p>  <\/a><\/p>\n<p>  <a href=\"https:\/\/www.ao.no\/5-128-1352850\" class=\"related-teaser has-image article--c-MkAkR\" rel=\"nofollow noopener\" target=\"_blank\"><\/p>\n<p>    <img decoding=\"async\" width=\"155\"  loading=\"lazy\"  src=\"https:\/\/www.europesays.com\/no\/wp-content\/uploads\/2026\/09\/Mehmet+Kaan+Inan.jpg\" alt=\"\" class=\"brick-c-cFOWSL\" style=\"\"\/><\/p>\n<p>\n            Les ogs\u00e5<\/p>\n<p>            Flere personer anmeldt: \u2013 Reinspikka rasisme og hets\n        <\/p>\n<p>  <\/a><\/p>\n<p>  <a href=\"https:\/\/www.ao.no\/5-128-1351473\" class=\"related-teaser has-image article--c-MkAkR\" rel=\"nofollow noopener\" target=\"_blank\"><\/p>\n<p>    <img decoding=\"async\" width=\"155\"  loading=\"lazy\"  src=\"https:\/\/www.europesays.com\/no\/wp-content\/uploads\/2026\/09\/NTB_iGawfkXxvgw.jpg\" alt=\"\" class=\"brick-c-cFOWSL\" style=\"\"\/><\/p>\n<p>\n            Les ogs\u00e5<\/p>\n<p>            Byr\u00e5den sa f\u00f8rst nei til festen \u2013 s\u00e5 tok han \u00e6ren for den\n        <\/p>\n<p>  <\/a><\/p>\n<p>  <a href=\"https:\/\/www.ao.no\/5-128-1351585\" class=\"related-teaser has-image article--c-MkAkR\" rel=\"nofollow noopener\" target=\"_blank\"><\/p>\n<p>    <img decoding=\"async\" width=\"155\"  loading=\"lazy\"  src=\"https:\/\/www.europesays.com\/no\/wp-content\/uploads\/2026\/09\/NTB_U--beMQgLjw.jpg\" alt=\"\" class=\"brick-c-cFOWSL\" style=\"\"\/><\/p>\n<p>\n            Les ogs\u00e5<\/p>\n<p>            Punger ut for VM-fest: \u2013 Gleder meg veldig\n        <\/p>\n<p>  <\/a><\/p>\n<p>  <a href=\"https:\/\/www.ao.no\/5-128-1350840\" class=\"related-teaser has-image article--c-MkAkR\" rel=\"nofollow noopener\" target=\"_blank\"><\/p>\n<p>    <img decoding=\"async\" width=\"155\"  loading=\"lazy\"  src=\"https:\/\/www.europesays.com\/no\/wp-content\/uploads\/2026\/09\/a-9877196c-5343-42d5-a0ee-3c0303f431c4.jpg\" alt=\"\" class=\"brick-c-cFOWSL\" style=\"\"\/><\/p>\n<p>\n            Les ogs\u00e5<\/p>\n<p>            Kritikken haglet. N\u00e5 lover han ny VM-fest: \u2013 Totalkostnaden finner vi ut av etter hvert\n        <\/p>\n<p>  <\/a><\/p>\n<p>  <a href=\"https:\/\/www.ao.no\/5-128-1350640\" class=\"related-teaser has-image article--c-MkAkR\" rel=\"nofollow noopener\" target=\"_blank\"><\/p>\n<p>    <img decoding=\"async\" width=\"155\"  loading=\"lazy\"  src=\"https:\/\/www.europesays.com\/no\/wp-content\/uploads\/2026\/09\/a-9877196c-5343-42d5-a0ee-3c0303f431c4.jpg\" alt=\"\" class=\"brick-c-cFOWSL\" style=\"\"\/><\/p>\n<p>\n            Les ogs\u00e5<\/p>\n<p>            Folkefesten kan koste flere millioner \u2013 ordknapp om prislappen\n        <\/p>\n<p>  <\/a><\/p>\n<p>  <a href=\"https:\/\/www.ao.no\/5-128-1349460\" class=\"related-teaser has-image article--c-MkAkR\" rel=\"nofollow noopener\" target=\"_blank\"><\/p>\n<p>    <img decoding=\"async\" width=\"155\"  loading=\"lazy\"  src=\"https:\/\/www.europesays.com\/no\/wp-content\/uploads\/2026\/09\/Mehmet+Kaan+Inan.jpg\" alt=\"\" class=\"brick-c-cFOWSL\" style=\"\"\/><\/p>\n<p>\n            Les ogs\u00e5<\/p>\n<p>            H\u00f8yre-politiker refses: \u2013 Skaml\u00f8st!\n        <\/p>\n<p>  <\/a><\/p>\n","protected":false},"excerpt":{"rendered":"(Nettavisen): H\u00f8yre-byr\u00e5den vakte sterke reaksjoner da han f\u00f8rst gikk ut i VG og sa at han mente det&hellip;\n","protected":false},"author":2,"featured_media":340226,"comment_status":"","ping_status":"","sticky":false,"template":"","format":"standard","meta":{"footnotes":"","_share_on_mastodon":"0"},"categories":[5],"tags":[36,20,21,24,25,4472,15,19,762,22,23,17,18,18655,13,30,28,29,14,16,26193,41,1510,26,27,23301],"class_list":["post-340225","post","type-post","status-publish","format-standard","has-post-thumbnail","category-overskrifter","tag-art","tag-breaking-news","tag-breakingnews","tag-featured-news","tag-featurednews","tag-fotball-vm","tag-headlines","tag-hovedoppslag","tag-hoyre","tag-latest-news","tag-latestnews","tag-main-news","tag-mainnews","tag-mehmet-kaan-inan","tag-news","tag-no","tag-norge","tag-norway","tag-nyheter","tag-overskrifter","tag-pengebruk","tag-politikk","tag-story","tag-top-stories","tag-topstories","tag-vm-fest"],"share_on_mastodon":{"url":"https:\/\/pubeurope.com\/@no\/117196456876238865","error":""},"_links":{"self":[{"href":"https:\/\/www.europesays.com\/no\/wp-json\/wp\/v2\/posts\/340225","targetHints":{"allow":["GET"]}}],"collection":[{"href":"https:\/\/www.europesays.com\/no\/wp-json\/wp\/v2\/posts"}],"about":[{"href":"https:\/\/www.europesays.com\/no\/wp-json\/wp\/v2\/types\/post"}],"author":[{"embeddable":true,"href":"https:\/\/www.europesays.com\/no\/wp-json\/wp\/v2\/users\/2"}],"replies":[{"embeddable":true,"href":"https:\/\/www.europesays.com\/no\/wp-json\/wp\/v2\/comments?post=340225"}],"version-history":[{"count":0,"href":"https:\/\/www.europesays.com\/no\/wp-json\/wp\/v2\/posts\/340225\/revisions"}],"wp:featuredmedia":[{"embeddable":true,"href":"https:\/\/www.europesays.com\/no\/wp-json\/wp\/v2\/media\/340226"}],"wp:attachment":[{"href":"https:\/\/www.europesays.com\/no\/wp-json\/wp\/v2\/media?parent=340225"}],"wp:term":[{"taxonomy":"category","embeddable":true,"href":"https:\/\/www.europesays.com\/no\/wp-json\/wp\/v2\/categories?post=340225"},{"taxonomy":"post_tag","embeddable":true,"href":"https:\/\/www.europesays.com\/no\/wp-json\/wp\/v2\/tags?post=340225"}],"curies":[{"name":"wp","href":"https:\/\/api.w.org\/{rel}","templated":true}]}}