{"id":340231,"date":"2026-09-01T15:26:14","date_gmt":"2026-09-01T15:26:14","guid":{"rendered":"https:\/\/www.europesays.com\/no\/340231\/"},"modified":"2026-09-01T15:26:14","modified_gmt":"2026-09-01T15:26:14","slug":"varsler-nye-krav-viktig-for-oss-a-ha-god-informasjon-til-a-vurdere-utviklingen-bladet-no","status":"publish","type":"post","link":"https:\/\/www.europesays.com\/no\/340231\/","title":{"rendered":"Varsler nye krav: \u2013 Viktig for oss \u00e5 ha god informasjon til \u00e5 vurdere utviklingen &#8211; bladet.no"},"content":{"rendered":"<ol>\n<li><a href=\"https:\/\/news.google.com\/rss\/articles\/CBMiuwFBVV95cUxPcGE4MzU4S1FMRkNheGZScnE3RXpjckJ0TUVXdDZVZnp1MmwtUjJFNV9jM3dpOFhkbXFfVVhWQkF1bUUwY0Ftczk2cE9kNjZkWm9JaFhMcHR1WjQxVzdhSF9BTGItV1YxZHBTQW1PM1diX2xaYWRiWXJTeEU0bTlMRDZPeFZvSlAxd2RRdllQRmp0V2piWVZSM1hMN2M0N2ZMQUpRRWVyNTRfOG5aY0tXX2RqVk81OXM4T3Y0?oc=5\" target=\"_blank\" rel=\"nofollow noopener\">Varsler nye krav: \u2013 Viktig for oss \u00e5 ha god informasjon til \u00e5 vurdere utviklingen<\/a>&nbsp;&nbsp;bladet.no<\/li>\n<li><a href=\"https:\/\/news.google.com\/rss\/articles\/CBMigwFBVV95cUxPQ3BLVzN1XzFsNzhOMGpSel9XQk1ocFI0U3ZWcC1uZGw1d2tWNUZmNzBPYXJuZkdwZ0lqWjJ1emNBTHdMNW9SaF9INEpIYV82RGYxM0FqeDFLd21jbTl2cHBUdnRMd09aS19nc2xJRFFjZlVFLTVWZHJmZ2JOY1pmc0VpTQ?oc=5\" target=\"_blank\" rel=\"nofollow noopener\">NVE skal kikke kraft\u00adprodusenter i kortene<\/a>&nbsp;&nbsp;VG<\/li>\n<li><a href=\"https:\/\/news.google.com\/rss\/articles\/CBMidkFVX3lxTE1jTjhRYlFudmxMSkJqaXlqb3FrMnpWMzBBUWRPUERDVWUtWm5XOGp5Y3lDMDJZay10a1p5WndFSDMyeVZzZWxXTkJ6aHhiNzB1UlBUTE9aRDRwSFhMZFNhNnBPT0I4UWVSRTFYTUl2TkljYllHMFE?oc=5\" target=\"_blank\" rel=\"nofollow noopener\">Vann renner fortsatt nedover<\/a>&nbsp;&nbsp;adressa.no<\/li>\n<li><a href=\"https:\/\/news.google.com\/rss\/articles\/CBMidEFVX3lxTFB6YUxaQWVfS3VnUWRZcU8xbXdIcWZzN3ZVbDZ1WFU4UkRRSENnblgzNjNiNFZpYUo3S2JXNklyNk5JRWs1VXlZT052VGdCbUhqNXE2MzU4Ql9iTUV6UHlXZmJBR2hsOUxPeDg2MXlWSm9JYmE0?oc=5\" target=\"_blank\" rel=\"nofollow noopener\">Historisk lite sn\u00f8 ga laveste vannstand p\u00e5 20 \u00e5r<\/a>&nbsp;&nbsp;vigga.no<\/li>\n<li><a href=\"https:\/\/news.google.com\/rss\/articles\/CBMiiAFBVV95cUxNcXBPdUpWd1FSV1c5VWVKemY1YkE2VXJ2SUtkN0xuMTMySTNzUk1fMkZ0Nm5uSlJBZEpiUzY3MURURXhjUXB3RmZVU183ZnRpcDJmT0kxdmFhaFBvbTJ4NzZ3SUJUTERZVE5hRzEzaXYtSm80SnlfaUtnaEZHODhzVXZkS2h0TG9F?oc=5\" target=\"_blank\" rel=\"nofollow noopener\">NVE vil f\u00f8lgje kraft\u00adprodu\u00adsentane tettare<\/a>&nbsp;&nbsp;fjuken.no<\/li>\n<\/ol>\n","protected":false},"excerpt":{"rendered":"Varsler nye krav: \u2013 Viktig for oss \u00e5 ha god informasjon til \u00e5 vurdere utviklingen&nbsp;&nbsp;bladet.no NVE skal kikke&hellip;\n","protected":false},"author":2,"featured_media":340232,"comment_status":"","ping_status":"","sticky":false,"template":"","format":"standard","meta":{"footnotes":"","_share_on_mastodon":"0"},"categories":[10],"tags":[20,21,24,25,15,22,23,13,30,28,29,14,16,26,27],"class_list":["post-340231","post","type-post","status-publish","format-standard","has-post-thumbnail","category-norge","tag-breaking-news","tag-breakingnews","tag-featured-news","tag-featurednews","tag-headlines","tag-latest-news","tag-latestnews","tag-news","tag-no","tag-norge","tag-norway","tag-nyheter","tag-overskrifter","tag-top-stories","tag-topstories"],"share_on_mastodon":{"url":"https:\/\/pubeurope.com\/@no\/117196488034163898","error":""},"_links":{"self":[{"href":"https:\/\/www.europesays.com\/no\/wp-json\/wp\/v2\/posts\/340231","targetHints":{"allow":["GET"]}}],"collection":[{"href":"https:\/\/www.europesays.com\/no\/wp-json\/wp\/v2\/posts"}],"about":[{"href":"https:\/\/www.europesays.com\/no\/wp-json\/wp\/v2\/types\/post"}],"author":[{"embeddable":true,"href":"https:\/\/www.europesays.com\/no\/wp-json\/wp\/v2\/users\/2"}],"replies":[{"embeddable":true,"href":"https:\/\/www.europesays.com\/no\/wp-json\/wp\/v2\/comments?post=340231"}],"version-history":[{"count":0,"href":"https:\/\/www.europesays.com\/no\/wp-json\/wp\/v2\/posts\/340231\/revisions"}],"wp:featuredmedia":[{"embeddable":true,"href":"https:\/\/www.europesays.com\/no\/wp-json\/wp\/v2\/media\/340232"}],"wp:attachment":[{"href":"https:\/\/www.europesays.com\/no\/wp-json\/wp\/v2\/media?parent=340231"}],"wp:term":[{"taxonomy":"category","embeddable":true,"href":"https:\/\/www.europesays.com\/no\/wp-json\/wp\/v2\/categories?post=340231"},{"taxonomy":"post_tag","embeddable":true,"href":"https:\/\/www.europesays.com\/no\/wp-json\/wp\/v2\/tags?post=340231"}],"curies":[{"name":"wp","href":"https:\/\/api.w.org\/{rel}","templated":true}]}}