{"id":340239,"date":"2026-09-01T15:36:11","date_gmt":"2026-09-01T15:36:11","guid":{"rendered":"https:\/\/www.europesays.com\/no\/340239\/"},"modified":"2026-09-01T15:36:11","modified_gmt":"2026-09-01T15:36:11","slug":"alt-om-kong-haralds-bortgang-vg-2","status":"publish","type":"post","link":"https:\/\/www.europesays.com\/no\/340239\/","title":{"rendered":"Alt om kong Haralds bortgang &#8211; VG"},"content":{"rendered":"<ol>\n<li><a href=\"https:\/\/news.google.com\/rss\/articles\/CBMibkFVX3lxTE9JaEZGWnpWb090Zlk5WnB5eE15Z3VXR252S3RDREFmYjY2N05HblNuMTdXbUREV0s3YnBfZksyUFJlX0NUd0VwcFhHcTh3dDBSOEZvQjlaZ3VDSVlrYTB1eVljdVpHT3ZyeFJiQlZR?oc=5\" target=\"_blank\" rel=\"nofollow noopener\">Alt om kong Haralds bortgang<\/a>&nbsp;&nbsp;VG<\/li>\n<li><a href=\"https:\/\/news.google.com\/rss\/articles\/CBMid0FVX3lxTE5kM2l1QUZIRFRxaWZlVVNPYklYOGR0clhQZE02clNNdFJBcEtIS3A3NmVwXzJ3QURkUlJCNmZaYVd4VzNmMEIzUUFDZHhHNUlYaDBNNk8wbndxTGpoTHlTRU9qVVM3a2k5RkpqQmtPRTB3Mm8yd2tr?oc=5\" target=\"_blank\" rel=\"nofollow noopener\">D\u00f8dsryktene: &#8211; Helt vanvittig<\/a>&nbsp;&nbsp;Dagbladet<\/li>\n<li><a href=\"https:\/\/news.google.com\/rss\/articles\/CBMivwFBVV95cUxOVVg5b0t3Um1meVdsTEdSa0swSUwzbHdXN2RSRUlac1RsYXpfZWlEUXhLUGxoMTIzQWZFOHh2ZHJKWm5ZZXFOLVpld3J1U2R0MU8wOEthS2JOak9vVXVCRm5KODVxTGVaRTlESUctLVNaSVRvY0lyU3I3aVgxQ3JueTVkdzF1T2U2XzExbXBUOVlhcHlwZGtLbzNEaUlSZjBSWDJabHU1YkRYdkV4dThwTGNxdEFUTlRhdzNDRUJWdw?oc=5\" target=\"_blank\" rel=\"nofollow noopener\">(+) Reagerer p\u00e5 at V\u00e5rt Land fotograferte Marius Borg H\u00f8iby inne p\u00e5 Rikshospitalet<\/a>&nbsp;&nbsp;Morgenbladet<\/li>\n<li><a href=\"https:\/\/news.google.com\/rss\/articles\/CBMiigFBVV95cUxONFVxWUFsRVBnT3VDaG4zTmRPYXBPU1dna283TzVENWpWM0FucFVlS1RwUzZtODlKTUltLWxRN3JpV1ZSQUFGRm5zdWlkMW00cEN3QzNLejFWREdCOXU1OWV0d05sMU1Jc3BCaE5MenVxZ05hN0FGcG5teXo2czEzcFhCRDMzSlpkVUE?oc=5\" target=\"_blank\" rel=\"nofollow noopener\">Kong Harald V er d\u00f8d &#8211; Kongens Garde avlyser arrangement fredag<\/a>&nbsp;&nbsp;Stavanger Aftenblad<\/li>\n<li><a href=\"https:\/\/news.google.com\/rss\/articles\/CBMifEFVX3lxTFBoaWptUjdCSVltSTdhSkM2OVpUWFU3OTFKVS1VUm9ZM2pmUXVtWXV4c0dodjZyRG1SRHZ1NnUtajFrQlFNX3MxNkxMUVEwalF3ZUZPR0VDNDFrbEE4RU9RdEdJNEhuVWdUUjhCVWZ1WnV2cTh0SzI0NGo0WEo?oc=5\" target=\"_blank\" rel=\"nofollow noopener\">Kronprinsessen forlot Rikshospitalet<\/a>&nbsp;&nbsp;NRK<\/li>\n<\/ol>\n","protected":false},"excerpt":{"rendered":"Alt om kong Haralds bortgang&nbsp;&nbsp;VG D\u00f8dsryktene: &#8211; Helt vanvittig&nbsp;&nbsp;Dagbladet (+) Reagerer p\u00e5 at V\u00e5rt Land fotograferte Marius Borg&hellip;\n","protected":false},"author":2,"featured_media":340240,"comment_status":"","ping_status":"","sticky":false,"template":"","format":"standard","meta":{"footnotes":"","_share_on_mastodon":"0"},"categories":[10],"tags":[20,21,24,25,15,22,23,13,30,28,29,14,16,26,27],"class_list":["post-340239","post","type-post","status-publish","format-standard","has-post-thumbnail","category-norge","tag-breaking-news","tag-breakingnews","tag-featured-news","tag-featurednews","tag-headlines","tag-latest-news","tag-latestnews","tag-news","tag-no","tag-norge","tag-norway","tag-nyheter","tag-overskrifter","tag-top-stories","tag-topstories"],"share_on_mastodon":{"url":"https:\/\/pubeurope.com\/@no\/117196527262706509","error":""},"_links":{"self":[{"href":"https:\/\/www.europesays.com\/no\/wp-json\/wp\/v2\/posts\/340239","targetHints":{"allow":["GET"]}}],"collection":[{"href":"https:\/\/www.europesays.com\/no\/wp-json\/wp\/v2\/posts"}],"about":[{"href":"https:\/\/www.europesays.com\/no\/wp-json\/wp\/v2\/types\/post"}],"author":[{"embeddable":true,"href":"https:\/\/www.europesays.com\/no\/wp-json\/wp\/v2\/users\/2"}],"replies":[{"embeddable":true,"href":"https:\/\/www.europesays.com\/no\/wp-json\/wp\/v2\/comments?post=340239"}],"version-history":[{"count":0,"href":"https:\/\/www.europesays.com\/no\/wp-json\/wp\/v2\/posts\/340239\/revisions"}],"wp:featuredmedia":[{"embeddable":true,"href":"https:\/\/www.europesays.com\/no\/wp-json\/wp\/v2\/media\/340240"}],"wp:attachment":[{"href":"https:\/\/www.europesays.com\/no\/wp-json\/wp\/v2\/media?parent=340239"}],"wp:term":[{"taxonomy":"category","embeddable":true,"href":"https:\/\/www.europesays.com\/no\/wp-json\/wp\/v2\/categories?post=340239"},{"taxonomy":"post_tag","embeddable":true,"href":"https:\/\/www.europesays.com\/no\/wp-json\/wp\/v2\/tags?post=340239"}],"curies":[{"name":"wp","href":"https:\/\/api.w.org\/{rel}","templated":true}]}}