{"id":340241,"date":"2026-09-01T15:37:15","date_gmt":"2026-09-01T15:37:15","guid":{"rendered":"https:\/\/www.europesays.com\/no\/340241\/"},"modified":"2026-09-01T15:37:15","modified_gmt":"2026-09-01T15:37:15","slug":"dronning-mette-marit-edsavleggelse-dronning-mette-marit-uteblir-fra-edsavleggelsen","status":"publish","type":"post","link":"https:\/\/www.europesays.com\/no\/340241\/","title":{"rendered":"Dronning Mette-Marit, Edsavleggelse | Dronning Mette-Marit uteblir fra edsavleggelsen"},"content":{"rendered":"\n<p>Dronning Mette-Marit (53) uteblir fra tirsdagens edsavleggelse.<\/p>\n<p>\u00c5rsaken er dronningens helsetilstand, melder Slottet i en pressemelding tirsdag formiddag.\u00a0<\/p>\n<p>Lungelege Are Holm ved Rikshospitalet uttaler:<\/p>\n<p>\u2013 Det er ikke uvanlig med komplikasjoner etter en lungetransplantasjon. Dronningen har hatt komplikasjoner ved noen tilfeller siden operasjonen, ogs\u00e5 i dag. Som f\u00f8lge av dette m\u00e5 dronningen observeres gjennom dagen. Dronningen vil derfor dessverre ikke kunne delta p\u00e5 edsavleggelsen i Stortinget i dag.<\/p>\n<p>    Vil du se neste video?<\/p>\n<p>    <a href=\"https:\/\/www.nettavisen.no\/nyheter\/statsminister-jonas-gahr-store-svarer-frustrert-dieselkunde-og-traktorsjafor\/v\/80-95-33380\" class=\"recommend-poster\" data-adp-clicklabel=\"video-recommend\" data-adp-clickvalue=\"poster\" rel=\"nofollow noopener\" target=\"_blank\"><br \/>\n      <img decoding=\"async\" width=\"200\" height=\"200\" loading=\"lazy\" src=\"https:\/\/www.europesays.com\/no\/wp-content\/uploads\/2026\/09\/1788277034_83_Jonas Gahr St\u00f8re bredde.jpg\" alt=\"\" class=\"brick-c-cFOWSL\" style=\"--brick-image-ratio: 200 \/ 200;\"\/><\/p>\n<p>Svarer lei traktorsja\u030af\u00f8r1:26<\/p>\n<p>    <\/a><\/p>\n<p>        B\u00e5ren til avd\u00f8de kong Harald skal mandag ettermiddag flyttes fra Den r\u00f8de salong og til Slottskapellet p\u00e5 Slottet.<br \/>\nF\u00e5 reaksjoner fra Nettavisens studio i forkant av seremonien.<\/p>\n<p>Kronprinsesse Ingrid Alexandra (22) ledsager kong Haakon. Dronning Sonja (89) og prins Sverre Magnus (20) vil biv\u00e5ne edsavleggelsen fra Stortingssalen.<\/p>\n<p>\u2013 Betydningsfullt <\/p>\n<p>Nettavisens sjefredakt\u00f8r, Frode Hansen, legger ikke skjul p\u00e5 at han synes det er trist at dronning Mette-Marit ikke f\u00e5r deltatt.<\/p>\n<p>\u2013 Dette er f\u00f8rst og fremst trist for dronning Mette-Marit, som naturligvis hadde \u00f8nsket \u00e5 st\u00e5 ved kong Haakons side p\u00e5 en av de viktigste dagene i starten p\u00e5 hans regjeringstid. Det er kongen som skal avlegge eden, men symbolsk er det betydningsfullt at dronningen ikke kan v\u00e6re der, sier Hansen.<\/p>\n<p><b>Les ogs\u00e5: <a href=\"https:\/\/www.nettavisen.no\/nyheter\/ekspert-om-m-rtha-louise-og-kong-haakon-ma-sette-grenser-i-ny-rolle\/s\/80-95-41984\" rel=\"Follow nofollow noopener\" target=\"_blank\">Om s\u00f8skenforholdet: \u2013 En vanskelig balansegang<\/a><\/b><\/p>\n<p>Slottet opplyste at dronning Mette-Marit har f\u00e5tt komplikasjoner etter lungetransplantasjonen, noe Hansen mener det ikke er grunn til \u00e5 spekulere i.\u00a0<\/p>\n<p>\u2013 Slottet sier at komplikasjoner etter lungetransplantasjon ikke er uvanlig, og at hun skal observeres gjennom dagen. Men for kongehuset er tidspunktet selvf\u00f8lgelig sv\u00e6rt uheldig og det kan oppfattes som dramatisk. Dette er en historisk dag hun skulle v\u00e6rt en sentral del av.<\/p>\n<p>    Vil du se neste video?<\/p>\n<p>    <a href=\"https:\/\/www.nettavisen.no\/nyheter\/statsminister-jonas-gahr-store-svarer-frustrert-dieselkunde-og-traktorsjafor\/v\/80-95-33380\" class=\"recommend-poster\" data-adp-clicklabel=\"video-recommend\" data-adp-clickvalue=\"poster\" rel=\"nofollow noopener\" target=\"_blank\"><br \/>\n      <img decoding=\"async\" width=\"200\" height=\"200\" loading=\"lazy\" src=\"https:\/\/www.europesays.com\/no\/wp-content\/uploads\/2026\/09\/1788277034_83_Jonas Gahr St\u00f8re bredde.jpg\" alt=\"\" class=\"brick-c-cFOWSL\" style=\"--brick-image-ratio: 200 \/ 200;\"\/><\/p>\n<p>Svarer lei traktorsja\u030af\u00f8r1:26<\/p>\n<p>    <\/a><\/p>\n<p>        Den danske kongen kom ogs\u00e5 med melding til Norges nye konge.<\/p>\n<p>Han understreker ogs\u00e5 at dronning Mette-Marits helsesituasjon kan gj\u00f8re det naturlig at andre medlemmer av kongefamilien f\u00e5r en st\u00f8rre rolle.<\/p>\n<p>\u2013 Dette viser ogs\u00e5 en av utfordringene kong Haakon f\u00e5r helt fra starten av sin regjeringstid. Mette-Marits helse vil kunne gj\u00f8re at hun ikke alltid kan fylle rollen slik b\u00e5de hun selv og kongehuset \u00f8nsker. Det betyr at s\u00e6rlig Ingrid Alexandra, men ogs\u00e5 dronning Sonja n\u00e5r hun klarer, kan komme til \u00e5 f\u00e5 en viktigere rolle enn man ellers ville sett for seg.<\/p>\n<p>\u2013 Gjorde alt man kunne<\/p>\n<p>Stortingspresident Masud Gharahkhani sier til Dagbladet at han forst\u00e5else for at dronningen ikke kunne delta.\u00a0<\/p>\n<p>\u2013 Jeg tror dagen i g\u00e5r, med \u00e5 f\u00f8lge b\u00e5ren til Slottskapellet, var en utrolig tung stund for hele kongefamilien, sier stortingspresidenten<\/p>\n<p>\u2013 Jeg vet at man gjorde alt man kunne for \u00e5 f\u00e5 det til, legger Gharahkani til.<\/p>\n<p>Stortingspresidenten var blant de f\u00f8rste som fikk vite at kong Harald hadde g\u00e5tt bort.\u00a0<\/p>\n<p>   <img decoding=\"async\" width=\"5712\" height=\"4284\" fetchpriority=\"low\"  loading=\"lazy\"  src=\"https:\/\/www.europesays.com\/no\/wp-content\/uploads\/2026\/09\/IMG_5770.jpg\" alt=\"\" class=\"brick-c-cFOWSL\" style=\"--brick-image-ratio: 5712 \/ 4284;\"\/><\/p>\n<p>      F\u00d8RSTE: Stortingspresident Masud Gharahkhani (Ap) var blant de f\u00f8rste som fikk vite at kongen hadde g\u00e5tt bort.<br \/>\n      Foto: Jesper Horsinek (Nettavisen)\n    <\/p>\n<p>  Historisk dag<\/p>\n<p>Hansen trekker samtidig fram det historiske i at kong Haakon g\u00e5r inn i Stortinget sammen med datteren og tronarvingen Ingrid Alexandra.<\/p>\n<p>\u2013 Kong Haakon skulle g\u00e5tt inn i Stortinget med dronningen ved sin side. I stedet g\u00e5r han inn sammen med datteren og tronarvingen. Det gj\u00f8r denne historiske dagen til et enda tydeligere bilde p\u00e5 b\u00e5de s\u00e5rbarheten og kontinuiteten i det norske monarkiet, sier han og legger til:\u00a0<\/p>\n<p>\u2013 I 1991 var det f\u00f8rste gang p\u00e5 69 \u00e5r at en dronning var til stede i Stortingssalen. Dronning Sonja ledsaget Kong Harald da han avla ed til forfatningen i Stortinget 21. januar.<\/p>\n","protected":false},"excerpt":{"rendered":"Dronning Mette-Marit (53) uteblir fra tirsdagens edsavleggelse. \u00c5rsaken er dronningens helsetilstand, melder Slottet i en pressemelding tirsdag formiddag.\u00a0&hellip;\n","protected":false},"author":2,"featured_media":340242,"comment_status":"","ping_status":"","sticky":false,"template":"","format":"standard","meta":{"footnotes":"","_share_on_mastodon":"0"},"categories":[5],"tags":[20,21,24,25,15,19,22,23,17,18,13,30,28,29,14,16,26,27],"class_list":["post-340241","post","type-post","status-publish","format-standard","has-post-thumbnail","category-overskrifter","tag-breaking-news","tag-breakingnews","tag-featured-news","tag-featurednews","tag-headlines","tag-hovedoppslag","tag-latest-news","tag-latestnews","tag-main-news","tag-mainnews","tag-news","tag-no","tag-norge","tag-norway","tag-nyheter","tag-overskrifter","tag-top-stories","tag-topstories"],"share_on_mastodon":{"url":"https:\/\/pubeurope.com\/@no\/117196531710244978","error":""},"_links":{"self":[{"href":"https:\/\/www.europesays.com\/no\/wp-json\/wp\/v2\/posts\/340241","targetHints":{"allow":["GET"]}}],"collection":[{"href":"https:\/\/www.europesays.com\/no\/wp-json\/wp\/v2\/posts"}],"about":[{"href":"https:\/\/www.europesays.com\/no\/wp-json\/wp\/v2\/types\/post"}],"author":[{"embeddable":true,"href":"https:\/\/www.europesays.com\/no\/wp-json\/wp\/v2\/users\/2"}],"replies":[{"embeddable":true,"href":"https:\/\/www.europesays.com\/no\/wp-json\/wp\/v2\/comments?post=340241"}],"version-history":[{"count":0,"href":"https:\/\/www.europesays.com\/no\/wp-json\/wp\/v2\/posts\/340241\/revisions"}],"wp:featuredmedia":[{"embeddable":true,"href":"https:\/\/www.europesays.com\/no\/wp-json\/wp\/v2\/media\/340242"}],"wp:attachment":[{"href":"https:\/\/www.europesays.com\/no\/wp-json\/wp\/v2\/media?parent=340241"}],"wp:term":[{"taxonomy":"category","embeddable":true,"href":"https:\/\/www.europesays.com\/no\/wp-json\/wp\/v2\/categories?post=340241"},{"taxonomy":"post_tag","embeddable":true,"href":"https:\/\/www.europesays.com\/no\/wp-json\/wp\/v2\/tags?post=340241"}],"curies":[{"name":"wp","href":"https:\/\/api.w.org\/{rel}","templated":true}]}}