{"id":340249,"date":"2026-09-01T15:47:11","date_gmt":"2026-09-01T15:47:11","guid":{"rendered":"https:\/\/www.europesays.com\/no\/340249\/"},"modified":"2026-09-01T15:47:11","modified_gmt":"2026-09-01T15:47:11","slug":"kong-haakon-og-dronning-mette-marit-har-ankommet-rikshospitalet","status":"publish","type":"post","link":"https:\/\/www.europesays.com\/no\/340249\/","title":{"rendered":"Kong Haakon og dronning Mette-Marit har ankommet Rikshospitalet"},"content":{"rendered":"<p data-v-0ec4b2dc=\"\" data-v-db60476c=\"\">Det er ikke kjent hva som er \u00e5rsaken til bes\u00f8ket.<\/p>\n<p data-v-0ec4b2dc=\"\" data-v-db60476c=\"\">Tidligere tirsdag opplyste <a href=\"https:\/\/www.kongehuset.no\/presse\/pressemeldinger\/edsavleggelsen-i-stortinget\" rel=\"noopener nofollow\" data-v-9da6bdcc=\"\" target=\"_blank\">Slottet <\/a> at dronning Mette-Marit har hatt komplikasjoner ved noen tilfeller siden operasjonen, ogs\u00e5 i dag.<\/p>\n<p data-v-0ec4b2dc=\"\" data-v-db60476c=\"\">\u2013 Som f\u00f8lge av dette m\u00e5 dronningen observeres gjennom dagen, skrev de.<\/p>\n<p data-v-0ec4b2dc=\"\" data-v-db60476c=\"\">Komplikasjonene f\u00f8rte til at hun ikke fikk deltatt under kongens edsavleggelse p\u00e5 Stortinget.<\/p>\n<p data-v-0ec4b2dc=\"\" data-v-db60476c=\"\">Se og H\u00f8r har bilder som viser at dronning Mette-Marit kommer ut av baksetet i bilen.<\/p>\n<p data-v-0ec4b2dc=\"\" data-v-db60476c=\"\">Det er ogs\u00e5 tidligere kjent at M\u00e4rtha Louises mann Durek Verrett har gjennomg\u00e5tt en vellykket nyretransplantasjon ved Rikshospitalet. Det skjedde onsdag i forrige uke.<\/p>\n","protected":false},"excerpt":{"rendered":"Det er ikke kjent hva som er \u00e5rsaken til bes\u00f8ket. Tidligere tirsdag opplyste Slottet at dronning Mette-Marit har&hellip;\n","protected":false},"author":2,"featured_media":340250,"comment_status":"","ping_status":"","sticky":false,"template":"","format":"standard","meta":{"footnotes":"","_share_on_mastodon":"0"},"categories":[10],"tags":[20,21,24,25,15,22,23,13,30,28,29,14,16,26,27],"class_list":["post-340249","post","type-post","status-publish","format-standard","has-post-thumbnail","category-norge","tag-breaking-news","tag-breakingnews","tag-featured-news","tag-featurednews","tag-headlines","tag-latest-news","tag-latestnews","tag-news","tag-no","tag-norge","tag-norway","tag-nyheter","tag-overskrifter","tag-top-stories","tag-topstories"],"share_on_mastodon":{"url":"https:\/\/pubeurope.com\/@no\/117196570202931989","error":""},"_links":{"self":[{"href":"https:\/\/www.europesays.com\/no\/wp-json\/wp\/v2\/posts\/340249","targetHints":{"allow":["GET"]}}],"collection":[{"href":"https:\/\/www.europesays.com\/no\/wp-json\/wp\/v2\/posts"}],"about":[{"href":"https:\/\/www.europesays.com\/no\/wp-json\/wp\/v2\/types\/post"}],"author":[{"embeddable":true,"href":"https:\/\/www.europesays.com\/no\/wp-json\/wp\/v2\/users\/2"}],"replies":[{"embeddable":true,"href":"https:\/\/www.europesays.com\/no\/wp-json\/wp\/v2\/comments?post=340249"}],"version-history":[{"count":0,"href":"https:\/\/www.europesays.com\/no\/wp-json\/wp\/v2\/posts\/340249\/revisions"}],"wp:featuredmedia":[{"embeddable":true,"href":"https:\/\/www.europesays.com\/no\/wp-json\/wp\/v2\/media\/340250"}],"wp:attachment":[{"href":"https:\/\/www.europesays.com\/no\/wp-json\/wp\/v2\/media?parent=340249"}],"wp:term":[{"taxonomy":"category","embeddable":true,"href":"https:\/\/www.europesays.com\/no\/wp-json\/wp\/v2\/categories?post=340249"},{"taxonomy":"post_tag","embeddable":true,"href":"https:\/\/www.europesays.com\/no\/wp-json\/wp\/v2\/tags?post=340249"}],"curies":[{"name":"wp","href":"https:\/\/api.w.org\/{rel}","templated":true}]}}