{"id":340251,"date":"2026-09-01T15:48:17","date_gmt":"2026-09-01T15:48:17","guid":{"rendered":"https:\/\/www.europesays.com\/no\/340251\/"},"modified":"2026-09-01T15:48:17","modified_gmt":"2026-09-01T15:48:17","slug":"skoyen-arbeidsuhell-her-star-vannspruten-rett-til-vaers-2","status":"publish","type":"post","link":"https:\/\/www.europesays.com\/no\/340251\/","title":{"rendered":"Sk\u00f8yen, Arbeidsuhell | Her st\u00e5r vannspruten rett til v\u00e6rs"},"content":{"rendered":"<p>      Sk\u00f8yen, Arbeidsuhell | Her st\u00e5r vannspruten rett til v\u00e6rs<\/p>\n<p>        <a href=\"#main-content-begin\" class=\"maelstrom-skip-link\"><br \/>\n    G\u00e5 til sidens hovedinnhold<br \/>\n<\/a><\/p>\n<p>Oppdatert: 01.09.26 16:35Publisert: 01.09.26 13:19<\/p>\n<p data-content=\"lead-text\" class=\"lead-text story article--c-eOZvhA\">\n<p>          Plutselig sto vannspruten rett til v\u00e6rs ved holdeplassen p\u00e5 Sk\u00f8yen.\n      <\/p>\n<p>    Plussmerking. Denne artikkelen kan bare leses av abonnenter<\/p>\n<p>  For abonnenter<\/p>\n<p>    <a href=\"https:\/\/www.ao.no\/\" class=\"logo\" aria-label=\"G\u00e5 til Avisa Oslo hovedside\" rel=\"nofollow noopener\" target=\"_blank\"><br \/>\n        <img decoding=\"async\" src=\"https:\/\/assets.acdn.no\/local\/v3\/publications\/www.ao.no\/gfx\/small.svg\" alt=\"G\u00e5 til Avisa Oslo hovedside\" height=\"66\" width=\"auto\" loading=\"lazy\"\/><br \/>\n    <\/a><\/p>\n<p>Alt innhold og tilh\u00f8rende data p\u00e5 v\u00e5re nettsider er underlagt opphavsrett og kan ikke brukes uten samtykke. Dette gjelder ogs\u00e5 for all skraping, crawling, salg eller videredistribusjon.<\/p>\n<p>Avisa Oslo \u00a9 2026<\/p>\n<p>    <a href=\"https:\/\/www.redaktor.no\/ressurser\/temaer\/redaktoransvar\" rel=\"noopener nofollow\" target=\"_blank\"><br \/>\n        <img decoding=\"async\" alt=\"G\u00e5 til redaktor.no for \u00e5 lese om redakt\u00f8ransvar\" class=\"redaktoransvar\" src=\"https:\/\/r.acdn.no\/brandheader\/default\/redaktoransvar.svg\" height=\"85\" width=\"85\" loading=\"lazy\"\/><br \/>\n    <\/a><\/p>\n","protected":false},"excerpt":{"rendered":"Sk\u00f8yen, Arbeidsuhell | Her st\u00e5r vannspruten rett til v\u00e6rs G\u00e5 til sidens hovedinnhold Oppdatert: 01.09.26 16:35Publisert: 01.09.26 13:19&hellip;\n","protected":false},"author":2,"featured_media":340252,"comment_status":"","ping_status":"","sticky":false,"template":"","format":"standard","meta":{"footnotes":"","_share_on_mastodon":"0"},"categories":[5],"tags":[20,21,24,25,15,19,22,23,17,18,13,30,28,29,14,16,26,27],"class_list":["post-340251","post","type-post","status-publish","format-standard","has-post-thumbnail","category-overskrifter","tag-breaking-news","tag-breakingnews","tag-featured-news","tag-featurednews","tag-headlines","tag-hovedoppslag","tag-latest-news","tag-latestnews","tag-main-news","tag-mainnews","tag-news","tag-no","tag-norge","tag-norway","tag-nyheter","tag-overskrifter","tag-top-stories","tag-topstories"],"share_on_mastodon":{"url":"https:\/\/pubeurope.com\/@no\/117196574913626568","error":""},"_links":{"self":[{"href":"https:\/\/www.europesays.com\/no\/wp-json\/wp\/v2\/posts\/340251","targetHints":{"allow":["GET"]}}],"collection":[{"href":"https:\/\/www.europesays.com\/no\/wp-json\/wp\/v2\/posts"}],"about":[{"href":"https:\/\/www.europesays.com\/no\/wp-json\/wp\/v2\/types\/post"}],"author":[{"embeddable":true,"href":"https:\/\/www.europesays.com\/no\/wp-json\/wp\/v2\/users\/2"}],"replies":[{"embeddable":true,"href":"https:\/\/www.europesays.com\/no\/wp-json\/wp\/v2\/comments?post=340251"}],"version-history":[{"count":0,"href":"https:\/\/www.europesays.com\/no\/wp-json\/wp\/v2\/posts\/340251\/revisions"}],"wp:featuredmedia":[{"embeddable":true,"href":"https:\/\/www.europesays.com\/no\/wp-json\/wp\/v2\/media\/340252"}],"wp:attachment":[{"href":"https:\/\/www.europesays.com\/no\/wp-json\/wp\/v2\/media?parent=340251"}],"wp:term":[{"taxonomy":"category","embeddable":true,"href":"https:\/\/www.europesays.com\/no\/wp-json\/wp\/v2\/categories?post=340251"},{"taxonomy":"post_tag","embeddable":true,"href":"https:\/\/www.europesays.com\/no\/wp-json\/wp\/v2\/tags?post=340251"}],"curies":[{"name":"wp","href":"https:\/\/api.w.org\/{rel}","templated":true}]}}