{"id":340329,"date":"2026-09-01T17:03:15","date_gmt":"2026-09-01T17:03:15","guid":{"rendered":"https:\/\/www.europesays.com\/no\/340329\/"},"modified":"2026-09-01T17:03:15","modified_gmt":"2026-09-01T17:03:15","slug":"lite-tyder-pa-at-hoyrekanten-forsvinner-i-dag","status":"publish","type":"post","link":"https:\/\/www.europesays.com\/no\/340329\/","title":{"rendered":"Lite tyder p\u00e5 at h\u00f8yrekanten forsvinner i dag"},"content":{"rendered":"<p>En av sommerens forventede salg var Federico Chiesa, som ikke har f\u00e5tt spesielt mye tillit etter overgangen fra Juventus for to \u00e5r siden.<\/p>\n<p><strong>Debutsesongen ble delvis \u00f8delagt av mangelen p\u00e5 en oppkj\u00f8ring, og 28-\u00e5ringen brukte lang tid p\u00e5 \u00e5 komme seg i toppform. Det endte derfor bare med 466 minutter totalt i alle turneringer, men et Premier League-gull p\u00e5 slutten av sesongen.<\/strong><\/p>\n<p>Tidlig forrige sesong virket det som italieneren kunne bli en viktigere brikke, og han startet sesongen med \u00e5 bli matchvinner mot Bournemouth i den f\u00f8rste serierunden. Men igjen ble det lite spilletid totalt sett, selv om 726 minutter var et lite hopp fra 2024\/25.<\/p>\n<p>F\u00f8r sommeren, mens Arne Slot fortsatt var hovedtrener p\u00e5 Anfield, virket fremtiden hans derfor beseglet, og et salg virket \u00e5 v\u00e6re p\u00e5 trappene. Det endret seg da Slot ble byttet ut med Andoni Iraola, hvor 28-\u00e5ringen tenkte at han kunne f\u00e5 en ny sjanse til \u00e5 vise seg frem.<\/p>\n<p><strong>Det har han ikke klart i sommer, og de siste par ukene har han ogs\u00e5 slitt med en skade. Likevel er det lite som tyder p\u00e5 at han er p\u00e5 vei bort p\u00e5 Deadline Day.<\/strong><\/p>\n<p>Ser ut til \u00e5 bli<\/p>\n<p>I <a data-router-slot=\"disabled\" href=\"https:\/\/www.nytimes.com\/athletic\/7552516\/2026\/09\/01\/transfer-latest-man-utd-arsenal-liverpool-barcelona-real-madrid\/\" type=\"external\" rel=\"nofollow noopener\" target=\"_blank\">The Athletics<\/a> ferske og siste \u00abDeal Sheet\u00bb for sommeren skrives det om Chiesas fremtid, som i h\u00f8st ser ut til \u00e5 v\u00e6re p\u00e5 Anfield.<\/p>\n<p><strong>\u00abFederico Chiesas fremtid har v\u00e6rt usikker hele sommeren etter to sesonger hvor han i stor grad har v\u00e6rt p\u00e5 sidelinjen p\u00e5 Anfield. Sene henvendelser kan fortsatt f\u00f8re til en overgang for angriperen, som enn\u00e5 ikke har v\u00e6rt i aksjon p\u00e5 grunn av en skade, men den \u00f8kende f\u00f8lelsen er at det er lite sannsynlig.\u00bb<\/strong><\/p>\n<p>Artikkelen fortsetter under.<\/p>\n<p><img decoding=\"async\" class=\"figure-img image slimimage m-0\" src=\"https:\/\/www.europesays.com\/no\/wp-content\/uploads\/2026\/09\/gettyimages-2290708320_16x9.jpg\" data-width=\"16\" data-height=\"9\" data-original=\"https:\/\/www.europesays.com\/no\/wp-content\/uploads\/2026\/09\/gettyimages-2290708320_16x9.jpg\" title=\"Gettyimages 2290708320\" alt=\"Gettyimages 2290708320\"\/>Federico Chiesa har ikke v\u00e6rt i spill for Liverpool siden treningskampen mot Como 16. august.<\/p>\n<p>Chiesas far, Enrico, skal ogs\u00e5 ha sagt f\u00f8lgende om s\u00f8nnens fremtid. Sitatene er imidlertid bare videreformidlet av kontoer p\u00e5 <a data-router-slot=\"disabled\" href=\"https:\/\/x.com\/AnfieldIndex\/status\/2094504317721928042\" type=\"external\" rel=\"nofollow\">sosiale medier<\/a>.<\/p>\n<p><strong>\u2013 Federico er veldig forn\u00f8yd i Liverpool og trives sv\u00e6rt godt i klubben. Federicos \u00f8nske er \u00e5 fortsette og bli v\u00e6rende i Liverpool.<\/strong><\/p>\n<p><a data-router-slot=\"disabled\" href=\"https:\/\/www.liverpool.no\/lfc\/26\/3\/fire-klubber-skal-3c\/\" type=\"external\" rel=\"nofollow noopener\" target=\"_blank\">Tidlig p\u00e5 v\u00e5ren ble det meldt om interesse for Chiesa fra tre klubber i Serie A<\/a>, men det ryktet har roet seg kraftig ned siden. <a data-router-slot=\"disabled\" href=\"https:\/\/www.liverpool.no\/lfc\/26\/8\/spansk-klubb-1b\/\" type=\"external\" rel=\"nofollow noopener\" target=\"_blank\">Sist gang det ble skrevet om en potensielt interessert klubb, var for to uker siden, da Valencia ble linket til ham av Radio Valencia.<\/a><\/p>\n<p><strong>I \u00f8yeblikket virker den overgangen usannsynlig, spesielt med tanke p\u00e5 at Liverpool har v\u00e6rt i kontakt med nettopp Valencia de siste dagene i forbindelse med en l\u00e5neovergang for Harvey Elliott. Den ser ut til \u00e5 g\u00e5 i boks om f\u00e5 timer.<\/strong><\/p>\n<p>Chiesas kontrakt utl\u00f8per ikke f\u00f8r i 2028, og med de r\u00f8des manglende spillere som foretrekker h\u00f8yrekanten, kan han v\u00e6re en grei spiller \u00e5 ha i troppen til h\u00f8sten. Det er imidlertid lite som tyder p\u00e5 at han noen gang vil spille en stor rolle p\u00e5 Anfield.<\/p>\n","protected":false},"excerpt":{"rendered":"En av sommerens forventede salg var Federico Chiesa, som ikke har f\u00e5tt spesielt mye tillit etter overgangen fra&hellip;\n","protected":false},"author":2,"featured_media":340330,"comment_status":"","ping_status":"","sticky":false,"template":"","format":"standard","meta":{"footnotes":"","_share_on_mastodon":"0"},"categories":[5],"tags":[20,21,24,25,19423,15,19,22,23,17,18,13,30,28,29,447,14,17119,16,26,27],"class_list":["post-340329","post","type-post","status-publish","format-standard","has-post-thumbnail","category-overskrifter","tag-breaking-news","tag-breakingnews","tag-featured-news","tag-featurednews","tag-federico-chiesa","tag-headlines","tag-hovedoppslag","tag-latest-news","tag-latestnews","tag-main-news","tag-mainnews","tag-news","tag-no","tag-norge","tag-norway","tag-nyhet","tag-nyheter","tag-overganger","tag-overskrifter","tag-top-stories","tag-topstories"],"share_on_mastodon":{"url":"https:\/\/pubeurope.com\/@no\/117196869028041697","error":""},"_links":{"self":[{"href":"https:\/\/www.europesays.com\/no\/wp-json\/wp\/v2\/posts\/340329","targetHints":{"allow":["GET"]}}],"collection":[{"href":"https:\/\/www.europesays.com\/no\/wp-json\/wp\/v2\/posts"}],"about":[{"href":"https:\/\/www.europesays.com\/no\/wp-json\/wp\/v2\/types\/post"}],"author":[{"embeddable":true,"href":"https:\/\/www.europesays.com\/no\/wp-json\/wp\/v2\/users\/2"}],"replies":[{"embeddable":true,"href":"https:\/\/www.europesays.com\/no\/wp-json\/wp\/v2\/comments?post=340329"}],"version-history":[{"count":0,"href":"https:\/\/www.europesays.com\/no\/wp-json\/wp\/v2\/posts\/340329\/revisions"}],"wp:featuredmedia":[{"embeddable":true,"href":"https:\/\/www.europesays.com\/no\/wp-json\/wp\/v2\/media\/340330"}],"wp:attachment":[{"href":"https:\/\/www.europesays.com\/no\/wp-json\/wp\/v2\/media?parent=340329"}],"wp:term":[{"taxonomy":"category","embeddable":true,"href":"https:\/\/www.europesays.com\/no\/wp-json\/wp\/v2\/categories?post=340329"},{"taxonomy":"post_tag","embeddable":true,"href":"https:\/\/www.europesays.com\/no\/wp-json\/wp\/v2\/tags?post=340329"}],"curies":[{"name":"wp","href":"https:\/\/api.w.org\/{rel}","templated":true}]}}