{"id":340351,"date":"2026-09-01T17:25:19","date_gmt":"2026-09-01T17:25:19","guid":{"rendered":"https:\/\/www.europesays.com\/no\/340351\/"},"modified":"2026-09-01T17:25:19","modified_gmt":"2026-09-01T17:25:19","slug":"svaert-alvorlig-trafikkulykke-i-larvik","status":"publish","type":"post","link":"https:\/\/www.europesays.com\/no\/340351\/","title":{"rendered":"Sv\u00e6rt alvorlig trafikkulykke i Larvik"},"content":{"rendered":"<p>Kongeparet ankom ved 17-tida tirsdag Rikshospitalet, observerer Dagbladets reporter p\u00e5 stedet.<\/p>\n<p>Kong Haakon (53) kj\u00f8rte selv til sykehuset i kongehusets Range Rover, med dronning Mette-Marit (53) i baksetet.<\/p>\n<p>Dagbladet er ikke kjent med hvorfor kongeparet bes\u00f8ker sykehuset.<\/p>\n<p>Ogs\u00e5 prinsesse M\u00e4rtha Louise (54) har klokka 17.40 ankommet.\u00a0<\/p>\n<p>        <img loading=\"lazy\" decoding=\"async\" src=\"https:\/\/www.europesays.com\/no\/wp-content\/uploads\/2026\/09\/85096707.webp\" width=\"688\" height=\"434\" alt=\"\" class=\"\" style=\"--aspect-ratio-image: 1.59; \"\/><\/p>\n<p>\n        ANKOM: Prinsesse M\u00e4rtha Louise ankom Rikshospitalet like etter kongeparet. Foto: Morten Risberg \/ Dagbladet\n    <\/p>\n<p> Det er tidligere kjent at hennes mann Durek Verrett (51) har gjennomg\u00e5tt en vellykket nyretransplantasjon ved Rikshospitalet. Det skjedde onsdag i forrige uke. <\/p>\n<p>Rundt klokka 18.22 forlot kong Haakon Rikshospitalet, og dronning Mette-Marit var ikke \u00e5 se i bilen.\u00a0<\/p>\n<p>        <img loading=\"lazy\" decoding=\"async\" src=\"https:\/\/www.europesays.com\/no\/wp-content\/uploads\/2026\/09\/85096807.webp\" width=\"667\" height=\"421\" alt=\"\" class=\"\" style=\"--aspect-ratio-image: 1.58; \"\/><\/p>\n<p>\n        HAR DRATT: Kong Haakon forlot Rikshospitalet tirsdag kveld. Foto: Morten Risberg \/ Dagbladet\n    <\/p>\n<p>&#8211; Vanskelig \u00e5 vite\u00a0  <\/p>\n<p> Kongehusekspert Tove Taalesen mener det er viktig \u00e5 ikke trekke konklusjoner basert p\u00e5 at flere familiemedlemmer befant seg p\u00e5 Rikshospitalet p\u00e5 samme tid.<\/p>\n<p class=\"font-weight-bold m-font-weight-bold\" data-lab-font_weight=\"font-weight-bold\">&#8211; Jeg tror premisset kan v\u00e6re feil. Det er ikke sikkert alle tre er der p\u00e5 grunn av Mette-Marit. Durek er nyreoperert og kan fortsatt v\u00e6re innlagt. M\u00e4rtha kan derfor v\u00e6re der for sin egen ektemann. Vi kan st\u00e5 overfor to helt forskjellige familiesituasjoner p\u00e5 det samme sykehuset, sier hun til Dagbladet.<\/p>\n<p>        <img loading=\"lazy\" decoding=\"async\" itemprop=\"image\" src=\"https:\/\/www.europesays.com\/no\/wp-content\/uploads\/2026\/09\/84395840.webp\" width=\"180\" height=\"180\" alt=\"\"\/><\/p>\n<p>                    Tove Taalesen<br \/>\n                        Tove<br \/>\n                        Taalesen<\/p>\n<p>                    Tove Taalesen<br \/>\n                        Kongehusekspert<\/p>\n<p>&#8211; N\u00e5 har kong Haakon reist fra sykehuset, og det er vanskelig \u00e5 vite hvordan dette kan tolkes, sier Taalesen.<\/p>\n<p class=\"italic m-italic\" data-lab-italic=\"italic\">&#8211; Er det grunn til \u00e5 v\u00e6re bekymret?<\/p>\n<p>&#8211; Det er grunn til \u00e5 ta Mette-Marits situasjon alvorlig. Slottet bruker ordet \u00abkomplikasjoner\u00bb, og hun m\u00e5tte utebli fra en historisk dag hun garantert \u00f8nsket \u00e5 delta p\u00e5. Men vi har ingen opplysninger om at hun er kritisk syk. <\/p>\n<p>    <a itemprop=\"url\" href=\"https:\/\/www.dagbladet.no\/kjendis\/dronningen-uteblir-dramatisk\/85093523\" rel=\"nofollow noopener\" target=\"_blank\"><\/p>\n<p>        <img loading=\"lazy\" decoding=\"async\" src=\"https:\/\/www.europesays.com\/no\/wp-content\/uploads\/2026\/09\/1788283515_121_85093552.webp\" width=\"147\" height=\"98\" alt=\"\" class=\"lazyload\" style=\"--aspect-ratio-image: 1.50; \"\/><\/p>\n<p>        Dronningen uteblir: &#8211; Dramatisk<\/p>\n<p>    <\/a><\/p>\n<p>Situasjonen setter ogs\u00e5 sitt preg p\u00e5 resten av kongefamilien.<\/p>\n<p>&#8211; Kong Harald er enn\u00e5 ikke gravlagt. Haakon har blitt konge, Mette-Marit er tilbake p\u00e5 sykehuset, og M\u00e4rtha kan samtidig st\u00e5 i sin egen bekymring for Durek. For Kongehuset f\u00e5r dette en tydelig konsekvens: kong Haakon m\u00e5 trolig opptre alene oftere, mens Ingrid Alexandra m\u00e5 tre raskere fram, sier hun.\u00a0<\/p>\n<p>        EDSAVLEGGELSE: Kong Haakon har avlagt ed for Stortinget. Dronning Mette-Marit kunne ikke stille. Video: NRK \/ Dagbladet TV<\/p>\n<p>&#8211; Oppleves ekstra dramatisk  <\/p>\n<p>Dagbladets kommentator Sigrid Hvidsten sier f\u00f8lgende om situasjonen:\u00a0<\/p>\n<p class=\"font-weight-normal m-font-weight-normal\" data-lab-font_weight=\"font-weight-normal\">&#8211;\u00a0Det er selvf\u00f8lgelig bekymringsverdig at dronning Mette-Marit m\u00e5tte til rikshospitalet. Situasjonen fremst\u00e5r som ekstra dramatisk n\u00e5r hun m\u00e5 avlyse kong Haakons edsavleggelse bare timer f\u00f8r. Slik jeg tolket pressemeldingen fra kongehuset toner de likevel ned dramatikken.<\/p>\n<p>        <img loading=\"lazy\" decoding=\"async\" itemprop=\"image\" src=\"https:\/\/www.europesays.com\/no\/wp-content\/uploads\/2026\/09\/85096843.webp\" width=\"180\" height=\"180\" alt=\"\"\/><\/p>\n<p>                    Sigrid Hvidsten<br \/>\n                        Sigrid<br \/>\n                        Hvidsten<\/p>\n<p>                    Sigrid Hvidsten<br \/>\n                        Kommentator i Dagbladet<\/p>\n<p>Hvidsten viser til at komplikasjoner etter en lungetransplantasjon ikke er uvanlig, og at dette heller ikke er f\u00f8rste gang Mette-Marit har opplevd det.<\/p>\n<p>&#8211; Jeg tenker det er bra at helsa hennes blir overv\u00e5ket s\u00e5 grundig som den tilsynelatende blir. Jeg skulle gjerne sett henne p\u00e5 edsavleggelsen i Stortinget, men helsa m\u00e5 komme f\u00f8rst. <\/p>\n<p>        <img loading=\"lazy\" decoding=\"async\" src=\"https:\/\/www.europesays.com\/no\/wp-content\/uploads\/2026\/09\/85096865.webp\" width=\"686\" height=\"460\" alt=\"\" class=\"\" style=\"--aspect-ratio-image: 1.49; \"\/><\/p>\n<p>\n        HILSTE P\u00c5 FOLKET: Like etter kong Haralds d\u00f8d dukket dronning Mette-Marit, dronning Sonja, prinsesse M\u00e4rtha Louise og kong Haakon opp ute p\u00e5 Slottsplassen for \u00e5 hilse p\u00e5 folket og se p\u00e5 blomsterhavet og hilsener som s\u00f8rgende hadde lagt ned. Foto: Lise \u00c5serud \/ NTB\n    <\/p>\n<p>&#8211; Jeg er usikker p\u00e5 om det finnes et ord for det den norske kongefamilien st\u00e5r i akkurat n\u00e5. De har akkurat mistet en far og bestefar. Samtidig har b\u00e5de Mette-Marit og Durek nettopp gjennomg\u00e5tt transplantasjoner &#8211; med alt det en slik operasjon medf\u00f8lger. De m\u00e5 opprettholde fasade og kutyme, selv som det hele m\u00e5 oppleves som vanvittig hardt.\u00a0<\/p>\n<p>Hun mener derfor det har v\u00e6rt viktig at familien den siste tida har vist mer av f\u00f8lelsene sine offentlig.<\/p>\n<p class=\"font-weight-bold m-font-weight-bold\" data-lab-font_weight=\"font-weight-bold\">&#8211; Jeg tror det er klokt, slik de har gjort, \u00e5 lette litt p\u00e5 sl\u00f8ret og vise f\u00f8lelser, b\u00e5de i kongens tale p\u00e5 l\u00f8rdag og da de vandret ut til folket p\u00e5 Slottsplassen i g\u00e5r. Jeg tror det er viktig b\u00e5de for dem selv og folket, og noe som vi kommer til \u00e5 huske i ettertid, sier Hvidsten.\u00a0<\/p>\n<p>    <a itemprop=\"url\" href=\"https:\/\/www.dagbladet.no\/kjendis\/signaliserer-tronskiftet\/85087302\" rel=\"nofollow noopener\" target=\"_blank\"><\/p>\n<p>        <img loading=\"lazy\" decoding=\"async\" src=\"https:\/\/www.europesays.com\/no\/wp-content\/uploads\/2026\/09\/1788283516_902_85088348.webp\" width=\"180\" height=\"81\" alt=\"\" class=\"lazyload\" style=\"--aspect-ratio-image: 2.22; \"\/><\/p>\n<p>        &#8211; Signaliserer tronskiftet<\/p>\n<p>    <\/a><\/p>\n<p>Hun avslutter:<\/p>\n<p>&#8211; Jeg tror hele Norge er litt i krisemodus n\u00e5. Alt oppleves veldig dramatisk. Vi m\u00e5 huske \u00e5 puste med magen <\/p>\n<p>&#8211; Kontrastfylt og sterkt\u00a0<\/p>\n<p>Se og H\u00f8rs kongehusekspert Caroline Vagle mener det er forst\u00e5elig at situasjonen rundt dronning Mette-Marit kan oppleves dramatisk, s\u00e6rlig fordi hun m\u00e5tte utebli fra en historisk begivenhet.<\/p>\n<p>Samtidig minner hun om at dronningen nylig har gjennomg\u00e5tt en lungetransplantasjon, og at veien tilbake kan v\u00e6re lang.<\/p>\n<p>        <img loading=\"lazy\" decoding=\"async\" itemprop=\"image\" src=\"https:\/\/www.europesays.com\/no\/wp-content\/uploads\/2026\/09\/84479784.webp\" width=\"180\" height=\"180\" alt=\"\"\/><\/p>\n<p>                    Caroline Vagle<br \/>\n                        Caroline<br \/>\n                        Vagle<\/p>\n<p>                    Caroline Vagle<br \/>\n                        Se og H\u00f8rs kongehusekspert<\/p>\n<p>&#8211; Vi har sett henne langt mer enn her hadde forventet de siste dagene. Legen sier det ikke er unormalt med komplikasjoner som hun opplever n\u00e5. Og har tidligere sagt at hun er under opptrening i seks m\u00e5neder, og det ofte tar ett \u00e5r f\u00f8r man kan si om det er stabilt.<\/p>\n<p>        <img loading=\"lazy\" decoding=\"async\" src=\"https:\/\/www.europesays.com\/no\/wp-content\/uploads\/2026\/09\/85096914.webp\" width=\"686\" height=\"460\" alt=\"\" class=\"\" style=\"--aspect-ratio-image: 1.49; \"\/><\/p>\n<p>\n        FIKK NYE LUNGER: Dav\u00e6rende kronprins Haakon og kronprinsesse Mette-Marit p\u00e5 slottsbalkongen 17. mai, bare uker f\u00f8r hun ble lungetransplantert. Foto: Terje Pedersen \/ NTB\n    <\/p>\n<p>Vagle mener kontrasten mellom kongens nye rolle og familiens private situasjon gj\u00f8r dagene ekstra sterke.<\/p>\n<p>&#8211; Det er kontrastfylt og sterkt \u00e5 se v\u00e5r nye konge avlegge ed det ene \u00f8yeblikket, og i det neste er han en omsorgsfull ektemann p\u00e5 sykehuset med sin kone. Haakon er en bauta, og imponerede p\u00e5 alle vis. Men jeg synes skikkelig synd p\u00e5 b\u00e5de ham og resten av familien. De st\u00e5r i enormt mye vanskelig n\u00e5, og n\u00e5r det kommer til liv og helse &#8211; er alt s\u00e5 ekstra s\u00e5rbart, sier Vagle.\u00a0<\/p>\n<p>        B\u00c5RESEREMONI: Mandag ble kong Haralds b\u00e5re til Slottskapellet. B\u00e5ren ble fraktet av kong Haakon og kongens barnebarn. Bilder fra NRK. <\/p>\n<p>M\u00e5tte utebli<\/p>\n<p>Dronning Mette-Marit m\u00e5tte tirsdag utebli da kong Haakon avla sin ed til Stortinget.<\/p>\n<p>&#8211; Det er ikke uvanlig med komplikasjoner etter en lungetransplantasjon. Dronningen har hatt komplikasjoner ved noen tilfeller siden operasjonen, ogs\u00e5 i dag. Som f\u00f8lge av dette m\u00e5 Dronningen observeres gjennom dagen. Dronningen vil derfor dessverre ikke kunne delta p\u00e5 edsavleggelsen i Stortinget i dag, uttalte lungelege Are Holm ved Rikshospitalet i en pressemelding fra Slottet ved halv elleve-tida tirsdag.<\/p>\n<p>    <a itemprop=\"url\" href=\"https:\/\/www.dagbladet.no\/kjendis\/reagerer-overskygger-nesten-alt\/85095071\" rel=\"nofollow noopener\" target=\"_blank\"><\/p>\n<p>        <img loading=\"lazy\" decoding=\"async\" src=\"https:\/\/www.europesays.com\/no\/wp-content\/uploads\/2026\/09\/85095652.webp\" width=\"147\" height=\"100\" alt=\"\" class=\"lazyload\" style=\"--aspect-ratio-image: 1.47; \"\/><\/p>\n<p>        Reagerer: &#8211; Overskygger nesten alt<\/p>\n<p>    <\/a><\/p>\n<p>Dagbladet har tirsdag ettermiddag kontaktet kongehuset med sp\u00f8rsm\u00e5l om kongeparets \u00e6rend p\u00e5 Rikshospitalet. De viser til pressemeldingen sitert over.<\/p>\n<p>        M\u00d8TTE FOLKET: Mandag ettermiddag dukket kong Haakon, dronning Mette-Marit, dronning Sonja og prinsesse M\u00e4rtha Louise opp for \u00e5 m\u00f8te folket og legge ned roser p\u00e5 Slottsplassen. Bilder fra NRK. <\/p>\n<p>Siste seremonien  <\/p>\n<p>Edsavleggingen tirsdag markerer den siste seremonien i tronskiftet.\u00a0<\/p>\n<p>\u00abJeg lover og sverger \u00e5 ville regjere kongeriket Norge i overenstemmelse med dets konstitusjon og lover, s\u00e5 sant hjelpe meg Gud den allmektige og allvitende\u00bb, st\u00e5r det i kongens ed til Stortinget.<\/p>\n<p>    <a itemprop=\"url\" href=\"https:\/\/www.dagbladet.no\/nyheter\/gjorde-sterkt-inntrykk\/85087895\" rel=\"nofollow noopener\" target=\"_blank\"><\/p>\n<p>        <img loading=\"lazy\" decoding=\"async\" src=\"https:\/\/www.europesays.com\/no\/wp-content\/uploads\/2026\/09\/1788283519_286_85089145.webp\" width=\"147\" height=\"100\" alt=\"\" class=\"lazyload\" style=\"--aspect-ratio-image: 1.47; \"\/><\/p>\n<p>        &#8211; Gjorde sterkt inntrykk<\/p>\n<p>    <\/a><\/p>\n<p>Til Stortinget leste kongen opp en erkl\u00e6ring der han uttrykte h\u00e5p om at det gode forholdet mellom Stortinget og Norges tidligere konger, opprettholdes.<\/p>\n","protected":false},"excerpt":{"rendered":"Kongeparet ankom ved 17-tida tirsdag Rikshospitalet, observerer Dagbladets reporter p\u00e5 stedet. Kong Haakon (53) kj\u00f8rte selv til sykehuset&hellip;\n","protected":false},"author":2,"featured_media":340352,"comment_status":"","ping_status":"","sticky":false,"template":"","format":"standard","meta":{"footnotes":"","_share_on_mastodon":"0"},"categories":[10],"tags":[20,21,24,25,15,2539,113,22,23,13,30,28,29,14,16,26,27,51,825],"class_list":["post-340351","post","type-post","status-publish","format-standard","has-post-thumbnail","category-norge","tag-breaking-news","tag-breakingnews","tag-featured-news","tag-featurednews","tag-headlines","tag-innenriks","tag-larvik","tag-latest-news","tag-latestnews","tag-news","tag-no","tag-norge","tag-norway","tag-nyheter","tag-overskrifter","tag-top-stories","tag-topstories","tag-ulykke","tag-vestfold"],"share_on_mastodon":{"url":"https:\/\/pubeurope.com\/@no\/117196956263324234","error":""},"_links":{"self":[{"href":"https:\/\/www.europesays.com\/no\/wp-json\/wp\/v2\/posts\/340351","targetHints":{"allow":["GET"]}}],"collection":[{"href":"https:\/\/www.europesays.com\/no\/wp-json\/wp\/v2\/posts"}],"about":[{"href":"https:\/\/www.europesays.com\/no\/wp-json\/wp\/v2\/types\/post"}],"author":[{"embeddable":true,"href":"https:\/\/www.europesays.com\/no\/wp-json\/wp\/v2\/users\/2"}],"replies":[{"embeddable":true,"href":"https:\/\/www.europesays.com\/no\/wp-json\/wp\/v2\/comments?post=340351"}],"version-history":[{"count":0,"href":"https:\/\/www.europesays.com\/no\/wp-json\/wp\/v2\/posts\/340351\/revisions"}],"wp:featuredmedia":[{"embeddable":true,"href":"https:\/\/www.europesays.com\/no\/wp-json\/wp\/v2\/media\/340352"}],"wp:attachment":[{"href":"https:\/\/www.europesays.com\/no\/wp-json\/wp\/v2\/media?parent=340351"}],"wp:term":[{"taxonomy":"category","embeddable":true,"href":"https:\/\/www.europesays.com\/no\/wp-json\/wp\/v2\/categories?post=340351"},{"taxonomy":"post_tag","embeddable":true,"href":"https:\/\/www.europesays.com\/no\/wp-json\/wp\/v2\/tags?post=340351"}],"curies":[{"name":"wp","href":"https:\/\/api.w.org\/{rel}","templated":true}]}}