{"id":340377,"date":"2026-09-01T17:46:17","date_gmt":"2026-09-01T17:46:17","guid":{"rendered":"https:\/\/www.europesays.com\/no\/340377\/"},"modified":"2026-09-01T17:46:17","modified_gmt":"2026-09-01T17:46:17","slug":"40-000-dodsfall-knyttet-til-ekstrem-varme-i-storbritannia-de-siste-38-arene","status":"publish","type":"post","link":"https:\/\/www.europesays.com\/no\/340377\/","title":{"rendered":"40.000 d\u00f8dsfall knyttet til ekstrem varme i Storbritannia de siste 38 \u00e5rene"},"content":{"rendered":"<p class=\"subtitle \" style=\"\">40.000 d\u00f8dsfall i Storbritannia de siste 38 \u00e5ra kan knyttes til ekstrem varme. Denne sommeren kan bli den verste noensinne.<\/p>\n<p>\n    Flere titalls tusen d\u00f8dsfall i Storbritannia knyttes til ekstrem varme de siste 38 \u00e5rene. Foto: Sven Hansche \/ Shutterstock \/ NTB\n  <\/p>\n<p>Minst 40.000 flere briter har mistet livet p\u00e5 varme dager mellom 1988-2025, enn det som hadde v\u00e6rt tilfellet ved normale temperaturer.<\/p>\n<p>Det kunngj\u00f8r Storbritannias statistikkbyr\u00e5 (<a href=\"https:\/\/www.ons.gov.uk\/releases\/climaterelatedmortalityenglandandwales1988to2025\" rel=\"nofollow noopener\" target=\"_blank\">ONS<\/a>).<\/p>\n<p>Tallene viser de stadig mer omfattende virkningene av klimakrisen, skriver den britiske storavisa\u00a0<a href=\"https:\/\/www.theguardian.com\/environment\/2026\/aug\/26\/deaths-england-hottest-days-extreme-weather\" rel=\"nofollow noopener\" target=\"_blank\">The Guardian<\/a>. <\/p>\n<p class=\"font-weight-bold m-font-weight-bold\" data-lab-font_weight=\"font-weight-bold\">Tallene inkluderer ikke \u00e5rets sommer, som myndighetene advarer om at kan bli den med flest hete-relaterte d\u00f8dsfall noen gang.\u00a0<\/p>\n<p>    <a itemprop=\"url\" href=\"https:\/\/sol.no\/nyheter\/hoysesong-for-trafikkulykker\/85092340\" rel=\"nofollow noopener\" target=\"_blank\"><\/p>\n<p>        <img loading=\"lazy\" decoding=\"async\" src=\"https:\/\/www.europesays.com\/no\/wp-content\/uploads\/2026\/09\/85092347.webp\" width=\"180\" height=\"81\" alt=\"\" class=\"lazyload\" style=\"--aspect-ratio-image: 2.22; \"\/><\/p>\n<p>        \u2013 H\u00f8ysesong for trafikkulykker<\/p>\n<p>sol.no<\/p>\n<p>    <\/a><\/p>\n<p>I mai og juni d\u00f8de anslagsvis 2877 mennesker i Storbritannia av heteb\u00f8lgen. Totalt for hele sommeren ender man nesten p\u00e5 det dobbelte, if\u00f8lge The Guardian.<\/p>\n<p>S\u00e6rlig eldre, barn og folk med sykdommer er mest utsatt for risiko.<\/p>\n<p>&#8211; En sjokkerende nasjonal skandale\t<\/p>\n<p>Det er fortsatt flere som d\u00f8r p\u00e5 de kaldeste dagene enn p\u00e5 de varmeste. 139.000 d\u00f8dsfall i Storbritannia knyttes til kulde i samme periode.\u00a0<\/p>\n<p>Men gapet minker. Andelen d\u00f8dsfall knyttet til de varmeste dagene har \u00f8kt de siste \u00e5rene, samtidig som forskjellen mellom antallet varme- og kulderelaterte d\u00f8dsfall blir stadig mindre, skriver <a href=\"https:\/\/www.independent.co.uk\/news\/uk\/home-news\/climate-deaths-uk-data-heatwave-b3039362.html\" rel=\"nofollow noopener\" target=\"_blank\">The Independent<\/a>.<\/p>\n<p>\u2013 Mange klimafornektere og motstandere av netto nullutslipp hevder kynisk at varmerelaterte d\u00f8dsfall ikke spiller noen rolle fordi flere d\u00f8r om vinteren. Men alle disse livene betyr noe, sier Bob Ward ved Grantham Research Institute on Climate Change ved London School of Economics.<\/p>\n<p>    <a itemprop=\"url\" href=\"https:\/\/sol.no\/nyheter\/tilbake-til-gamle-priser\/85093388\" rel=\"nofollow noopener\" target=\"_blank\"><\/p>\n<p>        <img loading=\"lazy\" decoding=\"async\" src=\"https:\/\/www.europesays.com\/no\/wp-content\/uploads\/2026\/09\/85093394.webp\" width=\"180\" height=\"81\" alt=\"\" class=\"lazyload\" style=\"--aspect-ratio-image: 2.22; \"\/><\/p>\n<p>        Tilbake til \u00abgamle\u00bb priser<\/p>\n<p>sol.no<\/p>\n<p>    <\/a><\/p>\n<p class=\"font-weight-bold m-font-weight-bold\" data-lab-font_weight=\"font-weight-bold\">\u2013 De fleste av disse kulde- og varmerelaterte d\u00f8dsfallene kan forebygges. Dette er en sjokkerende nasjonal skandale, sier Ward.<\/p>\n<p>Britiske n\u00f8detater har hatt sin travleste sommer noensinne n\u00e5r det gjelder heterelaterte henvendelser.\u00a0Nesten 2,5 millioner pasienter var p\u00e5 akuttmottak\u00a0hver m\u00e5ned i mai, juni og juli, som er ny rekord. Varmen trekkes fram som hoved\u00e5rsak, skriver <a href=\"https:\/\/www.bbc.com\/news\/articles\/crrvp45gxzpo\" rel=\"nofollow noopener\" target=\"_blank\">BBC<\/a>.<\/p>\n<p>        <img loading=\"lazy\" decoding=\"async\" src=\"https:\/\/www.europesays.com\/no\/wp-content\/uploads\/2026\/09\/85064555.webp\" width=\"688\" height=\"393\" alt=\"\" class=\"\" style=\"--aspect-ratio-image: 1.75; \"\/><\/p>\n<p>\n        En kvinne beskytter seg mot sola under en heteb\u00f8lge i London i august i \u00e5r. Foto: Isabel Infantes \/ Reuters \/ NTB\n    <\/p>\n<p>Varmerekord i \u00e5r\t<\/p>\n<p>S\u00e5 mange som 35.000 flere d\u00f8dsfall enn forventet er registrert i hele Europa som f\u00f8lge av heteb\u00f8lgene i sommer. De faktiske tallene er trolig langt h\u00f8yere.<\/p>\n<p>Vest-Europa har sett fire n\u00e6rmest sammenhengende heteb\u00f8lger siden mai, med temperaturer over 40 grader mange steder.<\/p>\n<p>    <a itemprop=\"url\" href=\"https:\/\/sol.no\/nyheter\/drepte-familien-under-sondagsmiddag\/85062023\" rel=\"nofollow noopener\" target=\"_blank\"><\/p>\n<p>        <img loading=\"lazy\" decoding=\"async\" src=\"https:\/\/www.europesays.com\/no\/wp-content\/uploads\/2026\/09\/85062067.webp\" width=\"180\" height=\"81\" alt=\"\" class=\"lazyload\" style=\"--aspect-ratio-image: 2.22; \"\/><\/p>\n<p>        Drepte familien under s\u00f8ndagsmiddag<\/p>\n<p>sol.no<\/p>\n<p>    <\/a><\/p>\n<p>Tallene for overd\u00f8delighet er h\u00f8yest i Tyskland, der varmerekordene ogs\u00e5 ble sl\u00e5tt tre dager p\u00e5 rad i slutten av juni, skriver\u00a0<a href=\"https:\/\/www.theguardian.com\/environment\/2026\/aug\/25\/at-least-35000-excess-deaths-europe-back-to-back-heatwaves\" target=\"_blank\" rel=\"nofollow noopener\">The Guardian<\/a>.<\/p>\n<p>Landet rapporterte om s\u00e5 mye som 14.000 varmerelaterte d\u00f8dsfall mellom april og august. I et normalt \u00e5r er det sjelden mer enn 2000 varmerelaterte d\u00f8dsfall i landet, if\u00f8lge tall fra Robert Koch-instituttet (RKI).<\/p>\n<p>9600 av d\u00f8dsfallene skjedde i l\u00f8pet av \u00e9n uke i slutten av juni, da temperaturene steg til over 40 grader. De fleste som d\u00f8de, var over 75 \u00e5r gamle.<\/p>\n","protected":false},"excerpt":{"rendered":"40.000 d\u00f8dsfall i Storbritannia de siste 38 \u00e5ra kan knyttes til ekstrem varme. Denne sommeren kan bli den&hellip;\n","protected":false},"author":2,"featured_media":340378,"comment_status":"","ping_status":"","sticky":false,"template":"","format":"standard","meta":{"footnotes":"","_share_on_mastodon":"0"},"categories":[12],"tags":[20,21,576,26196,24,25,15,1310,2643,22,23,13,30,28,29,14,16,26,27,42,43,44,45],"class_list":["post-340377","post","type-post","status-publish","format-standard","has-post-thumbnail","category-verden","tag-breaking-news","tag-breakingnews","tag-dodsfall","tag-ekstremvarme","tag-featured-news","tag-featurednews","tag-headlines","tag-hetebolge","tag-klimakrise","tag-latest-news","tag-latestnews","tag-news","tag-no","tag-norge","tag-norway","tag-nyheter","tag-overskrifter","tag-top-stories","tag-topstories","tag-verden","tag-world","tag-world-news","tag-worldnews"],"share_on_mastodon":{"url":"https:\/\/pubeurope.com\/@no\/117197039412733699","error":""},"_links":{"self":[{"href":"https:\/\/www.europesays.com\/no\/wp-json\/wp\/v2\/posts\/340377","targetHints":{"allow":["GET"]}}],"collection":[{"href":"https:\/\/www.europesays.com\/no\/wp-json\/wp\/v2\/posts"}],"about":[{"href":"https:\/\/www.europesays.com\/no\/wp-json\/wp\/v2\/types\/post"}],"author":[{"embeddable":true,"href":"https:\/\/www.europesays.com\/no\/wp-json\/wp\/v2\/users\/2"}],"replies":[{"embeddable":true,"href":"https:\/\/www.europesays.com\/no\/wp-json\/wp\/v2\/comments?post=340377"}],"version-history":[{"count":0,"href":"https:\/\/www.europesays.com\/no\/wp-json\/wp\/v2\/posts\/340377\/revisions"}],"wp:featuredmedia":[{"embeddable":true,"href":"https:\/\/www.europesays.com\/no\/wp-json\/wp\/v2\/media\/340378"}],"wp:attachment":[{"href":"https:\/\/www.europesays.com\/no\/wp-json\/wp\/v2\/media?parent=340377"}],"wp:term":[{"taxonomy":"category","embeddable":true,"href":"https:\/\/www.europesays.com\/no\/wp-json\/wp\/v2\/categories?post=340377"},{"taxonomy":"post_tag","embeddable":true,"href":"https:\/\/www.europesays.com\/no\/wp-json\/wp\/v2\/tags?post=340377"}],"curies":[{"name":"wp","href":"https:\/\/api.w.org\/{rel}","templated":true}]}}