{"id":340403,"date":"2026-09-01T18:08:14","date_gmt":"2026-09-01T18:08:14","guid":{"rendered":"https:\/\/www.europesays.com\/no\/340403\/"},"modified":"2026-09-01T18:08:14","modified_gmt":"2026-09-01T18:08:14","slug":"kommentar-debatt-kongen-gikk-pa-trynet-ikke-rart-vi-falt-for-ham","status":"publish","type":"post","link":"https:\/\/www.europesays.com\/no\/340403\/","title":{"rendered":"Kommentar, Debatt | Kongen gikk p\u00e5 trynet. Ikke rart vi falt for ham"},"content":{"rendered":"\n<p>Hvordan ble en sjenert, stiv og tydelig ukomfortabel mann til en person av betydning for en hel nasjon?<\/p>\n<p>Som kronprins, og de f\u00f8rste \u00e5rene som konge, var det lite som varslet hva kong Harald skulle bli for sitt folk.<\/p>\n<p>Var det vi, folket, som skapte denne kongen? Var det han som forandret oss? Var det dramatiske hendelser? Tiden vi underveis lever i, den som former b\u00e5de konger og folk?<\/p>\n<blockquote class=\"article--c-EztXC theme-grayDark\">\n<p class=\"blockquote-text\">Dette er interessant. Vi m\u00e5 sp\u00f8rre oss om hvorfor<\/p>\n<\/blockquote>\n<p>Kong Harald hadde mange fine egenskaper. Karaktertrekkene kom etter hvert tydelig fram. De forteller hvorfor ulike varianter av sorg og reaksjoner n\u00e5 kjennes p\u00e5 fra nord til s\u00f8r i dette langstrakte landet.<\/p>\n<p>I en annen tid, et annet sted, er det ikke sikkert hans personlighet og m\u00e5te \u00e5 v\u00e6re konge p\u00e5 ville scoret h\u00f8yt eller f\u00e5tt betydning.<\/p>\n<p>Dette forteller ikke bare noe om kong Harald, men noe om oss. Folket og landet.<\/p>\n<p>Mange er overrasket over at de ble s\u00e5 lei seg, sier <a href=\"https:\/\/www.bt.no\/hendelser\/i\/Pdq717\/derfor-soerger-mange-unge-over-tapet-av-harald\" rel=\"Follow nofollow noopener\" target=\"_blank\">helsesykepleier Maria \u00abHelsesista\u00bb Krohn Engvik til Bergens Tidende.<\/a> Blant alle som kjenner p\u00e5 sorg er det mange unge, bekrefter hun.<\/p>\n<p><b>Dette er interessant. S\u00e5 interessant at vi skal sp\u00f8rre oss om hvorfor.<\/b><\/p>\n<p>Begrepet \u00ablandesorg\u00bb er formelt. Det h\u00f8res opph\u00f8yd og statlig ut. En kollektiv, p\u00e5dyttet og upersonlig tilstand definert av andre.<\/p>\n<p>At Haralds d\u00f8d ber\u00f8rer folk, trenger ikke bety at de preges av sorg. Det handler ikke n\u00f8dvendigvis om t\u00e5rer.\u00a0<\/p>\n<blockquote class=\"article--c-EztXC theme-grayDark\">\n<p class=\"blockquote-text\">Trodde de en krone av gull var nok?<\/p>\n<\/blockquote>\n<p><b>Opplevelsen kan ligge i alt mulig. Kanskje savn, kanskje tilbakeblikk som gj\u00f8r oss r\u00f8rt eller en ubehagelig p\u00e5minnelse om at tiden g\u00e5r og ingenting varer evig. <\/b><\/p>\n<p>Reaksjonen kan ogs\u00e5 handle om takknemlighet. For eksempel f\u00f8lelsen av \u00e5 bli sett, forst\u00e5tt og akseptert. Eller ubehaget som ofte kommer n\u00e5r noe forutsigbart er forbi, n\u00e5r vi skal over i en ny tid ingen vet noe om.<\/p>\n<p>Alle har behov for trygghet. Kong Harald representerte noe trygt for mange. Kanskje s\u00e6rlig for unge som har f\u00e5tt en ustabil og farligere verden rett i fleisen, samtidig som de har hendene fulle med \u00e5 finne seg selv.<\/p>\n<p><b>Der har kong Harald st\u00e5tt som en st\u00f8tte.<\/b><\/p>\n<p>Kanskje var det bare smilet som skulle til.<\/p>\n<p>   <img decoding=\"async\" width=\"4958\" height=\"3305\" fetchpriority=\"low\"  loading=\"lazy\"  src=\"https:\/\/www.europesays.com\/no\/wp-content\/uploads\/2026\/09\/NTB_FjI5hRNVu7Q.jpg\" alt=\"\" class=\"brick-c-cFOWSL\" style=\"--brick-image-ratio: 4958 \/ 3305;\"\/><\/p>\n<p>      Foto: Stian Lysberg Solum\n    <\/p>\n<p>Vi kan f\u00e5 f\u00f8lelsesmessige relasjoner til folk vi aldri har m\u00f8tt. I dag er veien kort gjennom medier, skjermer og ganske f\u00e5 tastetrykk unna det offentlige rom.<\/p>\n<p>Kanskje har unge, men ogs\u00e5 eldre, trodd at sorg er noe som bare rammer i n\u00e6re relasjoner, for eksempel n\u00e5r ens egen bestefar eller mor d\u00f8r.\u00a0<\/p>\n<p><b>De har ikke ant eller opplevd at en offentlig figur kan utl\u00f8se en reell f\u00f8lelsesmessig reaksjon.<\/b><\/p>\n<blockquote class=\"article--c-EztXC theme-grayDark\">\n<p class=\"blockquote-text\">Jeg tenkte; nei, nei, hvordan skal dette g\u00e5<\/p>\n<\/blockquote>\n<p>Jeg var bare 13 \u00e5r, men husker f\u00f8lelsen av et slags tap da \u00ablandsfader\u00bb Einar Gerhardsen d\u00f8de. Som 16-\u00e5ring kjente jeg p\u00e5 at noe var brutt da kong Olav d\u00f8de. Jeg leste det jeg fant av aviser, s\u00e5 p\u00e5 TV og forsto jeg ikke var alene om \u00e5 kjenne p\u00e5 noe.<\/p>\n<p>Jeg har som arbeidstaker hatt enkelte sjefer som har betydd noe, og n\u00e5r de sluttet og forsvant kjente jeg savn.<\/p>\n<p><b>Jeg tenkte \u00abnei, nei, hvordan skal dette g\u00e5\u00bb da Gro Harlem Brundtland gikk av som statsminister midt i en stortingsperiode i 1996, og overlot styringen til Thorbj\u00f8rn Jagland.<\/b><\/p>\n<p>Brundtland var moderlig, streng og trygg. En statsminister som selv om hun lett tok til t\u00e5rene, framsto som en leder som hadde iskald kontroll, men ikke var f\u00f8lelsesl\u00f8s.\u00a0<\/p>\n<p><b>Kong Harald har ikke framst\u00e5tt som mektig, i hvert fall ikke med makt som styrer folks liv. Men rollen som landets konge, slik han formet og fylte den, har helt tydelig betydd noe.<\/b><\/p>\n<blockquote class=\"article--c-EztXC theme-grayDark\">\n<p class=\"blockquote-text\">Da han reiste seg lo han enda h\u00f8yere<\/p>\n<\/blockquote>\n<p>Med \u00e5rene utviklet han seg utad fra \u00e5 framst\u00e5 som tilbakeholden til en opph\u00f8yd posisjon som en utrolig fin fyr, med en merkbar mangel: Selvh\u00f8ytidelighet.<\/p>\n<p>Latteren var rungende, og den arvet han fra sin far Olav. Men Olav var strengere og mye mer formell, som en mann av sin tid.<\/p>\n<p>   <img decoding=\"async\" width=\"3131\" height=\"2414\" fetchpriority=\"low\"  loading=\"lazy\"  src=\"https:\/\/www.europesays.com\/no\/wp-content\/uploads\/2026\/09\/NTB_n50FTHG-1NE.jpg\" alt=\"\" class=\"brick-c-cFOWSL\" style=\"--brick-image-ratio: 3131 \/ 2414;\"\/><\/p>\n<p>Harald lo av seg selv. Som da han snublet i en trapp og krykkene f\u00f8yk veggimellom under et statsbes\u00f8k i Danmark for tre \u00e5r siden.<\/p>\n<p>Kongen reiste seg og var knapt kommet p\u00e5 bena igjen f\u00f8r han begynte \u00e5 le. Etterp\u00e5 sa han for \u00e5pen mikrofon at han \u00abgikk p\u00e5 trynet\u00bb, og lo enda h\u00f8yere.<\/p>\n<p>Her ligger en kjerne, tenker jeg.<\/p>\n<p>Kjernen er at kong Harald minnet oss om at vi alle er sm\u00e5, selv de vi l\u00f8fter fram som store. At vi er like, om aldri s\u00e5 forskjellige.\u00a0<\/p>\n<p>Alle kan falle. Alle f\u00e5r kjenne p\u00e5 at de dummer seg ut i l\u00f8pet av livet. Kongen viste at det er mulig \u00e5 le av seg selv.<\/p>\n<p><b>Selv om vi alle har lyst til \u00e5 gjemme oss av og til, har vi ogs\u00e5 behov for \u00e5 bli sett. Enkelte opplevde at kongen s\u00e5 dem, bare med det han sa.<\/b><\/p>\n<p>N\u00e5r en mann i hans posisjon kan g\u00e5 p\u00e5 trynet, vise f\u00f8lelser og bli en person med troverdig respekt og forst\u00e5else for andre, er det ikke rart vi satte ham h\u00f8yt.\u00a0<\/p>\n<blockquote class=\"article--c-EztXC theme-grayDark\">\n<p class=\"blockquote-text\">Vi kan v\u00e6re kjipe med hverandre<\/p>\n<\/blockquote>\n<p><b>Jeg vet ikke om kong Harald har samlet oss. Det finnes nok av eksempler p\u00e5 at nasjonen er polarisert. Vi kan v\u00e6re kjipe med hverandre. Men kong Harald har antakelig bidratt til at enkelte kjenner seg litt mer akseptert som annerledes. Og annerledes er vi, hver og en.<\/b><\/p>\n<p>Mens sosiale medier fylles av solskinnshistorier og gylne fasader, der idealet om \u00e5 v\u00e6re vellykket lever gode dager, der det \u00e5 tr\u00e5 feil er det verste som kan skje, g\u00e5r kongen p\u00e5 trynet og ler av det etterp\u00e5.<\/p>\n<p>Kong Harald var det motsatte av alt som pushes p\u00e5 mobilen og flimrer over skjermen.\u00a0<\/p>\n<p><b>Han sto for noe annet enn et konstant press om \u00e5 passe inn og v\u00e6re vellykket. <\/b><\/p>\n<p><b>Det kan forklare at ogs\u00e5 mange unge kjenner p\u00e5 noe, n\u00e5 som han er d\u00f8d. Kanskje er det en utrygghet, kanskje savn, kanskje takknemlighet.<\/b><\/p>\n<p>Da er det ikke merkelig at det postes bilder, reaksjoner og takk p\u00e5 sosiale medier.\u00a0<\/p>\n<p>Kong Harald viste hvordan det er mulig \u00e5 v\u00e6re seg selv. \u00c5 t\u00e5le en tr\u00f8kk, et fall og reise seg igjen.\u00a0<\/p>\n<p>Da skal vi ogs\u00e5 huske at det er oss andre det st\u00e5r p\u00e5. At vi gir hjelp, en h\u00e5nd eller en krykke n\u00e5r noen leter etter fotfeste.<\/p>\n<p>Der var kong Harald virkelig fin.<\/p>\n","protected":false},"excerpt":{"rendered":"Hvordan ble en sjenert, stiv og tydelig ukomfortabel mann til en person av betydning for en hel nasjon?&hellip;\n","protected":false},"author":2,"featured_media":340404,"comment_status":"","ping_status":"","sticky":false,"template":"","format":"standard","meta":{"footnotes":"","_share_on_mastodon":"0"},"categories":[10],"tags":[36,20,21,37,24,25,15,266,2590,22,23,13,30,28,29,14,1533,16,26,27,963],"class_list":["post-340403","post","type-post","status-publish","format-standard","has-post-thumbnail","category-norge","tag-art","tag-breaking-news","tag-breakingnews","tag-debatt","tag-featured-news","tag-featurednews","tag-headlines","tag-kommentar","tag-kong-harald","tag-latest-news","tag-latestnews","tag-news","tag-no","tag-norge","tag-norway","tag-nyheter","tag-opinion","tag-overskrifter","tag-top-stories","tag-topstories","tag-ytring"],"share_on_mastodon":{"url":"https:\/\/pubeurope.com\/@no\/117197125627032949","error":""},"_links":{"self":[{"href":"https:\/\/www.europesays.com\/no\/wp-json\/wp\/v2\/posts\/340403","targetHints":{"allow":["GET"]}}],"collection":[{"href":"https:\/\/www.europesays.com\/no\/wp-json\/wp\/v2\/posts"}],"about":[{"href":"https:\/\/www.europesays.com\/no\/wp-json\/wp\/v2\/types\/post"}],"author":[{"embeddable":true,"href":"https:\/\/www.europesays.com\/no\/wp-json\/wp\/v2\/users\/2"}],"replies":[{"embeddable":true,"href":"https:\/\/www.europesays.com\/no\/wp-json\/wp\/v2\/comments?post=340403"}],"version-history":[{"count":0,"href":"https:\/\/www.europesays.com\/no\/wp-json\/wp\/v2\/posts\/340403\/revisions"}],"wp:featuredmedia":[{"embeddable":true,"href":"https:\/\/www.europesays.com\/no\/wp-json\/wp\/v2\/media\/340404"}],"wp:attachment":[{"href":"https:\/\/www.europesays.com\/no\/wp-json\/wp\/v2\/media?parent=340403"}],"wp:term":[{"taxonomy":"category","embeddable":true,"href":"https:\/\/www.europesays.com\/no\/wp-json\/wp\/v2\/categories?post=340403"},{"taxonomy":"post_tag","embeddable":true,"href":"https:\/\/www.europesays.com\/no\/wp-json\/wp\/v2\/tags?post=340403"}],"curies":[{"name":"wp","href":"https:\/\/api.w.org\/{rel}","templated":true}]}}