{"id":340453,"date":"2026-09-01T19:06:43","date_gmt":"2026-09-01T19:06:43","guid":{"rendered":"https:\/\/www.europesays.com\/no\/340453\/"},"modified":"2026-09-01T19:06:43","modified_gmt":"2026-09-01T19:06:43","slug":"bekreftet-lanes-ut-til-valencia-ingen-opsjon-pa-kjop","status":"publish","type":"post","link":"https:\/\/www.europesays.com\/no\/340453\/","title":{"rendered":"Bekreftet: L\u00e5nes ut til Valencia \u2013 ingen opsjon p\u00e5 kj\u00f8p"},"content":{"rendered":"<p>Liverpool Football Club bekrefter at Harvey Elliott er sendt p\u00e5 utl\u00e5n til La Liga-klubben Valencia i 2026\/27-sesongen.<\/p>\n<p>Forh\u00e5pentligvis blir dette en bedre reise og opplevelse for 23-\u00e5ringen, som fikk 2025\/26 \u00f8delagt p\u00e5 l\u00e5n i Aston Villa.<\/p>\n<p><strong>Elliott har kontrakt til 2028, og har v\u00e6rt i Liverpool siden Fulham-overgangen i 2019.<\/strong><\/p>\n<p>P\u00e5 den tida har 2003-modellen registrert 149 kamper og 15 scoringer. Han har ogs\u00e5 kunnet feire Premier League-tittel, UEFA Super Cup, FIFA Club World Cup, ligacup og FA-cup.<\/p>\n<p>Skjedde raskt<\/p>\n<p>Valencia CF trenes av Carlos Corber\u00e1n, som noen kanskje husker fra han var i engelske Huddersfield Town og West Bromwich Albion.<\/p>\n<p>Et annet (sm\u00e5)kjent navn i klubben er Sergi Canos. 29-\u00e5ringen var i Liverpool fra 2013-2016.<\/p>\n<p><img decoding=\"async\" class=\"figure-img image slimimage m-0\" src=\"https:\/\/www.europesays.com\/no\/wp-content\/uploads\/2026\/09\/gettyimages-2289138054_16x9.jpg\" data-width=\"16\" data-height=\"9\" data-original=\"https:\/\/www.europesays.com\/no\/wp-content\/uploads\/2026\/09\/gettyimages-2289138054_16x9.jpg\" title=\"Gettyimages 2289138054\" alt=\"Gettyimages 2289138054\"\/>En fremtid for Harvey Elliott i r\u00f8dt er ikke helt avskrevet, men det begynner se m\u00f8rkt ut.<\/p>\n<p>Valencia endte p\u00e5 9.-plass i 2025\/26.<\/p>\n<p>Elliott m\u00f8tte noen reportere da han landet i Spania mandag:<\/p>\n<p>\u2013 Dette er en utrolig klubb. Jeg er veldig takknemlig for muligheten, og jeg skal spille s\u00e5 godt jeg kan her.<\/p>\n<p><strong>\u2013 Jeg kjenner klubbens historie. Jeg skal gi alt jeg har for Valencia. Det skjedde ganske raskt. Jeg var bare klar for telefonen.<\/strong><\/p>\n<p>\u2013 Jeg er her n\u00e5 og ser frem til helgen. Forh\u00e5pentligvis kan jeg hjelpe Valencia med \u00e5 sikre europeisk fotball. Jeg \u00f8nsker \u00e5 v\u00e6re s\u00e5 god som mulig for dem. Jeg er forn\u00f8yd med \u00e5 spille hvor som helst, men jeg synes jeg er mest effektiv som tier.<\/p>\n","protected":false},"excerpt":{"rendered":"Liverpool Football Club bekrefter at Harvey Elliott er sendt p\u00e5 utl\u00e5n til La Liga-klubben Valencia i 2026\/27-sesongen. Forh\u00e5pentligvis&hellip;\n","protected":false},"author":2,"featured_media":340454,"comment_status":"","ping_status":"","sticky":false,"template":"","format":"standard","meta":{"footnotes":"","_share_on_mastodon":"0"},"categories":[59],"tags":[14287,25412,30,28,29,447,17119,83,82,25450,7648],"class_list":["post-340453","post","type-post","status-publish","format-standard","has-post-thumbnail","category-sport","tag-harvey-elliott","tag-ln","tag-no","tag-norge","tag-norway","tag-nyhet","tag-overganger","tag-sport","tag-sports","tag-utln","tag-valencia"],"share_on_mastodon":{"url":"https:\/\/pubeurope.com\/@no\/117197353763465263","error":""},"_links":{"self":[{"href":"https:\/\/www.europesays.com\/no\/wp-json\/wp\/v2\/posts\/340453","targetHints":{"allow":["GET"]}}],"collection":[{"href":"https:\/\/www.europesays.com\/no\/wp-json\/wp\/v2\/posts"}],"about":[{"href":"https:\/\/www.europesays.com\/no\/wp-json\/wp\/v2\/types\/post"}],"author":[{"embeddable":true,"href":"https:\/\/www.europesays.com\/no\/wp-json\/wp\/v2\/users\/2"}],"replies":[{"embeddable":true,"href":"https:\/\/www.europesays.com\/no\/wp-json\/wp\/v2\/comments?post=340453"}],"version-history":[{"count":0,"href":"https:\/\/www.europesays.com\/no\/wp-json\/wp\/v2\/posts\/340453\/revisions"}],"wp:featuredmedia":[{"embeddable":true,"href":"https:\/\/www.europesays.com\/no\/wp-json\/wp\/v2\/media\/340454"}],"wp:attachment":[{"href":"https:\/\/www.europesays.com\/no\/wp-json\/wp\/v2\/media?parent=340453"}],"wp:term":[{"taxonomy":"category","embeddable":true,"href":"https:\/\/www.europesays.com\/no\/wp-json\/wp\/v2\/categories?post=340453"},{"taxonomy":"post_tag","embeddable":true,"href":"https:\/\/www.europesays.com\/no\/wp-json\/wp\/v2\/tags?post=340453"}],"curies":[{"name":"wp","href":"https:\/\/api.w.org\/{rel}","templated":true}]}}