{"id":340455,"date":"2026-09-01T19:07:16","date_gmt":"2026-09-01T19:07:16","guid":{"rendered":"https:\/\/www.europesays.com\/no\/340455\/"},"modified":"2026-09-01T19:07:16","modified_gmt":"2026-09-01T19:07:16","slug":"harry-og-meghan-tilbake-i-storbritannia-meghans-elleville-krav-til-nytt-luksushjem-avslort","status":"publish","type":"post","link":"https:\/\/www.europesays.com\/no\/340455\/","title":{"rendered":"Harry og Meghan tilbake i Storbritannia: Meghans elleville krav til nytt luksushjem avsl\u00f8rt"},"content":{"rendered":"<p class=\"kicker \" style=\"\">Hertuginne Meghan:<\/p>\n<p class=\"subtitle \" style=\"\">Seks \u00e5r etter \u00abflukten\u00bb til USA, er sjokk-returen et faktum &#8211; og hertuginnen krever ren og skj\u00e6r luksus for sin nye tilv\u00e6relse.<\/p>\n<p>\n    FLERE KRITERIER: Harry og Meghan har visstnok mange kriterier for sitt nye britiske hjem. Her er paret avbildet i London for noen \u00e5r siden. Foto: NTB\n  <\/p>\n<p>Prins Harry (41) og hertuginne Meghan (45) er tilbake p\u00e5 britisk jord.<\/p>\n<p>Det var tidligere i august at det velomtalte paret slapp bomben om at de var p\u00e5 flyttefot tilbake til Storbritannia etter seks \u00e5r i USA.<\/p>\n<p class=\"font-weight-bold m-font-weight-bold\" data-lab-font_weight=\"font-weight-bold\">Kongehuseksperter verden over reagerte med sjokk og vantro etter at nyheten ble kjent.<\/p>\n<p>&#8211; Det er nesten s\u00e5 jeg ikke tror det f\u00f8r jeg ser det, utbr\u00f8t Se og H\u00f8rs kongehusekspert Caroline Vagle.<\/p>\n<p>Gigantisk budsjett\t<\/p>\n<p>Forrige onsdag landet familien i Storbritannia. De skal ha fl\u00f8yet privatfly fra California, og skal s\u00e5 ha blitt observert i en konvoi av m\u00f8rke luksus-SUV-er p\u00e5 vei hjem til en familievenn i utkanten av Costwolds, skriver <a href=\"https:\/\/www.bbc.com\/news\/articles\/czrzm6p6zxeo?utm_source=sdrn%3Avg%3Aarticle%3AArQeA5\" rel=\"nofollow noopener\" target=\"_blank\">BBC News<\/a>.\u00a0<\/p>\n<p>    <a itemprop=\"url\" href=\"https:\/\/www.seher.no\/kongelig\/etterlater-familien\/85064052\" rel=\"nofollow noopener\" target=\"_blank\"><\/p>\n<p>        <img loading=\"lazy\" decoding=\"async\" src=\"https:\/\/www.europesays.com\/no\/wp-content\/uploads\/2026\/09\/85047268.webp\" width=\"180\" height=\"81\" alt=\"\" class=\"lazyload\" style=\"--aspect-ratio-image: 2.22; \"\/><\/p>\n<p>        Etterlater \u00abfamilien\u00bb<\/p>\n<p>    <\/a><\/p>\n<p class=\"font-weight-bold m-font-weight-bold\" data-lab-font_weight=\"font-weight-bold\">Familien skal angivelig bo hos vennen utenfor London mens de leter etter et mer permanent bosted.\u00a0\u00a0<\/p>\n<p>Det har g\u00e5tt fort i svingende for familien: Barna Archie (7) og Lilibet (5) er nemlig allerede meldt inn p\u00e5 skole, og skole\u00e5ret starter denne uken, skriver kringkasteren videre.<\/p>\n<p>        <img loading=\"lazy\" decoding=\"async\" src=\"https:\/\/www.europesays.com\/no\/wp-content\/uploads\/2026\/09\/85094339.webp\" width=\"688\" height=\"393\" alt=\"\" class=\"\" style=\"--aspect-ratio-image: 1.75; \"\/><\/p>\n<p>\n        P\u00c5 HJEMMEBANE: Prins Harry og hertuginne Meghan er tilbake i britiske trakter. Bilen p\u00e5 bildet er s\u00e5 vidt vi vet ikke tilknyttet hertugparets hjemkomst &#8211; men er avbildet i Costwolds utenfor London. Foto: Justin Thallis \/ AFP\n    <\/p>\n<p>Ni soverom og eget studio\u00a0\t<\/p>\n<p>Hertugparet har forel\u00f8pig ikke funnet dr\u00f8mmehjemmet. If\u00f8lge flere medier, deriblant britiske\u00a0<a href=\"https:\/\/www.express.co.uk\/news\/royal\/2244258\/meghan-markles-list-demands-UK\" style=\"font-size: 18px; font-weight: 400; font-family: Roboto, helvetica, arial, sans-serif;\" rel=\"nofollow noopener\" target=\"_blank\">Express<\/a>,\u00a0er budsjettet for familiens nye hjem imidlertid \u00abgigantisk\u00bb &#8211; og Meghan vet n\u00f8yaktig hva hun vil ha.\u00a0<\/p>\n<p class=\"font-weight-bold m-font-weight-bold\" data-lab-font_weight=\"font-weight-bold\">Kravlista til hertuginnen er nemlig alt annet enn beskjeden, r\u00f8per kilder n\u00e6r paret overfor\u00a0<a href=\"https:\/\/people.com\/prince-harry-never-stopped-missing-home-inside-his-meghan-markle-uk-return-exclusive-12067093\" rel=\"nofollow noopener\" target=\"_blank\">magasinet People<\/a>.\u00a0<\/p>\n<p>If\u00f8lge kildene er Meghans liste over hva familien trenger i sitt nye hjem ellevill. Lista har visstnok mange flere punkter, men deler av den skal se slik ut:\u00a0<\/p>\n<ul>\n<li>Minst ni soverom: Meghan nekter \u00e5 g\u00e5 ned i standard. Huset m\u00e5 matche luksusvillaen i Montecito i California, som ogs\u00e5 har ni soverom.<\/li>\n<li>Eget filmstudio: Prinsessen vil bygge sitt eget filmstudio p\u00e5 eiendommen for \u00e5 produsere innhold til sitt livsstilsmerke \u00abAs Ever\u00bb.<\/li>\n<li>Enormt areal uten turstier:\u00a0Paret setter dessuten sikkerheten p\u00e5 eiendommen f\u00f8rst &#8211; og krever derfor enorme mengder med land som skal v\u00e6re helt skjermet for offentlige turstier.\u00a0<\/li>\n<\/ul>\n<p>    <a itemprop=\"url\" href=\"https:\/\/www.seher.no\/kongelig\/na-er-han-ferdig\/85056933\" rel=\"nofollow noopener\" target=\"_blank\"><\/p>\n<p>        <img loading=\"lazy\" decoding=\"async\" src=\"https:\/\/www.europesays.com\/no\/wp-content\/uploads\/2026\/09\/85058838.webp\" width=\"180\" height=\"81\" alt=\"\" class=\"lazyload\" style=\"--aspect-ratio-image: 2.22; \"\/><\/p>\n<p>        N\u00e5 er han ferdig<\/p>\n<p>    <\/a><\/p>\n<p>&#8211; Det er visst utrolig viktig &#8211; ogs\u00e5 for Harry &#8211; at de har mye skjerming. Privatlivet betyr alt, sier en av kildene.\u00a0<\/p>\n<p>        <img loading=\"lazy\" decoding=\"async\" src=\"https:\/\/www.europesays.com\/no\/wp-content\/uploads\/2026\/09\/85094343.webp\" width=\"688\" height=\"393\" alt=\"\" class=\"\" style=\"--aspect-ratio-image: 1.75; \"\/><\/p>\n<p>\n        NYTT HJEM: Hertugparet skal starte et nytt liv i Storbritannia. Avbildet ses Lower Slaughter, en liten landsby i Cotswolds-regionen utenfor London. Det skal v\u00e6re rundt her at hertugparet n\u00e5 har funnet seg et hjem. Foto: REUTERS\/Hannah McKay\n    <\/p>\n<p>I tillegg til sitt nye hjem utenfor London, beholder paret luksusvillaen deres i California, samt feriehuset i Portugal. De blir dermed eiere av hele tre elleville luksuseiendommer samtidig, skriver People videre.<\/p>\n<p>        FLYTTER TILBAKE: I 2020 flyttet prins Harry og kona hertuginne Meghan til USA, men n\u00e5 snur de om bostedet.<br \/>\nVideo: Maja Walberg Klev\/ AP\/ NTB<\/p>\n<p>&#8211; Sv\u00e6rt upopul\u00e6re\t<\/p>\n<p>Forholdet mellom prins Harry og resten av kongefamilien har mildt sagt v\u00e6rt anstrengt de siste \u00e5rene.\u00a0<\/p>\n<p class=\"font-weight-bold m-font-weight-bold\" data-lab-font_weight=\"font-weight-bold\">Da prinsen og hertuginnen i 2020 trakk seg som arbeidende kongelige, pakket kofferten og vendte snuten mot vestkysten i USA sammen med s\u00f8nnen Archie, eskalerte konflikten ytterligere.<\/p>\n<p>Siden den gang har familien bodd i California, mens muren mellom paret og kongehuset stadig har vokst seg st\u00f8rre.\u00a0\u00a0<\/p>\n<p>        <img loading=\"lazy\" decoding=\"async\" src=\"https:\/\/www.europesays.com\/no\/wp-content\/uploads\/2026\/09\/85094344.webp\" width=\"686\" height=\"460\" alt=\"\" class=\"\" style=\"--aspect-ratio-image: 1.49; \"\/><\/p>\n<p>\n        DRO VEKK: Hertugparet s\u00e5 seg n\u00f8dt til \u00e5 reise fra Storbritannia i 2020. Her er de avbildet under en tur til Australia tidligere i \u00e5r. Foto: Jonathan Brady\/Pool Photo via AP\n    <\/p>\n<p> &#8211; Paret er sv\u00e6rt upopul\u00e6re der borte, og forholdet til familien skal jo v\u00e6re iskaldt [&#8230;] Men n\u00e5r det er sagt vil det jo v\u00e6re fint for barna \u00e5 f\u00e5 n\u00e6rhet til familien sin i Storbritannia, som de knapt har m\u00f8tt, sa Vagle i forrige uke.\u00a0<\/p>\n<p>    Harry og kongefamilien:<\/p>\n<ul>\n<li class=\"lab-bodytext-line\">Prins Harry har lenge hatt et spent forhold til kongefamilien hjemme i Storbritannia.\u00a0<\/li>\n<li class=\"lab-bodytext-line\">41-\u00e5ringen har flere ganger uttrykt frustrasjon over \u00e5 f\u00f8le seg som en \u00abreserve\u00bb i skyggen av storebror prins William, som er arving til tronen.<\/li>\n<li class=\"lab-bodytext-line\">Det har ogs\u00e5 lenge v\u00e6rt kjent at kjemien mellom ektefellene og br\u00f8drene surnet tidlig, og Harry har hevdet at William og resten av familien ikke st\u00f8ttet Meghan slik han \u00f8nsket.<\/li>\n<li class=\"lab-bodytext-line\">I 2020 valgte dessuten Harry og Meghan \u00e5 trekke seg tilbake som fremtredende medlemmer av det britiske kongehuset, noe som ogs\u00e5 skapte store gnisninger.\u00a0<\/li>\n<li class=\"lab-bodytext-line\">I tillegg til dette har Harry kritisert kongefamilien i intervjuer, en dokumentarserie og i selvbiografien \u00abSpare\u00bb.<\/li>\n<\/ul>\n<p>      Vis mer<br \/>\n      Vis mindre<\/p>\n<p>Til tross for steile fronter og d\u00e5rlig stemning, har prinsen og hertuginnen likevel bestemt seg for \u00e5 bli i Det forente kongeriket for en lengre periode. Og skal vi tro kilder n\u00e6r paret, blir det alts\u00e5 en hverdag fylt med luksus.\u00a0<\/p>\n<p>Lengtet hjem til pappa Charles\t<\/p>\n<p>Selv om Meghan angivelig stiller vanvittige krav til sitt nye hjem, stikker den overraskende returen til Storbritannia dypere for prins Harry.\u00a0<\/p>\n<p>    <a itemprop=\"url\" href=\"https:\/\/www.seher.no\/kongelig\/onsker-det-ikke\/85050836\" rel=\"nofollow noopener\" target=\"_blank\"><\/p>\n<p>        <img loading=\"lazy\" decoding=\"async\" src=\"https:\/\/www.europesays.com\/no\/wp-content\/uploads\/2026\/09\/85054173.webp\" width=\"180\" height=\"81\" alt=\"\" class=\"lazyload\" style=\"--aspect-ratio-image: 2.22; \"\/><\/p>\n<p>        &#8211; \u00d8nsker det ikke<\/p>\n<p>    <\/a><\/p>\n<p>If\u00f8lge <a href=\"https:\/\/www.telegraph.co.uk\/news\/2026\/08\/29\/realities-montecito-life-drove-harry-home\/\" rel=\"nofollow noopener\" target=\"_blank\">The Telegraph<\/a>\u00a0sluttet aldri prinsen \u00e5 savne hjemlandet sitt, og det har dermed blitt n\u00e6rmest en n\u00f8dvendighet for ham \u00e5 f\u00e5 returnere.\u00a0<\/p>\n<p class=\"font-weight-bold m-font-weight-bold\" data-lab-font_weight=\"font-weight-bold\">\u00abI California sleit han med \u00e5 finne sin indre krets, og savnet av vennene og Storbritannia ble for stort\u00bb, melder avisa.<\/p>\n<p>At kong Charles (77) fortsatt har kreft har ogs\u00e5 spilt en stor rolle. Tidligere i \u00e5r uttalte Harry at han var redd det ikke var mange \u00e5rene igjen \u00e5 forsones p\u00e5.\u00a0<\/p>\n<p>        <img loading=\"lazy\" decoding=\"async\" src=\"https:\/\/www.europesays.com\/no\/wp-content\/uploads\/2026\/09\/84948706.webp\" width=\"667\" height=\"768\" alt=\"\" class=\"\" style=\"--aspect-ratio-image: 0.87; \"\/><\/p>\n<p>\n        EN FORSONING I GJ\u00c6RE?: Det har lenge v\u00e6rt dramatikk i luften rundt prins Harry og det britiske kongehuset. N\u00e5 ser det imidlertid ut til at pappa kong Charles og s\u00f8nnen kan pleie forholdet i hjemlandet. Foto: NTB\n    <\/p>\n<p>I sommer gjenforente dessuten prinsen barna med bestefar Charles for f\u00f8rste gang p\u00e5 fire \u00e5r.<\/p>\n<p>&#8211; Kongen har nok ogs\u00e5 \u00f8nsket \u00e5 ha Harry i n\u00e6rheten. Dette er den beste sjansen vi har sett p\u00e5 flere \u00e5r for at familien skal finne tilbake til hverandre, sier en kilde n\u00e6r kongehuset til People.<\/p>\n<p>        KONGELIG OVERRASKELSE: Prins Harry overrasket hertuginne Meghan under en TV-innspilling. Video: Karolina Grace\/R\u00f8d L\u00f8per, \u00abMasterchef Australia\u00bb\/10 Network.<\/p>\n<p>Iskaldt fra William og Kate\t<\/p>\n<p>Selv om en gjenforening n\u00e5 st\u00e5r p\u00e5 trappene, er fortsatt ikke alt fryd og gammen i kongefamilien.\u00a0\u00a0<\/p>\n<p class=\"font-weight-bold m-font-weight-bold\" data-lab-font_weight=\"font-weight-bold\">Mens kong Charles \u00f8nsker s\u00f8nnen velkommen, er tonen en helt annen hos prins William (44) og prinsesse Kate (44), skriver <a href=\"https:\/\/www.elle.com\/culture\/celebrities\/a73543313\/meghan-markle-uk-move-priorities-event-plans\/\" rel=\"nofollow noopener\" target=\"_blank\">magasinet Elle<\/a>.\u00a0<\/p>\n<p class=\"font-weight-normal m-font-weight-normal\" data-lab-font_weight=\"font-weight-normal\">Kilder avsl\u00f8rer at det fremdeles er null kontakt mellom br\u00f8drene. William og Kate skal heller ikke ha gitt noen offentlig velkomst til paret.<\/p>\n<p>    <a itemprop=\"url\" href=\"https:\/\/www.seher.no\/kongelig\/naboene-jubler-godt-a-bli-kvitt-ham\/85048603\" rel=\"nofollow noopener\" target=\"_blank\"><\/p>\n<p>        <img loading=\"lazy\" decoding=\"async\" src=\"https:\/\/www.europesays.com\/no\/wp-content\/uploads\/2026\/09\/85045424.webp\" width=\"180\" height=\"81\" alt=\"\" class=\"lazyload\" style=\"--aspect-ratio-image: 2.22; \"\/><\/p>\n<p>        Naboene jubler: &#8211; Godt \u00e5 bli kvitt ham<\/p>\n<p>    <\/a><\/p>\n<p class=\"font-weight-bold m-font-weight-bold\" data-lab-font_weight=\"font-weight-bold\">I tillegg venter et skeptisk britisk folk:<\/p>\n<p class=\"font-weight-normal m-font-weight-normal\" data-lab-font_weight=\"font-weight-normal\">Uformelle folkeavstemninger gjort av diverse britisk presse viser nemlig at Harry og Meghan ligger helt p\u00e5 bunnen av popularitetsm\u00e5lingene &#8211; bare sl\u00e5tt av eks-prins Andrew Mountbatten-Windsor (66), skriver magasinet videre.<\/p>\n","protected":false},"excerpt":{"rendered":"Hertuginne Meghan: Seks \u00e5r etter \u00abflukten\u00bb til USA, er sjokk-returen et faktum &#8211; og hertuginnen krever ren og&hellip;\n","protected":false},"author":2,"featured_media":340456,"comment_status":"","ping_status":"","sticky":false,"template":"","format":"standard","meta":{"footnotes":"","_share_on_mastodon":"0"},"categories":[58],"tags":[9630,71,1299,2543,76,30,28,29,75,72],"class_list":["post-340455","post","type-post","status-publish","format-standard","has-post-thumbnail","category-underholdning","tag-den-britiske-kongefamilien","tag-entertainment","tag-hertuginne-meghan","tag-kjendisdesken","tag-kongelig","tag-no","tag-norge","tag-norway","tag-prins-harry","tag-underholdning"],"share_on_mastodon":{"url":"https:\/\/pubeurope.com\/@no\/117197357528693032","error":""},"_links":{"self":[{"href":"https:\/\/www.europesays.com\/no\/wp-json\/wp\/v2\/posts\/340455","targetHints":{"allow":["GET"]}}],"collection":[{"href":"https:\/\/www.europesays.com\/no\/wp-json\/wp\/v2\/posts"}],"about":[{"href":"https:\/\/www.europesays.com\/no\/wp-json\/wp\/v2\/types\/post"}],"author":[{"embeddable":true,"href":"https:\/\/www.europesays.com\/no\/wp-json\/wp\/v2\/users\/2"}],"replies":[{"embeddable":true,"href":"https:\/\/www.europesays.com\/no\/wp-json\/wp\/v2\/comments?post=340455"}],"version-history":[{"count":0,"href":"https:\/\/www.europesays.com\/no\/wp-json\/wp\/v2\/posts\/340455\/revisions"}],"wp:featuredmedia":[{"embeddable":true,"href":"https:\/\/www.europesays.com\/no\/wp-json\/wp\/v2\/media\/340456"}],"wp:attachment":[{"href":"https:\/\/www.europesays.com\/no\/wp-json\/wp\/v2\/media?parent=340455"}],"wp:term":[{"taxonomy":"category","embeddable":true,"href":"https:\/\/www.europesays.com\/no\/wp-json\/wp\/v2\/categories?post=340455"},{"taxonomy":"post_tag","embeddable":true,"href":"https:\/\/www.europesays.com\/no\/wp-json\/wp\/v2\/tags?post=340455"}],"curies":[{"name":"wp","href":"https:\/\/api.w.org\/{rel}","templated":true}]}}