{"id":340503,"date":"2026-09-01T19:52:14","date_gmt":"2026-09-01T19:52:14","guid":{"rendered":"https:\/\/www.europesays.com\/no\/340503\/"},"modified":"2026-09-01T19:52:14","modified_gmt":"2026-09-01T19:52:14","slug":"mel-gibson-beklager-etter-video-fra-fan-expo-canada","status":"publish","type":"post","link":"https:\/\/www.europesays.com\/no\/340503\/","title":{"rendered":"Mel Gibson beklager etter video fra Fan Expo Canada"},"content":{"rendered":"<p class=\"kicker \" style=\"\">Mel Gibson:<\/p>\n<p class=\"subtitle \" style=\"\">Flere reagerte etter at skuespilleren gjorde narr av en tolk for d\u00f8ve.<\/p>\n<p>\n    SIER UNNSKYLD: Mel Gibson har nok en gang havnet i hardt v\u00e6r p\u00e5 grunn av oppf\u00f8rselen sin. Foto: NTB\n  <\/p>\n<p>Skuespilleren Mel Gibson (70) har beklaget etter at han gjorde overdrevne h\u00e5ndbevegelser bak en tegnspr\u00e5ktolk under et arrangement i Toronto l\u00f8rdag.<\/p>\n<p>    <a itemprop=\"url\" href=\"https:\/\/www.seher.no\/kjendis\/nyter-livet-med-34-ar-yngre-kjaereste\/78893747\" rel=\"nofollow noopener\" target=\"_blank\"><\/p>\n<p>        <img loading=\"lazy\" decoding=\"async\" src=\"https:\/\/www.europesays.com\/no\/wp-content\/uploads\/2026\/09\/78893765.webp\" width=\"147\" height=\"98\" alt=\"\" class=\"lazyload\" style=\"--aspect-ratio-image: 1.50; \"\/><\/p>\n<p>        Nyter livet med 34 \u00e5r yngre kj\u00e6reste<\/p>\n<p>    <\/a><\/p>\n<p>En video fra Fan Expo Canada viste Gibson g\u00e5 ut p\u00e5 scenen mens en kvinne tolket arrang\u00f8ren til tegnspr\u00e5k.\u00a0<\/p>\n<p>Bak tolken sto Gibson, og gjorde tilsynelatende narr av tolken. Han etterlignet henne, med store, overdrevne bevegelser.<\/p>\n<p>        <img loading=\"lazy\" decoding=\"async\" src=\"https:\/\/www.europesays.com\/no\/wp-content\/uploads\/2026\/09\/85092750.webp\" width=\"686\" height=\"467\" alt=\"\" class=\"\" style=\"--aspect-ratio-image: 1.47; \"\/><\/p>\n<p>\n        UTSKJELT: Mel Gibson har v\u00e6rt blant Hollywoods mest kjente skuespillere &#8211; men er ogs\u00e5 blant dem som har f\u00e5tt mest pepper for oppf\u00f8rselen sin. Foto: NTB\n    <\/p>\n<p>Videoen ble delt p\u00e5 sosiale medier, og flere reagerte kraftig.\u00a0<\/p>\n<p>\u00abAlltid skuffende \u00e5 se spr\u00e5ket mitt bli h\u00e5net. Vi jobber hardt for \u00e5 f\u00e5 spr\u00e5ket v\u00e5rt anerkjent og bli tatt p\u00e5 alvor\u00bb, skrev en bruker p\u00e5 X.<\/p>\n<p>\u00abTypisk ham. S\u00e5 skuffende at han er s\u00e5nn\u00bb, skrev en annen.<\/p>\n<p>        KALGESTORM: Hollywood-stjerna Gwyneth Paltrow m\u00f8ter kraftig kritikk etter \u00e5 ha medvirket i en reklame for det israelske luksusprosjektet \u00ab51 Park\u00bb i Herzliya, nord for Tel Aviv. Video: @AvivbyMelisron<\/p>\n<p>\u00abJeg skj\u00f8nner ikke at han ble invitert til Fan Expo, n\u00e5r han historisk ikke klarer \u00e5 oppf\u00f8re seg\u00bb, mener en tredje.<\/p>\n<p>Han fikk med andre ord passet sitt p\u00e5skrevet etter hendelsen, men har n\u00e5 tatt bladet fra munnen.<\/p>\n<p>Gibson beklaget oppf\u00f8rselen sin i en uttalelse til <a href=\"https:\/\/www.dailymail.com\/tvshowbiz\/article-16093549\/Mel-Gibson-mocking-ASL-interpreter.html?ns_mchannel=rss&amp;ito=1490&amp;ns_campaign=1490\" rel=\"nofollow noopener\" target=\"_blank\">Daily Mail<\/a> mandag.<\/p>\n<p>    <a itemprop=\"url\" href=\"https:\/\/www.seher.no\/kjendis\/elsker-smabarnslivet-etter-60\/67365748\" rel=\"nofollow noopener\" target=\"_blank\"><\/p>\n<p>        <img loading=\"lazy\" decoding=\"async\" src=\"https:\/\/www.europesays.com\/no\/wp-content\/uploads\/2026\/09\/67367917.webp\" width=\"147\" height=\"98\" alt=\"\" class=\"lazyload\" style=\"--aspect-ratio-image: 1.50; \"\/><\/p>\n<p>        Kjendispappaene har 25 barn til sammen<\/p>\n<p>    <\/a><\/p>\n<p>&#8211; Noen ganger n\u00e5r du blir dyttet ut p\u00e5 en scene, rett i rampelyset, er tankene dine overalt, og noen ganger vises spontan tankel\u00f8s idioti. Det var ingen tilsiktet ondskap knyttet til det, og jeg beklager absolutt overfor alle som ble oppr\u00f8rt av det, sa han if\u00f8lge avisen.<\/p>\n<p>        <img loading=\"lazy\" decoding=\"async\" src=\"https:\/\/www.europesays.com\/no\/wp-content\/uploads\/2026\/09\/85092766.webp\" width=\"686\" height=\"481\" alt=\"\" class=\"\" style=\"--aspect-ratio-image: 1.43; \"\/><\/p>\n<p>\n        FIKK SKRYT: Alan Ritchson h\u00e5ndhilste p\u00e5 tolken, i motsetning til Mel Gibson. Foto: NTB\n    <\/p>\n<p>Flere kommentatorer sammenlignet Gibsons opptreden med skuespiller Alan Ritchson (43), som h\u00e5ndhilste p\u00e5 tolken f\u00f8r han forlot scenen.<\/p>\n<p>Gibson har tidligere v\u00e6rt involvert i flere kontroverser, blant annet en antisemittisk uttalelse under en arrestasjon i 2006 og en voldssak mot sin dav\u00e6rende kj\u00e6reste i 2011.<\/p>\n","protected":false},"excerpt":{"rendered":"Mel Gibson: Flere reagerte etter at skuespilleren gjorde narr av en tolk for d\u00f8ve. SIER UNNSKYLD: Mel Gibson&hellip;\n","protected":false},"author":2,"featured_media":340504,"comment_status":"","ping_status":"","sticky":false,"template":"","format":"standard","meta":{"footnotes":"","_share_on_mastodon":"0"},"categories":[58],"tags":[26208,71,26207,105,479,2543,3900,30,28,29,26206,72],"class_list":["post-340503","post","type-post","status-publish","format-standard","has-post-thumbnail","category-underholdning","tag-beklager","tag-entertainment","tag-fan-expo","tag-handball","tag-kjendis","tag-kjendisdesken","tag-mel-gibson","tag-no","tag-norge","tag-norway","tag-tolk","tag-underholdning"],"share_on_mastodon":{"url":"https:\/\/pubeurope.com\/@no\/117197533936858241","error":""},"_links":{"self":[{"href":"https:\/\/www.europesays.com\/no\/wp-json\/wp\/v2\/posts\/340503","targetHints":{"allow":["GET"]}}],"collection":[{"href":"https:\/\/www.europesays.com\/no\/wp-json\/wp\/v2\/posts"}],"about":[{"href":"https:\/\/www.europesays.com\/no\/wp-json\/wp\/v2\/types\/post"}],"author":[{"embeddable":true,"href":"https:\/\/www.europesays.com\/no\/wp-json\/wp\/v2\/users\/2"}],"replies":[{"embeddable":true,"href":"https:\/\/www.europesays.com\/no\/wp-json\/wp\/v2\/comments?post=340503"}],"version-history":[{"count":0,"href":"https:\/\/www.europesays.com\/no\/wp-json\/wp\/v2\/posts\/340503\/revisions"}],"wp:featuredmedia":[{"embeddable":true,"href":"https:\/\/www.europesays.com\/no\/wp-json\/wp\/v2\/media\/340504"}],"wp:attachment":[{"href":"https:\/\/www.europesays.com\/no\/wp-json\/wp\/v2\/media?parent=340503"}],"wp:term":[{"taxonomy":"category","embeddable":true,"href":"https:\/\/www.europesays.com\/no\/wp-json\/wp\/v2\/categories?post=340503"},{"taxonomy":"post_tag","embeddable":true,"href":"https:\/\/www.europesays.com\/no\/wp-json\/wp\/v2\/tags?post=340503"}],"curies":[{"name":"wp","href":"https:\/\/api.w.org\/{rel}","templated":true}]}}