{"id":340523,"date":"2026-09-01T20:06:21","date_gmt":"2026-09-01T20:06:21","guid":{"rendered":"https:\/\/www.europesays.com\/no\/340523\/"},"modified":"2026-09-01T20:06:21","modified_gmt":"2026-09-01T20:06:21","slug":"hilde-lyshaugen-var-i-alvorlig-trafikkulykke-i-valdres-jeg-er-glad-for-at-jeg-ikke-husker-noe","status":"publish","type":"post","link":"https:\/\/www.europesays.com\/no\/340523\/","title":{"rendered":"Hilde Lyshaugen var i alvorlig trafikkulykke i Valdres: \u2013 Jeg er glad for at jeg ikke husker noe"},"content":{"rendered":"\n<p class=\"_paragraph_145nj_4 _paragraph_6fko5_10 layout-component text-serif-m layout-normal text-serif-m layout-padded\"><strong class=\"_strong_145nj_25\">VG advarer om sterke bilder i saken. <\/strong><\/p>\n<p class=\"_paragraph_145nj_4 _paragraph_6fko5_10 layout-component text-serif-m layout-normal text-serif-m layout-padded\">1. juli 2025 hadde 25 \u00e5r gamle Hilde Lyshaugen nettopp begynt i sommerjobben som besiktigerbesiktigerI dette tilfellet er det en person som unders\u00f8ker eiendommer og vurderer forhold som brukes til \u00e5 fastsette eiendomsskattetaksten.. Hun gledet seg til \u00e5 v\u00e6re i fjellet gjennom sommeren og m\u00e5le opp hyttetomter. <\/p>\n<p class=\"_paragraph_145nj_4 _paragraph_6fko5_10 layout-component text-serif-m layout-normal text-serif-m layout-padded\">Dagen f\u00f8r hadde hun tatt fri for \u00e5 dra til Oslo. P\u00e5 universitetet hadde hun muntlig eksamen for \u00e5 forsvare masteroppgaven som hun hadde levert en m\u00e5ned tidligere. <\/p>\n<p class=\"_paragraph_145nj_4 _paragraph_6fko5_10 layout-component text-serif-m layout-normal text-serif-m layout-padded\">Hun sendte en snap til venner og familie: <\/p>\n<p><img alt=\"\" class=\"_image_jw3bv_65 layout-component layout-normal\" data-fullscreen- data-track-element-type=\"Article image fullscreen\" data-track-name=\"ImageFullscreen\" decoding=\"async\" loading=\"lazy\" height=\"2171\" itemprop=\"image\"  src=\"https:\/\/www.europesays.com\/no\/wp-content\/uploads\/2026\/09\/19bb28bb-7524-31eb-a97a-303317590c1e.jpeg\"  style=\"object-position:0% 0%\" width=\"1429\"\/><\/p>\n<p class=\"_paragraph_145nj_4 _paragraph_6fko5_10 layout-component text-serif-m layout-normal text-serif-m layout-padded\">P\u00e5 kvelden dro hun p\u00e5 middag hos foreldrene for \u00e5 feire. <\/p>\n<p class=\"_paragraph_145nj_4 _paragraph_6fko5_10 layout-component text-serif-m layout-normal text-serif-m layout-padded\">S\u00e5 satte hun seg i bilen for \u00e5 kj\u00f8re hjem til Ullnes i <a href=\"https:\/\/www.vg.no\/tag\/valdres?utm_source=vg-article&amp;utm_medium=auto-tagger&amp;utm_campaign=7pjBb8\" class=\"_link_145nj_39\" rel=\"nofollow noopener\" target=\"_blank\">Valdres<\/a> \u2013 en halvtime unna. <\/p>\n<p class=\"_paragraph_145nj_4 _paragraph_6fko5_10 layout-component text-serif-m layout-normal text-serif-m layout-padded\">Hun husker at hun kj\u00f8rte gjennom Aurdal og over Onstadmarka. <\/p>\n<p class=\"_paragraph_145nj_4 _paragraph_6fko5_10 layout-component text-serif-m layout-normal text-serif-m layout-padded\">\u2013 Det var egentlig en fin sommerdag. Det var bl\u00e5 himmel, sier Hilde. <\/p>\n<p><img alt=\"Foto: Jonas F\u00e6ste Laksekj\u00f8n \/ VG\" class=\"_image_jw3bv_65 layout-component layout-wide\" data-fullscreen- data-track-element-type=\"Article image fullscreen\" data-track-name=\"ImageFullscreen\" decoding=\"async\" loading=\"lazy\" height=\"4298\" itemprop=\"image\"  src=\"https:\/\/www.europesays.com\/no\/wp-content\/uploads\/2026\/09\/12582d7a-413d-3e6b-aadb-ae4148f682d7.png\"  style=\"object-position:0% 0%\" width=\"5373\"\/>Foto: Jonas F\u00e6ste Laksekj\u00f8n \/ VG<\/p>\n<p class=\"_paragraph_145nj_4 _paragraph_6fko5_10 layout-component text-serif-m layout-normal text-serif-m layout-padded\"><strong class=\"_strong_145nj_25\">S\u00e5 ble det svart. Hilde husker ingenting. <\/strong><\/p>\n<p class=\"_paragraph_145nj_4 _paragraph_6fko5_10 layout-component text-serif-m layout-normal text-serif-m layout-padded\">Tor Erling S\u00e6thre var p\u00e5 vei til jobb, da han s\u00e5 bilen som hadde krasjet i en betongvegg. <\/p>\n<p><img alt=\"Foto: Jonas F\u00e6ste Laksekj\u00f8n \/ VG\" class=\"_image_jw3bv_65 layout-component layout-wide\" data-fullscreen- data-track-element-type=\"Article image fullscreen\" data-track-name=\"ImageFullscreen\" decoding=\"async\" loading=\"lazy\" height=\"4888\" itemprop=\"image\"  src=\"https:\/\/www.europesays.com\/no\/wp-content\/uploads\/2026\/09\/4dd4d107-e1a7-329f-82e4-44dffad5b288.png\"  style=\"object-position:0% 0%\" width=\"6110\"\/>Foto: Jonas F\u00e6ste Laksekj\u00f8n \/ VG<\/p>\n<p class=\"_paragraph_145nj_4 _paragraph_6fko5_10 layout-component text-serif-m layout-normal text-serif-m layout-padded\">Den mange\u00e5rige sykepleieren l\u00f8p bort.<\/p>\n<p class=\"_paragraph_145nj_4 _paragraph_6fko5_10 layout-component text-serif-m layout-normal text-serif-m layout-padded\">\u2013 Sideruta var helt knust, og hodet hang ut av vinduet, sier han. <\/p>\n<p><img alt=\"Foto: Privat\" class=\"_image_jw3bv_65 layout-component layout-wide\" data-fullscreen- data-track-element-type=\"Article image fullscreen\" data-track-name=\"ImageFullscreen\" decoding=\"async\" loading=\"lazy\" height=\"4032\" itemprop=\"image\"  src=\"https:\/\/www.europesays.com\/no\/wp-content\/uploads\/2026\/09\/58e74299-f54c-3825-a05e-db0f5e73110d.jpeg\"  style=\"object-position:0% 0%\" width=\"3024\"\/>Foto: Privat<\/p>\n<p class=\"_paragraph_145nj_4 _paragraph_6fko5_10 layout-component text-serif-m layout-normal text-serif-m layout-padded\">Da han forsiktig l\u00f8ftet opp hodet for \u00e5 lene det mot nakkest\u00f8tten, s\u00e5 han hvem som satt i bilen.<\/p>\n<p class=\"_paragraph_145nj_4 _paragraph_6fko5_10 layout-component text-serif-m layout-normal text-serif-m layout-padded\">\u2013 Jeg tror ikke hun skj\u00f8nte hvem jeg var i starten. Men s\u00e5 begynte vi \u00e5 snakke om teater, sier han.<\/p>\n<p>\u2013 Ekstremt traumatisert<\/p>\n<p class=\"_paragraph_145nj_4 _paragraph_6fko5_10 layout-component text-serif-m layout-normal text-serif-m layout-padded\">Rundt et \u00e5r senere m\u00f8tes de to igjen p\u00e5 ulykkesstedet, sammen med VG. <\/p>\n<p><img alt=\"Foto: Jonas F\u00e6ste Laksekj\u00f8n \/ VG\" class=\"_image_jw3bv_65 layout-component layout-wide\" data-fullscreen- data-track-element-type=\"Article image fullscreen\" data-track-name=\"ImageFullscreen\" decoding=\"async\" loading=\"lazy\" height=\"4715\" itemprop=\"image\"  src=\"https:\/\/www.europesays.com\/no\/wp-content\/uploads\/2026\/09\/aaf6bb41-bf65-390d-8b7c-ccf04a96aa3a.png\"  style=\"object-position:0% 0%\" width=\"5894\"\/>Foto: Jonas F\u00e6ste Laksekj\u00f8n \/ VG<\/p>\n<p class=\"_paragraph_145nj_4 _paragraph_6fko5_10 layout-component text-serif-m layout-normal text-serif-m layout-padded\">Trafikken suser forbi p\u00e5 E16. N\u00e5r lastebilene passerer i 60-sonen, blir det vanskelig \u00e5 h\u00f8re hva de sier.<\/p>\n<p class=\"_paragraph_145nj_4 _paragraph_6fko5_10 layout-component text-serif-m layout-normal text-serif-m layout-padded\">Det var i en bratt skr\u00e5ning, delvis i en betongvegg, Hildes bil endte opp. <\/p>\n<p class=\"_paragraph_145nj_4 _paragraph_6fko5_10 layout-component text-serif-m layout-normal text-serif-m layout-padded\">Et \u00e5r senere ligger fortsatt rester etter bilen hennes der.<\/p>\n<p><img alt=\"Foto: Jonas F\u00e6ste Laksekj\u00f8n \/ VG\" class=\"_image_jw3bv_65 layout-component layout-wide\" data-fullscreen- data-track-element-type=\"Article image fullscreen\" data-track-name=\"ImageFullscreen\" decoding=\"async\" loading=\"lazy\" height=\"4298\" itemprop=\"image\"  src=\"https:\/\/www.europesays.com\/no\/wp-content\/uploads\/2026\/09\/fdd02048-7768-3c19-9d4b-d7d16b701ea8.png\"  style=\"object-position:0% 0%\" width=\"5373\"\/>Foto: Jonas F\u00e6ste Laksekj\u00f8n \/ VG<\/p>\n<p class=\"_paragraph_145nj_4 _paragraph_6fko5_10 layout-component text-serif-m layout-normal text-serif-m layout-padded\">Samtalen med Tor Erling er Hildes f\u00f8rste minne etter ulykken.<\/p>\n<p class=\"_paragraph_145nj_4 _paragraph_6fko5_10 layout-component text-serif-m layout-normal text-serif-m layout-padded\">Bl\u00e5lyset flimret i bakgrunnen.<\/p>\n<p class=\"_paragraph_145nj_4 _paragraph_6fko5_10 layout-component text-serif-m layout-normal text-serif-m layout-padded\">\u2013 Det f\u00f8rste jeg husker, er at jeg tenkte: \u00abHva s\u00f8ren gj\u00f8r han her?\u00bb<\/p>\n<p class=\"_paragraph_145nj_4 _paragraph_6fko5_10 layout-component text-serif-m layout-normal text-serif-m layout-padded\">De befant seg da over fem kilometer etter det siste stedet hun husker \u00e5 ha kj\u00f8rt. <\/p>\n<p class=\"_paragraph_145nj_4 _paragraph_6fko5_10 layout-component text-serif-m layout-normal text-serif-m layout-padded\">Selv om ambulansepersonell og brannvesen etter hvert kom til stedet, fikk Tor Erling fortsette \u00e5 holde kontakten med Hilde. <\/p>\n<p class=\"_paragraph_145nj_4 _paragraph_6fko5_10 layout-component text-serif-m layout-normal text-serif-m layout-padded\">Han hadde g\u00e5tt inn i sykepleierrollen: Han jobbet med \u00e5 f\u00e5 Hilde til \u00e5 holde \u00f8ynene \u00e5pne, konsentrere seg om pusten og holde samtalen i gang. <\/p>\n<p class=\"_paragraph_145nj_4 _paragraph_6fko5_10 layout-component text-serif-m layout-normal text-serif-m layout-padded\">\u2013 Hva snakket dere om? <\/p>\n<p class=\"_paragraph_145nj_4 _paragraph_6fko5_10 layout-component text-serif-m layout-normal text-serif-m layout-padded\">\u2013 Det er litt begrenset hva du er i stand til \u00e5 snakke om n\u00e5r du har en kropp som er s\u00e5 ekstremt traumatisert, svarer Tor Erling.<\/p>\n<p class=\"_paragraph_145nj_4 _paragraph_6fko5_10 layout-component text-serif-m layout-normal text-serif-m layout-padded\">Han fikk likevel fortalt henne om det som skjedde rundt dem. <\/p>\n<p class=\"_paragraph_145nj_4 _paragraph_6fko5_10 layout-component text-serif-m layout-normal text-serif-m layout-padded\">\u2013 Og innimellom snakket vi om teateret. Om forestillinger de hadde satt opp, sier han.<\/p>\n<p class=\"_paragraph_145nj_4 _paragraph_6fko5_10 layout-component text-serif-m layout-normal text-serif-m layout-padded\">Han er faren til en som Hilde spilte teater sammen med i oppveksten. <\/p>\n<p><img alt=\"Foto: Privat\" class=\"_image_jw3bv_65 layout-component layout-wide\" data-fullscreen- data-track-element-type=\"Article image fullscreen\" data-track-name=\"ImageFullscreen\" decoding=\"async\" loading=\"lazy\" height=\"1560\" itemprop=\"image\"  src=\"https:\/\/www.europesays.com\/no\/wp-content\/uploads\/2026\/09\/98e41d8c-0d1c-37af-b805-374e948fd5fd.jpeg\"  style=\"object-position:0% 0%\" width=\"1170\"\/>Foto: Privat<\/p>\n<p class=\"_paragraph_145nj_4 _paragraph_6fko5_10 layout-component text-serif-m layout-normal text-serif-m layout-padded\"><strong class=\"_strong_145nj_25\">Mens dette foregikk satt Hilde helt fastklemt. <\/strong><\/p>\n<p class=\"_paragraph_145nj_4 _paragraph_6fko5_10 layout-component text-serif-m layout-normal text-serif-m layout-padded\">I krasjet hadde dashbordet flyttet seg langt bak. Rattet l\u00e5 trykket inn mot magen til Hilde, forteller Tor Erling. <\/p>\n<p class=\"_paragraph_145nj_4 _paragraph_6fko5_10 layout-component text-serif-m layout-normal text-serif-m layout-padded\">Helsepersonellet klarte ikke \u00e5 f\u00e5 oversikt over beina hennes, st\u00e5r det i AMK-loggenAMK-loggenEn skriftlig logg fra Akuttmedisinsk kommunikasjonssentral (AMK), som betjener n\u00f8dnummer 113, over hva som har skjedd p\u00e5 en utrykning. , som VG har sett.<\/p>\n<p class=\"_paragraph_145nj_4 _paragraph_6fko5_10 layout-component text-serif-m layout-normal text-serif-m layout-padded\">Bilder familien har tatt av bilen i etterkant viser de store materielle skadene: <\/p>\n<p><img alt=\"Foto: Privat\" class=\"_image_jw3bv_65 layout-component layout-wide\" data-fullscreen- data-track-element-type=\"Article image fullscreen\" data-track-name=\"ImageFullscreen\" decoding=\"async\" loading=\"lazy\" height=\"4032\" itemprop=\"image\"  src=\"https:\/\/www.europesays.com\/no\/wp-content\/uploads\/2026\/09\/af28831a-7903-3a87-80dd-d2f2a942d065.jpeg\"  style=\"object-position:0% 0%\" width=\"3024\"\/>Foto: Privat<\/p>\n<p class=\"_paragraph_145nj_4 _paragraph_6fko5_10 layout-component text-serif-m layout-normal text-serif-m layout-padded\">Hilde kan ikke huske at hun f\u00f8lte noe smerte. Hun var forfjamset og falt inn og ut av bevissthet. <\/p>\n<p class=\"_paragraph_145nj_4 _paragraph_6fko5_10 layout-component text-serif-m layout-normal text-serif-m layout-padded\"><strong class=\"_strong_145nj_25\">Det hun derimot husker er at det ble diskutert hvorvidt h\u00f8yrebeinet hennes fortsatt satt fast i henne. <\/strong><\/p>\n<p class=\"_paragraph_145nj_4 _paragraph_6fko5_10 layout-component text-serif-m layout-normal text-serif-m layout-padded\">Etter omtrent 45 minutter bestemte helsepersonellet seg for at Hilde m\u00e5tte frigj\u00f8res, til tross for at de ikke visste hvordan det gikk med beinet hennes. <\/p>\n<p class=\"_paragraph_145nj_4 _paragraph_6fko5_10 layout-component text-serif-m layout-normal text-serif-m layout-padded\">Hun fikk sterke medisiner mot smertene, blant annet fentanyl. <\/p>\n<p class=\"_paragraph_145nj_4 _paragraph_6fko5_10 layout-component text-serif-m layout-normal text-serif-m layout-padded\">\u2013 N\u00e5r de dro meg ut av bilen, husker jeg at jeg h\u00f8rte noen skrike av smerte, sier Hilde. <\/p>\n<p class=\"_paragraph_145nj_4 _paragraph_6fko5_10 layout-component text-serif-m layout-normal text-serif-m layout-padded\"><strong class=\"_strong_145nj_25\">\u2013 Jeg skj\u00f8nte ikke at det var meg.<\/strong><\/p>\n<p><img alt=\"Foto: Jonas F\u00e6ste Laksekj\u00f8n \/ VG\" class=\"_image_jw3bv_65 layout-component layout-wide\" data-fullscreen- data-track-element-type=\"Article image fullscreen\" data-track-name=\"ImageFullscreen\" decoding=\"async\" loading=\"lazy\" height=\"6227\" itemprop=\"image\"  src=\"https:\/\/www.europesays.com\/no\/wp-content\/uploads\/2026\/09\/ce442589-81ca-3bf2-b219-c0803dca2df8.jpeg\"  style=\"object-position:0% 0%\" width=\"4670\"\/>Foto: Jonas F\u00e6ste Laksekj\u00f8n \/ VG\u2013 Dagene fl\u00f8t sammen<\/p>\n<p class=\"_paragraph_145nj_4 _paragraph_6fko5_10 layout-component text-serif-m layout-normal text-serif-m layout-padded\">Hilde ble fl\u00f8yet fra Valdres til Oslo med luftambulanse. <\/p>\n<p class=\"_paragraph_145nj_4 _paragraph_6fko5_10 layout-component text-serif-m layout-normal text-serif-m layout-padded\">\u00c9n tanke gikk gjennom hodet, slik hun husker det: <\/p>\n<p class=\"_paragraph_145nj_4 _paragraph_6fko5_10 layout-component text-serif-m layout-normal text-serif-m layout-padded\"><strong class=\"_strong_145nj_25\">\u00abEr beinet amputert?\u00bb<\/strong><\/p>\n<p class=\"_paragraph_145nj_4 _paragraph_6fko5_10 layout-component text-serif-m layout-normal text-serif-m layout-padded\">Svaret fikk hun etter mange timer: <\/p>\n<p class=\"_paragraph_145nj_4 _paragraph_6fko5_10 layout-component text-serif-m layout-normal text-serif-m layout-padded\">\u2013 Ingen sa til meg at leggen hang p\u00e5 f\u00f8r jeg var p\u00e5 Ullev\u00e5l, sier Hilde. <\/p>\n<p class=\"_paragraph_145nj_4 _paragraph_6fko5_10 layout-component text-serif-m layout-normal text-serif-m layout-padded\">Men det var bare s\u00e5 vidt. Leggen var s\u00e5 skadet at man kunne holde h\u00e5nden rundt p\u00e5 det smaleste. <\/p>\n<p><img alt=\"Foto: Privat\" class=\"_image_jw3bv_65 layout-component layout-wide\" data-fullscreen- data-track-element-type=\"Article image fullscreen\" data-track-name=\"ImageFullscreen\" decoding=\"async\" loading=\"lazy\" height=\"2204\" itemprop=\"image\"  src=\"https:\/\/www.europesays.com\/no\/wp-content\/uploads\/2026\/09\/2de7f24b-8b25-35e2-878e-76839190f12e.jpeg\"  style=\"object-position:0% 0%\" width=\"2087\"\/>Foto: Privat<\/p>\n<p class=\"_paragraph_145nj_4 _paragraph_6fko5_10 layout-component text-serif-m layout-normal text-serif-m layout-padded\">I tillegg hadde hun f\u00e5tt fire brudd i bekkenet og l\u00e5rbeinet. <\/p>\n<p class=\"_paragraph_145nj_4 _paragraph_6fko5_10 layout-component text-serif-m layout-normal text-serif-m layout-padded\">Dagen etter satte legene i gang en omfattende operasjon. Den varte i \u00e5tte timer, forteller Hilde. <\/p>\n<p class=\"_paragraph_145nj_4 _paragraph_6fko5_10 layout-component text-serif-m layout-normal text-serif-m layout-padded\">Men det var bare starten p\u00e5 en lang rehabilitering.<\/p>\n<p><img alt=\"Foto: Privat\" class=\"_image_jw3bv_65 layout-component layout-wide\" data-fullscreen- data-track-element-type=\"Article image fullscreen\" data-track-name=\"ImageFullscreen\" decoding=\"async\" loading=\"lazy\" height=\"4032\" itemprop=\"image\"  src=\"https:\/\/www.europesays.com\/no\/wp-content\/uploads\/2026\/09\/77ef877c-5c97-3823-97da-d3773cd84ff1.jpeg\"  style=\"object-position:0% 0%\" width=\"3024\"\/>Foto: Privat<\/p>\n<p class=\"_paragraph_145nj_4 _paragraph_6fko5_10 layout-component text-serif-m layout-normal text-serif-m layout-padded\">F\u00f8rst var hun sengeliggende i seks uker p\u00e5 sykehus, mens beinet grodde.<\/p>\n<p class=\"_paragraph_145nj_4 _paragraph_6fko5_10 layout-component text-serif-m layout-normal text-serif-m layout-padded\">\u2013 I starten var jeg s\u00e5 full av smertestillende at dagene fl\u00f8t sammen. <\/p>\n<p><img alt=\"Foto: Privat\" class=\"_image_jw3bv_65 layout-component layout-wide\" data-fullscreen- data-track-element-type=\"Article image fullscreen\" data-track-name=\"ImageFullscreen\" decoding=\"async\" loading=\"lazy\" height=\"4032\" itemprop=\"image\"  src=\"https:\/\/www.europesays.com\/no\/wp-content\/uploads\/2026\/09\/e3103ec8-ed00-31f7-be51-2b8f02461b80.jpeg\"  style=\"object-position:0% 0%\" width=\"3024\"\/>Foto: Privat<\/p>\n<p class=\"_paragraph_145nj_4 _paragraph_6fko5_10 layout-component text-serif-m layout-normal text-serif-m layout-padded\">S\u00e5 m\u00e5tte hun l\u00e6re gamle kunster p\u00e5 nytt: <\/p>\n<p class=\"_paragraph_145nj_4 _paragraph_6fko5_10 layout-component text-serif-m layout-normal text-serif-m layout-padded\">\u2013 Gangen var inteteksisterende etter ulykken. <\/p>\n<p class=\"_paragraph_145nj_4 _paragraph_6fko5_10 layout-component text-serif-m layout-normal text-serif-m layout-padded\">P\u00e5 h\u00f8sten tilbragte hun ti uker p\u00e5 rehabiliteringssykehuset Sunnaas p\u00e5 Nesodden i Akershus. <\/p>\n<p class=\"_paragraph_145nj_4 _paragraph_6fko5_10 layout-component text-serif-m layout-normal text-serif-m layout-padded\">Det var gode og d\u00e5rlige dager med trening. <\/p>\n<p class=\"_paragraph_145nj_4 _paragraph_6fko5_10 layout-component text-serif-m layout-normal text-serif-m layout-padded\">\u2013 Man blir veldig ut\u00e5lmodig, ogs\u00e5 gj\u00f8r det utrolig vondt, sier Hilde. <\/p>\n<p class=\"_paragraph_145nj_4 _paragraph_6fko5_10 layout-component text-serif-m layout-normal text-serif-m layout-padded\">Men hun klarte flere og flere skritt. Flere og flere meter.  <\/p>\n<p class=\"_paragraph_145nj_4 _paragraph_6fko5_10 layout-component text-serif-m layout-normal text-serif-m layout-padded\"><strong class=\"_strong_145nj_25\">Det tok fem m\u00e5neder for leggen \u00e5 gro. <\/strong><\/p>\n<p class=\"_paragraph_145nj_4 _paragraph_6fko5_10 layout-component text-serif-m layout-normal text-serif-m layout-padded\">Arrene m\u00e5 hun alltid leve med. <\/p>\n<p><img alt=\"Foto: Jonas F\u00e6ste Laksekj\u00f8n \/ VG\" class=\"_image_jw3bv_65 layout-component layout-wide\" data-fullscreen- data-track-element-type=\"Article image fullscreen\" data-track-name=\"ImageFullscreen\" decoding=\"async\" loading=\"lazy\" height=\"4912\" itemprop=\"image\"  src=\"https:\/\/www.europesays.com\/no\/wp-content\/uploads\/2026\/09\/fa37cc12-4ccf-3c57-a945-c29d4bc0cda5.png\"  style=\"object-position:0% 0%\" width=\"6549\"\/>Foto: Jonas F\u00e6ste Laksekj\u00f8n \/ VG<\/p>\n<p class=\"_paragraph_145nj_4 _paragraph_6fko5_10 layout-component text-serif-m layout-normal text-serif-m layout-padded\">I dag kan Hilde g\u00e5 igjen. Likevel har hun fortsatt en lang vei foran seg.<\/p>\n<p class=\"_paragraph_145nj_4 _paragraph_6fko5_10 layout-component text-serif-m layout-normal text-serif-m layout-padded\">Hun tar med krykker n\u00e5r hun skal ut av huset. <\/p>\n<p class=\"_paragraph_145nj_4 _paragraph_6fko5_10 layout-component text-serif-m layout-normal text-serif-m layout-padded\">Hjemme i Valdres g\u00e5r hun fast til fysioterapeut, for \u00e5 fortsette \u00e5 trene opp styrken i beinet. <\/p>\n<p><img alt=\"Foto: Jonas F\u00e6ste Laksekj\u00f8n \/ VG\" class=\"_image_jw3bv_65 layout-component layout-wide\" data-fullscreen- data-track-element-type=\"Article image fullscreen\" data-track-name=\"ImageFullscreen\" decoding=\"async\" loading=\"lazy\" height=\"4715\" itemprop=\"image\"  src=\"https:\/\/www.europesays.com\/no\/wp-content\/uploads\/2026\/09\/582b042a-eb86-3634-8747-de491ad793c7.png\"  style=\"object-position:0% 0%\" width=\"5894\"\/>Foto: Jonas F\u00e6ste Laksekj\u00f8n \/ VGFikk diagnose<\/p>\n<p class=\"_paragraph_145nj_4 _paragraph_6fko5_10 layout-component text-serif-m layout-normal text-serif-m layout-padded\">I etterkant har legene konkludert med at Hilde mest sannsynlig fikk et anfall mens hun kj\u00f8rte bil. <\/p>\n<p class=\"_paragraph_145nj_4 _paragraph_6fko5_10 layout-component text-serif-m layout-normal text-serif-m layout-padded\"><strong class=\"_strong_145nj_25\">Nesten et \u00e5r etter ulykken fikk hun diagnosen: epilepsi. <\/strong><\/p>\n<p class=\"_paragraph_145nj_4 _paragraph_6fko5_10 layout-component text-serif-m layout-normal text-serif-m layout-padded\">Hilde f\u00e5r det som kalles fokale epileptiske anfallfokale epileptiske anfallDet finnes ulike typer epileptiske anfall. De deles hovedsakelig inn i fokale, generaliserte og uklassifiserbare anfall, if\u00f8lge HelseNorge. Ved fokale epileptiske anfall starter den epileptiske aktiviteten i et avgrenset omr\u00e5de i \u00e9n hjernehalvdel. . For henne arter anfallene seg annerledes enn det mange vil forbinde med epilepsi, forteller hun.<\/p>\n<p class=\"_paragraph_145nj_4 _paragraph_6fko5_10 layout-component text-serif-m layout-normal text-serif-m layout-padded\">Hun faller ikke om eller f\u00e5r kramper. Hun mister heller ikke alltid bevisstheten.<\/p>\n<p class=\"_paragraph_145nj_4 _paragraph_6fko5_10 layout-component text-serif-m layout-normal text-serif-m layout-padded\"><strong class=\"_strong_145nj_25\">\u2013 Epilepsi kan se helt annerledes ut enn det klassiske bildet mange har av sykdommen.<\/strong><\/p>\n<p class=\"_paragraph_145nj_4 _paragraph_6fko5_10 layout-component text-serif-m layout-normal text-serif-m layout-padded\">Hun tror nemlig hun har f\u00e5tt anfall flere ganger tidligere uten \u00e5 skj\u00f8nne hva det var. De kunne komme som en intens d\u00e9j\u00e0 vu-f\u00f8lelse eller som det plutselige suget i magen i en berg-og-dal-bane, if\u00f8lge henne. <\/p>\n<p class=\"_paragraph_145nj_4 _paragraph_6fko5_10 layout-component text-serif-m layout-normal text-serif-m layout-padded\"><strong class=\"_strong_145nj_25\">\u2013 Det gjorde det vanskelig \u00e5 forst\u00e5 hva episodene egentlig var, sier Hilde i dag.<\/strong><\/p>\n<p class=\"_paragraph_145nj_4 _paragraph_6fko5_10 layout-component text-serif-m layout-normal text-serif-m layout-padded\">Men det trigges av det samme som andre typer epileptiske anfall, som blant annet stress og s\u00f8vnmangel. <\/p>\n<p class=\"_paragraph_145nj_4 _paragraph_6fko5_10 layout-component text-serif-m layout-normal text-serif-m layout-padded\">Hilde syns det gir mening: <\/p>\n<p class=\"_paragraph_145nj_4 _paragraph_6fko5_10 layout-component text-serif-m layout-normal text-serif-m layout-padded\">\u2013 Det var mye stress rundt masteren. Det kan ha bidratt til \u00e5 kulminere til anfallet som skjedde den dagen. Det er jo spekulasjon, men det er logisk, sier hun. <\/p>\n<p><img alt=\"Foto: Jonas F\u00e6ste Laksekj\u00f8n \/ VG\" class=\"_image_jw3bv_65 layout-component layout-normal\" data-fullscreen- data-track-element-type=\"Article image fullscreen\" data-track-name=\"ImageFullscreen\" decoding=\"async\" loading=\"lazy\" height=\"5577\" itemprop=\"image\"  src=\"https:\/\/www.europesays.com\/no\/wp-content\/uploads\/2026\/09\/eab68751-f50f-319b-b855-d06afdab9219.png\"  style=\"object-position:0% 0%\" width=\"4462\"\/>Foto: Jonas F\u00e6ste Laksekj\u00f8n \/ VG<\/p>\n<p class=\"_paragraph_145nj_4 _paragraph_6fko5_10 layout-component text-serif-m layout-normal text-serif-m layout-padded\">Generalsekret\u00e6r i EpilepsiforbundetEpilepsiforbundetlandsdekkende medlemsorganisasjon for de som har epilepsi, FDS (funksjonelle dissosiative anfall) og deres p\u00e5r\u00f8rende. Har 6.538 medlemmer., Svein-Erik Bakke, sier de ikke kjenner til lignende historier, der udiagnostiserte personer har v\u00e6rt utsatt for alvorlige trafikkulykker.<\/p>\n<p class=\"_paragraph_145nj_4 _paragraph_6fko5_10 layout-component text-serif-m layout-normal text-serif-m layout-padded\">Hvor mange trafikkulykker som skyldes epilepsi i Norge, finnes det ikke tall p\u00e5, opplyser han. <\/p>\n<p class=\"_paragraph_145nj_4 _paragraph_6fko5_10 layout-component text-serif-m layout-normal text-serif-m layout-padded\"><strong class=\"_strong_145nj_25\">\u2013 Men det er \u00f8kt risiko for \u00e5 oppleve alvorlige bilulykker n\u00e5r man har epilepsi.<\/strong><\/p>\n<p><img decoding=\"async\" alt=\"Bilde av Svein-Erik Bakke\" class=\"_image_148z4_25\" height=\"40\" itemprop=\"image\" loading=\"lazy\"  src=\"https:\/\/www.europesays.com\/no\/wp-content\/uploads\/2026\/09\/ddbd75b5-dd94-3205-9aec-37acaabcc785.jpeg\"  width=\"40\"\/><strong class=\"_name_148z4_34 title-serif-xs\">Svein-Erik Bakke<\/strong><\/p>\n<p class=\"_paragraph_145nj_4 text-sans-m _description_148z4_39\">Generalsekret\u00e6r i Epilepsiforbundet<\/p>\n<p class=\"_paragraph_145nj_4 _paragraph_6fko5_10 layout-component text-serif-m layout-normal text-serif-m layout-padded\">En stor <a href=\"https:\/\/pubmed.ncbi.nlm.nih.gov\/29490912\/\" class=\"_link_145nj_39\" rel=\"nofollow noopener\" target=\"_blank\">svensk unders\u00f8kelse fra 2018<\/a> viste at det var 37 prosent \u00f8kt risiko for personer med epilepsi \u00e5 havne i trafikkulykker, sammenlignet med dem som ikke har det.<\/p>\n<p class=\"_paragraph_145nj_4 _paragraph_6fko5_10 layout-component text-serif-m layout-normal text-serif-m layout-padded\">Derfor er det ogs\u00e5 strenge regler for epileptikere n\u00e5r det kommer til \u00e5 kj\u00f8re bil. <\/p>\n<p class=\"_paragraph_145nj_4 _paragraph_6fko5_10 layout-component text-serif-m layout-normal text-serif-m layout-padded\">Hovedregelen for vanlig bil er at personer med epilepsi m\u00e5 v\u00e6re anfallsfrie i ett \u00e5r f\u00f8r de kan kj\u00f8re igjen. Dette m\u00e5 f\u00f8lges opp av lege. F\u00f8rst etter fem \u00e5r uten anfall kan man normalt f\u00e5 varig f\u00f8rerkort.  <\/p>\n<p>Slik reduseres ulykkes\u00adrisikoen for epileptikere<\/p>\n<p class=\"_paragraph_145nj_4 _paragraph_6fko5_10 _paragraph_1kitn_11 layout-component text-serif-m layout-normal text-sans-m layout-padded\">Generalsekret\u00e6r i Epilepsiforbundet, Svein-Erik Bakke, peker p\u00e5 flere tiltak den enkelte kan gj\u00f8re for \u00e5 redusere risikoen for trafikkulykker for\u00e5rsaket av epilepsi: <\/p>\n<ol class=\"_list_145nj_3 _list_6fko5_9 _list_1kitn_10 _ordered_145nj_79 layout-component text-serif-m layout-normal text-sans-m layout-padded\">\n<li class=\"_item_145nj_30\"><strong class=\"_strong_145nj_25\">F\u00f8lge f\u00f8rerkortreglene<\/strong> og ikke kj\u00f8re dersom helsekravene ikke er oppfylt. Ved epilepsi kreves som regel en periode med anfallsfrihet og vurdering av nevrolog f\u00f8r man kan kj\u00f8re.<\/li>\n<li class=\"_item_145nj_30\"><strong class=\"_strong_145nj_25\">Ta epilepsimedisiner<\/strong> slik legen har foreskrevet. God behandling kan redusere risikoen for nye anfall.<\/li>\n<li class=\"_item_145nj_30\"><strong class=\"_strong_145nj_25\">Unng\u00e5 kjente utl\u00f8sende faktorer<\/strong>, som for lite s\u00f8vn, stress, alkohol eller andre forhold som kan \u00f8ke risikoen for anfall hos enkelte personer.<\/li>\n<li class=\"_item_145nj_30\">Ha <strong class=\"_strong_145nj_25\">regelmessig oppf\u00f8lging hos lege eller nevrolog<\/strong>, slik at behandling og anfallsrisiko vurderes fortl\u00f8pende.<\/li>\n<li class=\"_item_145nj_30\"><strong class=\"_strong_145nj_25\">Avst\u00e5 fra \u00e5 kj\u00f8re ved tegn til \u00f8kt anfallsrisiko<\/strong>, for eksempel ved sykdom, endring av medisiner eller hvis man kjenner forvarsler p\u00e5 at et anfall kan komme.<\/li>\n<\/ol>\n<p>Vis merNy retning i livet<\/p>\n<p class=\"_paragraph_145nj_4 _paragraph_6fko5_10 layout-component text-serif-m layout-normal text-serif-m layout-padded\">Hilde f\u00e5r ikke kj\u00f8re bil f\u00f8r hun har v\u00e6rt anfallsfri i ett \u00e5r. <\/p>\n<p class=\"_paragraph_145nj_4 _paragraph_6fko5_10 layout-component text-serif-m layout-normal text-serif-m layout-padded\">Da hun ble unders\u00f8kt for epilepsi i mai, fremprovoserte legene anfall for \u00e5 kunne stadfeste sykdommen. Det gj\u00f8r at det tar enda lenger tid f\u00f8r hun eventuelt kan sette seg bak rattet igjen. <\/p>\n<p class=\"_paragraph_145nj_4 _paragraph_6fko5_10 layout-component text-serif-m layout-normal text-serif-m layout-padded\">Det ser hun frem til: <\/p>\n<p class=\"_paragraph_145nj_4 _paragraph_6fko5_10 layout-component text-serif-m layout-normal text-serif-m layout-padded\">\u2013 Jeg er litt glad for at jeg ikke husker noe av selve ulykken eller at jeg var redd. Hvis ikke hadde jeg nok gruet meg mer til \u00e5 kj\u00f8re igjen, sier Hilde. <\/p>\n<p class=\"_paragraph_145nj_4 _paragraph_6fko5_10 layout-component text-serif-m layout-normal text-serif-m layout-padded\">Hun pr\u00f8ver \u00e5 ikke dvele for mye ved ulykken.  <\/p>\n<p class=\"_paragraph_145nj_4 _paragraph_6fko5_10 layout-component text-serif-m layout-normal text-serif-m layout-padded\">\u2013 N\u00e5r jeg ikke f\u00e5r gjort noe med det, hvorfor skal jeg la det p\u00e5virke meg p\u00e5 en d\u00e5rlige m\u00e5te? <\/p>\n<p class=\"_paragraph_145nj_4 _paragraph_6fko5_10 layout-component text-serif-m layout-normal text-serif-m layout-padded\">Hun sier at hun heller har pr\u00f8vd \u00e5 gj\u00f8re den til en styrke. <\/p>\n<p><img alt=\"Foto: Jonas F\u00e6ste Laksekj\u00f8n \/ VG\" class=\"_image_jw3bv_65 layout-component layout-left\" data-fullscreen- data-track-element-type=\"Article image fullscreen\" data-track-name=\"ImageFullscreen\" decoding=\"async\" loading=\"lazy\" height=\"4298\" itemprop=\"image\"  src=\"https:\/\/www.europesays.com\/no\/wp-content\/uploads\/2026\/09\/5cd43254-28b3-31a8-84ee-0eb3c75dcc52.png\"  style=\"object-position:0% 0%\" width=\"5373\"\/>Foto: Jonas F\u00e6ste Laksekj\u00f8n \/ VG<img alt=\"Foto: Jonas F\u00e6ste Laksekj\u00f8n \/ VG\" class=\"_image_jw3bv_65 layout-component layout-right\" data-fullscreen- data-track-element-type=\"Article image fullscreen\" data-track-name=\"ImageFullscreen\" decoding=\"async\" loading=\"lazy\" height=\"6284\" itemprop=\"image\"  src=\"https:\/\/www.europesays.com\/no\/wp-content\/uploads\/2026\/09\/a79f56be-1130-341d-a078-59e53424f4a3.png\"  style=\"object-position:0% 0%\" width=\"4713\"\/>Foto: Jonas F\u00e6ste Laksekj\u00f8n \/ VG<\/p>\n<p class=\"_paragraph_145nj_4 _paragraph_6fko5_10 layout-component text-serif-m layout-normal text-serif-m layout-padded\">Derfor er ikke 1. juli 2025 bare en m\u00f8rk dag for Hilde. <\/p>\n<p class=\"_paragraph_145nj_4 _paragraph_6fko5_10 layout-component text-serif-m layout-normal text-serif-m layout-padded\">\u2013 Jeg ser ikke lenger bare dagen livet mitt ble snudd opp ned. Jeg ser ogs\u00e5 dagen jeg fikk en ny retning, skrev Hilde i et innlegg p\u00e5 Facebook i sommer. <\/p>\n<p class=\"_paragraph_145nj_4 _paragraph_6fko5_10 layout-component text-serif-m layout-normal text-serif-m layout-padded\"><strong class=\"_strong_145nj_25\">N\u00e5 har hun nemlig endret karrierevalg. Hun vil bli sykepleier. <\/strong><\/p>\n<p class=\"_paragraph_145nj_4 _paragraph_6fko5_10 layout-component text-serif-m layout-normal text-serif-m layout-padded\">\u2013 Jeg vil gi tilbake det jeg selv har f\u00e5tt, sier hun. <\/p>\n<p><img alt=\"Foto: Jonas F\u00e6ste Laksekj\u00f8n \/ VG\" class=\"_image_jw3bv_65 layout-component layout-wide\" data-fullscreen- data-track-element-type=\"Article image fullscreen\" data-track-name=\"ImageFullscreen\" decoding=\"async\" loading=\"lazy\" height=\"5253\" itemprop=\"image\"  src=\"https:\/\/www.europesays.com\/no\/wp-content\/uploads\/2026\/09\/62c448e5-f62f-3578-8e9d-0840c9d90a49.png\"  style=\"object-position:0% 0%\" width=\"3940\"\/>Foto: Jonas F\u00e6ste Laksekj\u00f8n \/ VG<\/p>\n<p class=\"_paragraph_145nj_4 _paragraph_6fko5_10 layout-component text-serif-m layout-normal text-serif-m layout-padded\">I l\u00f8pet av intervjuet med VG skryter hun flere ganger av sykepleierne hun selv har m\u00f8tt det siste \u00e5ret. <\/p>\n<p class=\"_paragraph_145nj_4 _paragraph_6fko5_10 layout-component text-serif-m layout-normal text-serif-m layout-padded\">\u2013 Det er ikke en eneste sykepleier jeg har m\u00f8tt, som ikke har v\u00e6rt god. Alle har brydd seg om meg og villet meg det beste, forteller Hilde. <\/p>\n<p class=\"_paragraph_145nj_4 _paragraph_6fko5_10 layout-component text-serif-m layout-normal text-serif-m layout-padded\">I slutten av juli, fikk hun vite at hun hadde kommet inn p\u00e5 sykepleiestudiet p\u00e5 NTNU i Gj\u00f8vik. <\/p>\n<p class=\"_paragraph_145nj_4 _paragraph_6fko5_10 layout-component text-serif-m layout-normal text-serif-m layout-padded\">\u2013 Tror du erfaringen du har vil bli nyttig som sykepleier? <\/p>\n<p class=\"_paragraph_145nj_4 _paragraph_6fko5_10 layout-component text-serif-m layout-normal text-serif-m layout-padded\">\u2013 Jeg h\u00e5per det. For jeg erfarte jo selv, som pasient, at jeg satte stor pris p\u00e5 de sykepleierne som hadde selv v\u00e6rt ute for det uhellet. N\u00e5r du har v\u00e6rt i de skoene selv, kan du forst\u00e5 og empatisere p\u00e5 en annen m\u00e5te, sier Hilde. <\/p>\n","protected":false},"excerpt":{"rendered":"VG advarer om sterke bilder i saken. 1. juli 2025 hadde 25 \u00e5r gamle Hilde Lyshaugen nettopp begynt&hellip;\n","protected":false},"author":2,"featured_media":340524,"comment_status":"","ping_status":"","sticky":false,"template":"","format":"standard","meta":{"footnotes":"","_share_on_mastodon":"0"},"categories":[10],"tags":[20,21,8199,24,25,15,22,23,13,30,28,29,14,16,26,27,51,1646],"class_list":["post-340523","post","type-post","status-publish","format-standard","has-post-thumbnail","category-norge","tag-breaking-news","tag-breakingnews","tag-epilepsi","tag-featured-news","tag-featurednews","tag-headlines","tag-latest-news","tag-latestnews","tag-news","tag-no","tag-norge","tag-norway","tag-nyheter","tag-overskrifter","tag-top-stories","tag-topstories","tag-ulykke","tag-valdres"],"share_on_mastodon":{"url":"https:\/\/pubeurope.com\/@no\/117197589910108110","error":""},"_links":{"self":[{"href":"https:\/\/www.europesays.com\/no\/wp-json\/wp\/v2\/posts\/340523","targetHints":{"allow":["GET"]}}],"collection":[{"href":"https:\/\/www.europesays.com\/no\/wp-json\/wp\/v2\/posts"}],"about":[{"href":"https:\/\/www.europesays.com\/no\/wp-json\/wp\/v2\/types\/post"}],"author":[{"embeddable":true,"href":"https:\/\/www.europesays.com\/no\/wp-json\/wp\/v2\/users\/2"}],"replies":[{"embeddable":true,"href":"https:\/\/www.europesays.com\/no\/wp-json\/wp\/v2\/comments?post=340523"}],"version-history":[{"count":0,"href":"https:\/\/www.europesays.com\/no\/wp-json\/wp\/v2\/posts\/340523\/revisions"}],"wp:featuredmedia":[{"embeddable":true,"href":"https:\/\/www.europesays.com\/no\/wp-json\/wp\/v2\/media\/340524"}],"wp:attachment":[{"href":"https:\/\/www.europesays.com\/no\/wp-json\/wp\/v2\/media?parent=340523"}],"wp:term":[{"taxonomy":"category","embeddable":true,"href":"https:\/\/www.europesays.com\/no\/wp-json\/wp\/v2\/categories?post=340523"},{"taxonomy":"post_tag","embeddable":true,"href":"https:\/\/www.europesays.com\/no\/wp-json\/wp\/v2\/tags?post=340523"}],"curies":[{"name":"wp","href":"https:\/\/api.w.org\/{rel}","templated":true}]}}