{"id":340575,"date":"2026-09-01T21:09:17","date_gmt":"2026-09-01T21:09:17","guid":{"rendered":"https:\/\/www.europesays.com\/no\/340575\/"},"modified":"2026-09-01T21:09:17","modified_gmt":"2026-09-01T21:09:17","slug":"morten-bjorlo-sport-bjorlo-har-landet-i-tromso-foler-meg-veldig-onsket","status":"publish","type":"post","link":"https:\/\/www.europesays.com\/no\/340575\/","title":{"rendered":"Morten Bj\u00f8rlo, Sport | Bj\u00f8rlo har landet i Troms\u00f8: \u2013 F\u00f8ler meg veldig \u00f8nsket"},"content":{"rendered":"\n<p>\u2013 Det som har v\u00e6rt viktig for meg, hvis jeg skulle komme tilbake til Norge, var hvis jeg f\u00f8lte meg veldig \u00f8nsket. Og at det er et prosjekt jeg har veldig tro p\u00e5. Det f\u00f8ler jeg absolutt er tilfelle her. S\u00e5 f\u00e5r vi se i l\u00f8pet av dagen, <a rel=\"Follow nofollow noopener\" href=\"https:\/\/www.nordlys.no\/her-er-han-pa-plass-morten-30-er-tils-nye-storsignering\/s\/80-34-493\" target=\"_blank\">uttalte Bj\u00f8rlo til Nordlys<\/a> etter at han landet p\u00e5 Troms\u00f8 Flyplass tirsdag.<\/p>\n<p>    Vil du se neste video?<\/p>\n<p>    <a href=\"https:\/\/www.f-b.no\/mange-overser-de-nye-skiltene-i-brochs-gate\/v\/80-59-18845\" class=\"recommend-poster\" data-adp-clicklabel=\"video-recommend\" data-adp-clickvalue=\"poster\" rel=\"nofollow noopener\" target=\"_blank\"><br \/>\n      <img decoding=\"async\" width=\"200\" height=\"200\" loading=\"lazy\" src=\"https:\/\/www.europesays.com\/no\/wp-content\/uploads\/2026\/09\/e310ac18-a1eb-4bc9-ac76-83d4a02caaa1-poster.jpg\" alt=\"\" class=\"brick-c-cFOWSL\" style=\"--brick-image-ratio: 200 \/ 200;\"\/><\/p>\n<p>Mange overser de nye skiltene i Brochs gate0:34<\/p>\n<p>    <\/a><\/p>\n<p>        Her er TILs nye signering, Morten Bj\u00f8rlo.<br \/>\n        P\u00e5 test i ettermiddag<\/p>\n<p>Bj\u00f8rlo skal gjennomg\u00e5 den obligatoriske medisinske testen tirsdag ettermiddag, f\u00f8r han kan skrive under p\u00e5 en tre\u00e5rskontrakt.\u00a0<\/p>\n<p>\u2013 Det er fint i Troms\u00f8, fin natur, s\u00e5 f\u00e5r vi se hva det blir til, sier han kort.\u00a0<\/p>\n<p>Bj\u00f8rlo br\u00f8t i juli sin kontrakt med den tyrkiske klubben Konyaspor.<\/p>\n<p>Ingen FFK-retur<\/p>\n<p>   <img decoding=\"async\" width=\"3382\" height=\"2254\" fetchpriority=\"low\"  loading=\"lazy\"  src=\"https:\/\/www.europesays.com\/no\/wp-content\/uploads\/2026\/09\/5_59_3285448 NTB_gtqCIpRcCN0.jpg\" alt=\"\" class=\"brick-c-cFOWSL\" style=\"--brick-image-ratio: 3382 \/ 2254;\"\/><\/p>\n<p>      Det ble ikke noe gjensyn med Joacim Heier for Morten Bj\u00f8rlo. Isteden velger han spill for Troms\u00f8.<br \/>\n      Foto: Thomas Andersen\n    <\/p>\n<p>N\u00e5 blir 30-\u00e5ringen TIL-spiller etter at FFK ogs\u00e5 skal ha v\u00e6rt interessert i \u00e5 hente tilbake sin tidligere juvel. .<\/p>\n<p>\u2013 Det stemmer. N\u00e5 er vi ikke helt enige enn\u00e5, s\u00e5 vi f\u00e5r ta resten p\u00e5 et senere tidspunkt, sier Bj\u00f8rlo til Nordlys.<\/p>\n<p>I Tyrkia spilte Bj\u00f8rlo 37 kamper og noterte seg for fire m\u00e5lgivende pasninger i S\u00fcper Lig.<\/p>\n<p>F\u00f8r han forlot Fredrikstad, s\u00e5 spilte Bj\u00f8rlo til sammen 70 kamper i Eliteserien \u2013 for HamKam, Rosenborg og Fredrikstad. P\u00e5 disse kampene noterte den nye TIL-spilleren seg for 14 m\u00e5l og 9 m\u00e5lgivende pasninger.<\/p>\n<p>Vegard Erlien er ogs\u00e5 brennaktuell for TIL.<\/p>\n<p>PS: Den 11. november kommer Bj\u00f8rlo og Troms\u00f8 p\u00e5 bes\u00f8k til Fredrikstad stadion for \u00e5 spille om seriepoeng.\u00a0<\/p>\n","protected":false},"excerpt":{"rendered":"\u2013 Det som har v\u00e6rt viktig for meg, hvis jeg skulle komme tilbake til Norge, var hvis jeg&hellip;\n","protected":false},"author":2,"featured_media":340576,"comment_status":"","ping_status":"","sticky":false,"template":"","format":"standard","meta":{"footnotes":"","_share_on_mastodon":"0"},"categories":[59],"tags":[36,513,92,26210,30,28,29,83,82,1510,263],"class_list":["post-340575","post","type-post","status-publish","format-standard","has-post-thumbnail","category-sport","tag-art","tag-ffk","tag-fotball","tag-morten-bjorlo","tag-no","tag-norge","tag-norway","tag-sport","tag-sports","tag-story","tag-tromso"],"share_on_mastodon":{"url":"https:\/\/pubeurope.com\/@no\/117197837271591423","error":""},"_links":{"self":[{"href":"https:\/\/www.europesays.com\/no\/wp-json\/wp\/v2\/posts\/340575","targetHints":{"allow":["GET"]}}],"collection":[{"href":"https:\/\/www.europesays.com\/no\/wp-json\/wp\/v2\/posts"}],"about":[{"href":"https:\/\/www.europesays.com\/no\/wp-json\/wp\/v2\/types\/post"}],"author":[{"embeddable":true,"href":"https:\/\/www.europesays.com\/no\/wp-json\/wp\/v2\/users\/2"}],"replies":[{"embeddable":true,"href":"https:\/\/www.europesays.com\/no\/wp-json\/wp\/v2\/comments?post=340575"}],"version-history":[{"count":0,"href":"https:\/\/www.europesays.com\/no\/wp-json\/wp\/v2\/posts\/340575\/revisions"}],"wp:featuredmedia":[{"embeddable":true,"href":"https:\/\/www.europesays.com\/no\/wp-json\/wp\/v2\/media\/340576"}],"wp:attachment":[{"href":"https:\/\/www.europesays.com\/no\/wp-json\/wp\/v2\/media?parent=340575"}],"wp:term":[{"taxonomy":"category","embeddable":true,"href":"https:\/\/www.europesays.com\/no\/wp-json\/wp\/v2\/categories?post=340575"},{"taxonomy":"post_tag","embeddable":true,"href":"https:\/\/www.europesays.com\/no\/wp-json\/wp\/v2\/tags?post=340575"}],"curies":[{"name":"wp","href":"https:\/\/api.w.org\/{rel}","templated":true}]}}