{"id":340603,"date":"2026-09-01T21:31:50","date_gmt":"2026-09-01T21:31:50","guid":{"rendered":"https:\/\/www.europesays.com\/no\/340603\/"},"modified":"2026-09-01T21:31:50","modified_gmt":"2026-09-01T21:31:50","slug":"debatt-politikk-en-nasjon-i-sorg-trenger-ikke-politisk-portforbud","status":"publish","type":"post","link":"https:\/\/www.europesays.com\/no\/340603\/","title":{"rendered":"Debatt, Politikk | En nasjon i sorg trenger ikke politisk portforbud"},"content":{"rendered":"<p class=\"vignette\">Kommentar<\/p>\n<p class=\"disclaimer\">Dette er en kommentar, skrevet av en redaksjonell medarbeider. Kommentaren gir uttrykk for skribentens holdninger.<\/p>\n<p>Regjeringen har fastsatt nasjonal s\u00f8rgeperiode. Stillheten har ligget over landet, helt siden Hans Majestet Kong Harald V d\u00f8de tidlig sist fredag. De eneste som sl\u00e5r med d\u00f8rene, er de som mener andre ikke er stille nok.<\/p>\n<p>Hans Majestet Kong Haakon VIII er statsoverhode for et s\u00f8rgende folk. Statsfinansierte NRK har formidlet sorgen minutt for minutt. NRK har til og med brukt penger p\u00e5 \u00e5 sp\u00f8rre folk hva de mener om monarkiet som styringsform mens sorgen har preget oss som mest. Vi har m\u00f8tt t\u00e5rev\u00e5te landsmenn og -kvinner b\u00e5de i tv-ruta og gatelangs. Til og med p\u00e5 sosiale medier er kongens folk forholdsvis lavm\u00e6lte. Tirsdagens prissjokk p\u00e5 drivstoffpumpene gjorde noe med stemningsbildet. De av oss som er grinete fordi Ap og H\u00f8yre ikke vil videref\u00f8re avgiftskuttet, f\u00e5r blemmer p\u00e5 ryggen av drivstoffselskaper som ikke bare dytter avgiftshoppet over p\u00e5 kunden, men som bruker anledningen til \u00e5 dra til med ei krone eller to til i avanse.<\/p>\n<p>  <a href=\"https:\/\/www.gd.no\/80-18-3039\" class=\"related-teaser has-image article--c-MkAkR\" rel=\"nofollow noopener\" target=\"_blank\"><\/p>\n<p>    <img decoding=\"async\" width=\"155\"  loading=\"lazy\"  src=\"https:\/\/www.europesays.com\/no\/wp-content\/uploads\/2026\/09\/EIA_5943.JPG\" alt=\"\" class=\"brick-c-cFOWSL\" style=\"\"\/><\/p>\n<p>\n            Les ogs\u00e5<\/p>\n<p>            Snaut et d\u00f8gn etter kongens d\u00f8d, valgte ministeren \u00e5 reise hit\n        <\/p>\n<p>  <\/a><\/p>\n<p>Likevel er vi er ganske s\u00e5 langt unna noe som kan kalles ufred i den fastsatte s\u00f8rgeperioden, som alts\u00e5 varer til etter begravelsen onsdag i neste uke.<\/p>\n<p>Landesorg betyr ikke at vi skal sove oss igjennom de neste dagene. Landesorg kan umulig bety at vi ikke skal snakke om alt det som betyr noe for folk, eller at politikere ikke kan delta i lavm\u00e6lte, politiske samtaler.\u00a0<\/p>\n<p>Jeg er ikke i stand til \u00e5 reagere p\u00e5 at Trygve Slagsvold Vedum forutsigbart deler med folk hva han mener om islendingenes holdning til EU-medlemskap. Heller ikke at landets utenriksminister opplever at det stadig vanskeligere \u00e5 st\u00e5 utenfor EU.\u00a0<\/p>\n<p>Jeg er helt blind for det problematiske ved at landbruksministeren sist l\u00f8rdag var i Sk\u00e5bu for \u00e5 snakke om forutsetningene for norsk matproduksjon, med folk som forsker p\u00e5 det, og med folk som st\u00e5r midt i det. Av alle steder i Sk\u00e5bu, et av f\u00e5 steder med himmelsk ro nok til at det ble et sted v\u00e5r avd\u00f8de monark stadig vendte tilbake til.\u00a0<\/p>\n<p>Kanskje er det mulig \u00e5 si at statsr\u00e5dens m\u00f8te og ordskifte med matprodusenter, forskere og andre var et brudd med retningslinjer som Arbeiderpartiet delte med andre partier fredag. I s\u00e5 fall ligger dumskapen i partiorganisasjonen, og hos dem som laget retningslinjene.\u00a0<\/p>\n<p>Til den eller de som har latt seg irritere og sp\u00f8r om landbruksministeren virkelig m\u00e5tte st\u00e5 p\u00e5 scenen i Sk\u00e5bu akkurat denne helgen, er svaret selvsagt at det m\u00e5tte han ikke. Statsr\u00e5den kunne helt sikkert funnet en annen \u00e5pning i kalenderen. Men det var denne dagen de hadde satt av, ogs\u00e5 de andre som var i Sk\u00e5bu denne helga. For mange av dem var det kanskje eneste muligheten mellom sl\u00e5tt og sauesanking. Det forsto landbruksministeren. Det forst\u00e5r, ikke uventet, ikke kritikerne.\u00a0<\/p>\n<p>  <a href=\"https:\/\/www.gd.no\/80-18-3126\" class=\"related-teaser has-image article--c-MkAkR\" rel=\"nofollow noopener\" target=\"_blank\"><\/p>\n<p>    <img decoding=\"async\" width=\"155\"  loading=\"lazy\"  src=\"https:\/\/www.europesays.com\/no\/wp-content\/uploads\/2026\/09\/4ecc4006-b1f9-431b-9e72-dc3cf8d62950.bin.jpeg\" alt=\"\" class=\"brick-c-cFOWSL\" style=\"\"\/><\/p>\n<p>\n            Les ogs\u00e5<\/p>\n<p>            Kongen d\u00f8de \u2013 m\u00e5tte statsr\u00e5den virkelig dra?\n        <\/p>\n<p>  <\/a><\/p>\n<p>Sorg er noe individuelt, og sorg er noe kollektivt. Regjeringen har lagt vekt p\u00e5 at arrangementer i den nasjonale s\u00f8rgeperioden har en verdig ramme, og at det markeres at landet er i sorg. Slik idretten har gjort det, slik det gj\u00f8res ute i kommunene, slik bedrifter gj\u00f8r det, og slik de gjorde det i Sk\u00e5bu.\u00a0<\/p>\n<p>En nasjon i sorg trenger ikke et politisk portforbud. Vi trenger heller ikke at andre politikere vurderer verdigheten i andres sorg, og slamrer med r\u00f8rene i ergrelse over at ogs\u00e5 de vanskelige dagene brukes lavm\u00e6lte samtaler mellom folk, mellom folk og folkevalgte, eller mellom fagfolk og politikere.<\/p>\n","protected":false},"excerpt":{"rendered":"Kommentar Dette er en kommentar, skrevet av en redaksjonell medarbeider. Kommentaren gir uttrykk for skribentens holdninger. Regjeringen har&hellip;\n","protected":false},"author":2,"featured_media":340604,"comment_status":"","ping_status":"","sticky":false,"template":"","format":"standard","meta":{"footnotes":"","_share_on_mastodon":"0"},"categories":[10],"tags":[36,20,21,37,24,25,15,6485,755,26100,22,23,13,30,28,29,14,1533,16,41,26,27],"class_list":["post-340603","post","type-post","status-publish","format-standard","has-post-thumbnail","category-norge","tag-art","tag-breaking-news","tag-breakingnews","tag-debatt","tag-featured-news","tag-featurednews","tag-headlines","tag-jostein-hernaes","tag-landbruk","tag-landesorg","tag-latest-news","tag-latestnews","tag-news","tag-no","tag-norge","tag-norway","tag-nyheter","tag-opinion","tag-overskrifter","tag-politikk","tag-top-stories","tag-topstories"],"share_on_mastodon":{"url":"https:\/\/pubeurope.com\/@no\/117197927018242573","error":""},"_links":{"self":[{"href":"https:\/\/www.europesays.com\/no\/wp-json\/wp\/v2\/posts\/340603","targetHints":{"allow":["GET"]}}],"collection":[{"href":"https:\/\/www.europesays.com\/no\/wp-json\/wp\/v2\/posts"}],"about":[{"href":"https:\/\/www.europesays.com\/no\/wp-json\/wp\/v2\/types\/post"}],"author":[{"embeddable":true,"href":"https:\/\/www.europesays.com\/no\/wp-json\/wp\/v2\/users\/2"}],"replies":[{"embeddable":true,"href":"https:\/\/www.europesays.com\/no\/wp-json\/wp\/v2\/comments?post=340603"}],"version-history":[{"count":0,"href":"https:\/\/www.europesays.com\/no\/wp-json\/wp\/v2\/posts\/340603\/revisions"}],"wp:featuredmedia":[{"embeddable":true,"href":"https:\/\/www.europesays.com\/no\/wp-json\/wp\/v2\/media\/340604"}],"wp:attachment":[{"href":"https:\/\/www.europesays.com\/no\/wp-json\/wp\/v2\/media?parent=340603"}],"wp:term":[{"taxonomy":"category","embeddable":true,"href":"https:\/\/www.europesays.com\/no\/wp-json\/wp\/v2\/categories?post=340603"},{"taxonomy":"post_tag","embeddable":true,"href":"https:\/\/www.europesays.com\/no\/wp-json\/wp\/v2\/tags?post=340603"}],"curies":[{"name":"wp","href":"https:\/\/api.w.org\/{rel}","templated":true}]}}