{"id":340609,"date":"2026-09-01T21:37:16","date_gmt":"2026-09-01T21:37:16","guid":{"rendered":"https:\/\/www.europesays.com\/no\/340609\/"},"modified":"2026-09-01T21:37:16","modified_gmt":"2026-09-01T21:37:16","slug":"thor-andreas-holberg-murtnes-hatlestad-lektor","status":"publish","type":"post","link":"https:\/\/www.europesays.com\/no\/340609\/","title":{"rendered":"Thor Andreas Holberg Murtnes-Hatlestad, Lektor"},"content":{"rendered":"\n<p>Idet lyset sl\u00e5s p\u00e5 i det store auditoriet, blir over 200 hvite seter synlige.\u00a0<\/p>\n<p>Det er tomt her da HA er p\u00e5 bes\u00f8k f\u00f8r studiestart. Thor Andreas Holberg Murtnes-Hatlestad (36) forbereder seg p\u00e5 at han snart skal st\u00e5 foran en fullsatt sal.<\/p>\n<p>\u2013 Det er en skrekkblandet fryd, sier han og ler.\u00a0<\/p>\n<p>   <img decoding=\"async\" width=\"6960\" height=\"4640\" fetchpriority=\"low\"  loading=\"lazy\"  src=\"https:\/\/www.europesays.com\/no\/wp-content\/uploads\/2026\/09\/0E8A3585.JPG\" alt=\"\" class=\"brick-c-cFOWSL\" style=\"--brick-image-ratio: 6960 \/ 4640;\"\/><\/p>\n<p>      Thor Andreas Holberg Murtnes-Hatlestad<br \/>\n      Foto: Emely Hansen\n    <\/p>\n<p>  Sier helst ja<\/p>\n<p>Han har selv sittet i salen her da han studerte digitale medier og design. Han brukte de siste \u00e5rene p\u00e5 \u00e5 g\u00e5 gradene som studentassistent p\u00e5 huset.\u00a0<\/p>\n<p>S\u00e5 s\u00f8kte han p\u00e5 en lektorjobb uten \u00e5 v\u00e6re utdannet lektor enn\u00e5.\u00a0<\/p>\n<p>Han s\u00f8kte i den tro at han ikke kom til \u00e5 f\u00e5 jobben, men valgte \u00e5 pr\u00f8ve likevel. Til hans store overraskelse endte han opp som innstilt nummer to.<\/p>\n<p>Kort tid etter dukket det opp en ny mulighet, og han klarte ikke \u00e5 si nei.\u00a0<\/p>\n<p>\u2013 Jeg vet egentlig ikke helt hvordan det \u00e5 si nei fungerer. Jeg liker godt \u00e5 si ja til nye ting.\u00a0<\/p>\n<p>   <img decoding=\"async\" width=\"4640\" height=\"6960\" fetchpriority=\"low\"  loading=\"lazy\"  src=\"https:\/\/www.europesays.com\/no\/wp-content\/uploads\/2026\/09\/0E8A3593.JPG\" alt=\"\" class=\"brick-c-cFOWSL\" style=\"--brick-image-ratio: 4640 \/ 6960;\"\/><\/p>\n<p>      Thor Andreas Holberg Murtnes-Hatlestad<br \/>\n      Foto: Emely Hansen\n    <\/p>\n<p>Siden han enn\u00e5 ikke er ferdig med masteren eller h\u00f8yskolepedagogikken, som han tar p\u00e5 si, titulerer han sp\u00f8kefullt seg selv som \u00abjukselektor\u00bb.\u00a0<\/p>\n<p>\u2013 Jeg m\u00e5 jo ha gjort noe riktig som f\u00e5r denne tilliten, sier han.\u00a0<\/p>\n<p>\u2013 Vil g\u00e5 p\u00e5 en smell <\/p>\n<p>Tre dager i uken skal Thor undervise i kreative IT-fag som webutvikling og grafisk design.\u00a0<\/p>\n<p>Spesielt sistnevnte gleder han seg mye til. Foto, video, lage logoer, fargeprofiler og utforme grafikk for nettsider er noe han selv interesserer seg mye for.\u00a0<\/p>\n<p>Han er ogs\u00e5 klar over at han skal undervise studenter som opplever en digital revolusjon der hvem som helst kan sparre seg fram til en fungerende kode og lage sin egen nettside uten hjelp fra utviklere.\u00a0<\/p>\n<p>Men if\u00f8lge den ferske lektoren er det en stor hake ved \u00e5 belage seg p\u00e5 utelukkende robothjelp.\u00a0<\/p>\n<p>\u2013 Tror du ikke AI tar over jobben for webutviklere og grafisk designere? <\/p>\n<p>\u2013 Hvis du ikke kan lese koden og vurdere om den faktisk er trygg eller gir mening, da er du ute og sykler, sier han.<\/p>\n<p>   <img decoding=\"async\" width=\"6960\" height=\"4640\" fetchpriority=\"low\"  loading=\"lazy\"  src=\"https:\/\/www.europesays.com\/no\/wp-content\/uploads\/2026\/09\/0E8A3589.JPG\" alt=\"\" class=\"brick-c-cFOWSL\" style=\"--brick-image-ratio: 6960 \/ 4640;\"\/><\/p>\n<p>      Thor Andreas Holberg Murtnes-Hatlestad<br \/>\n      Foto: Emely Hansen\n    <\/p>\n<p>Han peker p\u00e5 at problemet blir reelt n\u00e5r studentene senere skal ut i arbeidslivet og h\u00e5ndtere ekte, sensitive personopplysninger. Samtidig frykter han at de som bruker AI som en snarvei gjennom studiene, vil g\u00e5 p\u00e5 en smell.\u00a0<\/p>\n<p>\u2013 F\u00f8lelsen av \u00e5 ikke v\u00e6re best sitter s\u00e5 sterkt i mange at de velger AI som en utvei for \u00e5 late som om de kan det. Men s\u00e5 kommer du til eksamen uten hjelpemidler, og da f\u00e5r du komplett bakoversveis.\u00a0<\/p>\n<p>Ikke nok pondus enn\u00e5 <\/p>\n<p>Fra fristelsen om raske AI-snarveier er det kort vei til en annen digital utfordring.\u00a0<\/p>\n<p>Enkelte som underviser p\u00e5 h\u00f8yskoleniv\u00e5 g\u00e5r s\u00e5 drastisk til verks og forbyr mobilbruk fullstendig. Som Lars Dehli illustrerer her:<\/p>\n<p>Men her tar Thor det mer med ro.\u00a0<\/p>\n<p>   <img decoding=\"async\" width=\"6960\" height=\"4640\" fetchpriority=\"low\"  loading=\"lazy\"  src=\"https:\/\/www.europesays.com\/no\/wp-content\/uploads\/2026\/09\/0E8A3587.JPG\" alt=\"\" class=\"brick-c-cFOWSL\" style=\"--brick-image-ratio: 6960 \/ 4640;\"\/><\/p>\n<p>      Thor Andreas Holberg Murtnes-Hatlestad<br \/>\n      Foto: Emely Hansen\n    <\/p>\n<p>Han frykter ikke at mobilbruk vil plage ham mens han underviser. Han tror han kommer til \u00e5 v\u00e6re i sin egen boble og gj\u00f8re sin greie, men likevel legger han sp\u00f8kefullt til at irritasjonen kanskje kan melde seg med tiden.\u00a0<\/p>\n<p>\u2013 Kanskje n\u00e5r jeg f\u00e5r litt mer pondus som foreleser, s\u00e5 vil det v\u00e6re mer forstyrrende.\u00a0<\/p>\n<p>Han sier ogs\u00e5 at det trolig er mer plagsomt for medstudenter som pr\u00f8ver \u00e5 f\u00f8lge med p\u00e5 undervisningen, n\u00e5r andre skroller p\u00e5 mobilen.<\/p>\n<p>\u2013 Her m\u00e5 studentene ta ansvar for egen l\u00e6ring. Om noen vil bruke tiden til \u00e5 skrolle, m\u00e5 de f\u00e5 lov til det, selv om det f\u00f8rst og fremst g\u00e5r ut over dem selv. Men det skal s\u00e5 klart v\u00e6re en tydelig grense dersom det g\u00e5r utover fellesskapet.\u00a0<\/p>\n<p>P\u00e5 sp\u00f8rsm\u00e5l om det er noe han gruer seg til ved studiestart, er han \u00e6rlig.\u00a0<\/p>\n<p>\u2013 Jeg h\u00e5per jeg klarer \u00e5 forklare ting p\u00e5 en m\u00e5te som gj\u00f8r at alle forst\u00e5r det. De har jo alle ulike m\u00e5ter \u00e5 l\u00e6re p\u00e5, men jeg m\u00e5 bare hoppe ut av komfortsonen og kose meg.\u00a0<\/p>\n","protected":false},"excerpt":{"rendered":"Idet lyset sl\u00e5s p\u00e5 i det store auditoriet, blir over 200 hvite seter synlige.\u00a0 Det er tomt her&hellip;\n","protected":false},"author":2,"featured_media":340610,"comment_status":"","ping_status":"","sticky":false,"template":"","format":"standard","meta":{"footnotes":"","_share_on_mastodon":"0"},"categories":[56],"tags":[36,60,61,1839,26212,62,30,28,26213,29,26211],"class_list":["post-340609","post","type-post","status-publish","format-standard","has-post-thumbnail","category-naeringsliv","tag-art","tag-business","tag-economy","tag-feature","tag-lektor","tag-naeringsliv","tag-no","tag-norge","tag-norma","tag-norway","tag-thor-andreas-holberg-murtnes-hatlestad"],"share_on_mastodon":{"url":"https:\/\/pubeurope.com\/@no\/117197947130951293","error":""},"_links":{"self":[{"href":"https:\/\/www.europesays.com\/no\/wp-json\/wp\/v2\/posts\/340609","targetHints":{"allow":["GET"]}}],"collection":[{"href":"https:\/\/www.europesays.com\/no\/wp-json\/wp\/v2\/posts"}],"about":[{"href":"https:\/\/www.europesays.com\/no\/wp-json\/wp\/v2\/types\/post"}],"author":[{"embeddable":true,"href":"https:\/\/www.europesays.com\/no\/wp-json\/wp\/v2\/users\/2"}],"replies":[{"embeddable":true,"href":"https:\/\/www.europesays.com\/no\/wp-json\/wp\/v2\/comments?post=340609"}],"version-history":[{"count":0,"href":"https:\/\/www.europesays.com\/no\/wp-json\/wp\/v2\/posts\/340609\/revisions"}],"wp:featuredmedia":[{"embeddable":true,"href":"https:\/\/www.europesays.com\/no\/wp-json\/wp\/v2\/media\/340610"}],"wp:attachment":[{"href":"https:\/\/www.europesays.com\/no\/wp-json\/wp\/v2\/media?parent=340609"}],"wp:term":[{"taxonomy":"category","embeddable":true,"href":"https:\/\/www.europesays.com\/no\/wp-json\/wp\/v2\/categories?post=340609"},{"taxonomy":"post_tag","embeddable":true,"href":"https:\/\/www.europesays.com\/no\/wp-json\/wp\/v2\/tags?post=340609"}],"curies":[{"name":"wp","href":"https:\/\/api.w.org\/{rel}","templated":true}]}}