{"id":340665,"date":"2026-09-01T22:25:20","date_gmt":"2026-09-01T22:25:20","guid":{"rendered":"https:\/\/www.europesays.com\/no\/340665\/"},"modified":"2026-09-01T22:25:20","modified_gmt":"2026-09-01T22:25:20","slug":"leder-vg-om-aftenposten-leder-dette-er-for-dumt","status":"publish","type":"post","link":"https:\/\/www.europesays.com\/no\/340665\/","title":{"rendered":"Leder: VG om Aftenposten-leder: Dette er for dumt"},"content":{"rendered":"\n<p class=\"_prefix_nfjwc_1 layout-padded\">Meninger<br \/>Leder<\/p>\n<p class=\"_lead_145nj_2 _lead_6fko5_53 layout-component text-serif-m layout-normal text-serif-l _lead_13cug_13 layout-component layout-normal layout-padded layout-padded\">Det er greit \u00e5 v\u00e6re skuffet over resultatet p\u00e5 Island, men Trygve Slagsvold Vedum er ikke Putin eller Trump. <\/p>\n<p><img alt=\" Foto: G\u00f8ran Bohlin \/ VG\" class=\"_image_jw3bv_65 layout-component layout-wide\" data-fullscreen- data-track-element-type=\"Article image fullscreen\" data-track-name=\"ImageFullscreen\" fetchpriority=\"high\" decoding=\"sync\" loading=\"eager\" height=\"5504\" itemprop=\"image\"  src=\"https:\/\/www.europesays.com\/no\/wp-content\/uploads\/2026\/09\/6243e81d-b2e5-3a36-94cf-8c0a85bad7f4.jpeg\"  style=\"object-position:0% 0%\" width=\"8256\"\/> Foto: G\u00f8ran Bohlin \/ VGTirsdag 1. september kl. 10:44     <\/p>\n<p class=\"_paragraph_145nj_4 _paragraph_6fko5_10 layout-component text-serif-m layout-normal text-serif-m layout-padded\">\u00c5, kom igjen, Aftenposten! <\/p>\n<p class=\"_paragraph_145nj_4 _paragraph_6fko5_10 layout-component text-serif-m layout-normal text-serif-m layout-padded\">Vi er enig med dere i at <a href=\"https:\/\/www.vg.no\/nyheter\/i\/d4pyAO\/islendingene-sa-nei-til-eu-vedum-jubler-barth-eide-advarer\" data-track-element-type=\"Link\" data-track-id=\"link:d4pyAO\" class=\"_link_145nj_39\" rel=\"nofollow noopener\" target=\"_blank\">resultatet i folkeavstemningen<\/a> p\u00e5 Island er skuffende, b\u00e5de for Island og for <a href=\"https:\/\/www.vg.no\/tag\/eu?utm_source=vg-article&amp;utm_medium=auto-tagger&amp;utm_campaign=wrX61A\" class=\"_link_145nj_39\" rel=\"nofollow noopener\" target=\"_blank\">EU<\/a>. Kanskje ogs\u00e5 for Norge. <\/p>\n<p class=\"_paragraph_145nj_4 _paragraph_6fko5_10 layout-component text-serif-m layout-normal text-serif-m layout-padded\">Men n\u00e5r <a href=\"https:\/\/www.aftenposten.no\/meninger\/leder\/i\/k0bABX\/eu-avstemning-paa-island-nedslaaende-beskjed-for-eu\" class=\"_link_145nj_39\" rel=\"nofollow noopener\" target=\"_blank\">avisen p\u00e5 lederplass<\/a> sl\u00e5r det norske Senterpartiet i hartkorn med Nigel Farage, Marine Le Pen, Donald Trump, Vladimir Putin og Xi Jinping, g\u00e5r det aldeles over stokk og stein.<\/p>\n<p class=\"_paragraph_145nj_4 _paragraph_6fko5_10 layout-component text-serif-m layout-normal text-serif-m layout-padded\">Det er alltid fristende \u00e5 bruke s\u00e5kalt \u00abguilt by association\u00bb (p\u00e5 norsk: tilknytningsskyld) for \u00e5 score politiske poenger. Men det som fremst\u00e5r lurt i eget hode er ikke alltid like lurt n\u00e5r det eksponeres for et stort publikum. <\/p>\n<p class=\"_paragraph_145nj_4 _paragraph_6fko5_10 layout-component text-serif-m layout-normal text-serif-m layout-padded\">Ja, Senterpartiet har til felles med h\u00f8yrepopulistene Nigel Farage og Marine Le Pen at de er sterkt mot EU, og alle gratulerte de islendingene med neiet. Men norsk EU-motstand er ikke den samme som britisk eller fransk. <\/p>\n<p><img alt=\"Foto: Skjermdump, Aftenposten\" class=\"_image_jw3bv_65 layout-component layout-normal\" data-fullscreen- data-track-element-type=\"Article image fullscreen\" data-track-name=\"ImageFullscreen\" decoding=\"async\" loading=\"lazy\" height=\"1180\" itemprop=\"image\"  src=\"https:\/\/www.europesays.com\/no\/wp-content\/uploads\/2026\/09\/4f2c5ec7-c3d8-3eba-997f-acba9b3c1aad.png\"  style=\"object-position:0% 0%\" width=\"1311\"\/>Foto: Skjermdump, Aftenposten<\/p>\n<p class=\"_paragraph_145nj_4 _paragraph_6fko5_10 layout-component text-serif-m layout-normal text-serif-m layout-padded\">Hver nasjon har sine grunner og sine argumenter for \u00e5 v\u00e6re skeptiske til medlemskap i EU. <\/p>\n<p class=\"_paragraph_145nj_4 _paragraph_6fko5_10 layout-component text-serif-m layout-normal text-serif-m layout-padded\">Det er mye \u00e5 si om norsk neiside, men verken Sp, Frp, KrF, store deler av Ap og partiene til venstre for dem er meningsfeller med Trump-kompisen Farage eller det ytterligg\u00e5ende Le Pen-dynastiet i Frankrike.  <\/p>\n<p class=\"_paragraph_145nj_4 _paragraph_6fko5_10 layout-component text-serif-m layout-normal text-serif-m layout-padded\">N\u00e5r Aftenposten i tillegg koker inn Trump, Putin og Xi i samme argumentasjonssuppen, s\u00e5 blir smaken mildt sagt emmen. <\/p>\n<p class=\"_paragraph_145nj_4 _paragraph_6fko5_10 layout-component text-serif-m layout-normal text-serif-m layout-padded\">Dessuten er denne m\u00e5ten \u00e5 \u00abta\u00bb EU-motstandere p\u00e5 direkte kontraproduktiv. <\/p>\n<p class=\"_paragraph_145nj_4 _paragraph_6fko5_10 layout-component text-serif-m layout-normal text-serif-m layout-padded\">Vi er i likhet med Aftenposten for norsk medlemskap i EU. Men den ambisjonen kan kun realiseres gjennom en faktabasert og seri\u00f8s debatt, der ogs\u00e5 motargumentene tas p\u00e5 alvor. <\/p>\n<p><img alt=\"VANT FREM: Et lite flertall p\u00e5 Island stemte s\u00f8ndag nei til \u00e5 gjenoppta forhandlingene om et EU-medlemskap.  Foto: Marco Di Marco \/ AP \/ NTB\" class=\"_image_jw3bv_65 layout-component layout-normal\" data-fullscreen- data-track-element-type=\"Article image fullscreen\" data-track-name=\"ImageFullscreen\" decoding=\"async\" loading=\"lazy\" height=\"4195\" itemprop=\"image\"  src=\"https:\/\/www.europesays.com\/no\/wp-content\/uploads\/2026\/09\/2534c72d-e536-306e-a957-232cfbdbac8f.jpeg\"  style=\"object-position:0% 0%\" width=\"6293\"\/>VANT FREM: Et lite flertall p\u00e5 Island stemte s\u00f8ndag nei til \u00e5 gjenoppta forhandlingene om et EU-medlemskap.  Foto: Marco Di Marco \/ AP \/ NTB<\/p>\n<p class=\"_paragraph_145nj_4 _paragraph_6fko5_10 layout-component text-serif-m layout-normal text-serif-m layout-padded\">Slik verden n\u00e5 fremst\u00e5r, er det viktigere enn noensinne for Norge \u00e5 diskutere forholdet til Europa, og til v\u00e5re n\u00e6rmeste naboland, som alle er med i EU. <\/p>\n<p class=\"_paragraph_145nj_4 _paragraph_6fko5_10 layout-component text-serif-m layout-normal text-serif-m layout-padded\">I Brussel handler n\u00e5 \u00abalt\u00bb om sikkerhets- og geopolitikk, ikke minst etter at USA er blitt en langt mer uforutsigbar alliert. <\/p>\n<p class=\"_paragraph_145nj_4 _paragraph_6fko5_10 layout-component text-serif-m layout-normal text-serif-m layout-padded\">Det m\u00e5 vi som et utsatt land p\u00e5 nordflanken ta p\u00e5 ramme alvor. E\u00d8S-avtalens begrensninger blir ogs\u00e5 stadig mer synlige. Det m\u00e5 belyses, og diskuteres, p\u00e5 skikkelig vis. <\/p>\n<p class=\"_paragraph_145nj_4 _paragraph_6fko5_10 layout-component text-serif-m layout-normal text-serif-m layout-padded\">Derfor m\u00e5 ikke EU-debatten falle ned p\u00e5 det tidvis pinlige niv\u00e5et fra 1994, da vi sist hadde folkeavstemning om norsk medlemskap. <\/p>\n<p><img alt=\"BRITISK NEI-GENERAL: Partileder Nigel Farage i partiet Reform UK.  Foto: Joe Giddens \/ Pa Photos \/ NTB\" class=\"_image_jw3bv_65 layout-component layout-normal\" data-fullscreen- data-track-element-type=\"Article image fullscreen\" data-track-name=\"ImageFullscreen\" decoding=\"async\" loading=\"lazy\" height=\"4000\" itemprop=\"image\"  src=\"https:\/\/www.europesays.com\/no\/wp-content\/uploads\/2026\/09\/b3c163cf-7d08-3c68-a813-a7be9d3b8c2d.jpeg\"  style=\"object-position:0% 0%\" width=\"6000\"\/>BRITISK NEI-GENERAL: Partileder Nigel Farage i partiet Reform UK.  Foto: Joe Giddens \/ Pa Photos \/ NTB<\/p>\n<p class=\"_paragraph_145nj_4 _paragraph_6fko5_10 layout-component text-serif-m layout-normal text-serif-m layout-padded\">Den gangen skjelte ja- og neisiden ut hverandre etter noter, og begge mante frem katastrofescenarioer hvis den andre siden gikk seirende ut av bataljen. <\/p>\n<p class=\"_paragraph_145nj_4 _paragraph_6fko5_10 layout-component text-serif-m layout-normal text-serif-m layout-padded\">Norges forhold til EU er et dypt seri\u00f8st sp\u00f8rsm\u00e5l. <\/p>\n<p class=\"_paragraph_145nj_4 _paragraph_6fko5_10 layout-component text-serif-m layout-normal text-serif-m layout-padded\">Fl\u00e5serier og tankefeil av typen \u00abfordi han sier det samme som henne\u00bb bidrar kun til at vi havner i samme skyttergravskrigen som sist \u2013 noe egentlig ingen \u00f8nsker. <\/p>\n<p>   Dette er en leder. Lederen gir uttrykk for VGs holdning. Lederartiklene legger ikke f\u00f8ringer for v\u00e5r nyhetsdekning. <\/p>\n","protected":false},"excerpt":{"rendered":"MeningerLeder Det er greit \u00e5 v\u00e6re skuffet over resultatet p\u00e5 Island, men Trygve Slagsvold Vedum er ikke Putin&hellip;\n","protected":false},"author":2,"featured_media":340666,"comment_status":"","ping_status":"","sticky":false,"template":"","format":"standard","meta":{"footnotes":"","_share_on_mastodon":"0"},"categories":[10],"tags":[20,21,279,24,25,15,7452,22,23,15621,13,4128,30,28,29,14,16,26,27],"class_list":["post-340665","post","type-post","status-publish","format-standard","has-post-thumbnail","category-norge","tag-breaking-news","tag-breakingnews","tag-eu","tag-featured-news","tag-featurednews","tag-headlines","tag-island","tag-latest-news","tag-latestnews","tag-marine-le-pen","tag-news","tag-nigel-farage","tag-no","tag-norge","tag-norway","tag-nyheter","tag-overskrifter","tag-top-stories","tag-topstories"],"share_on_mastodon":{"url":"https:\/\/pubeurope.com\/@no\/117198136019374605","error":""},"_links":{"self":[{"href":"https:\/\/www.europesays.com\/no\/wp-json\/wp\/v2\/posts\/340665","targetHints":{"allow":["GET"]}}],"collection":[{"href":"https:\/\/www.europesays.com\/no\/wp-json\/wp\/v2\/posts"}],"about":[{"href":"https:\/\/www.europesays.com\/no\/wp-json\/wp\/v2\/types\/post"}],"author":[{"embeddable":true,"href":"https:\/\/www.europesays.com\/no\/wp-json\/wp\/v2\/users\/2"}],"replies":[{"embeddable":true,"href":"https:\/\/www.europesays.com\/no\/wp-json\/wp\/v2\/comments?post=340665"}],"version-history":[{"count":0,"href":"https:\/\/www.europesays.com\/no\/wp-json\/wp\/v2\/posts\/340665\/revisions"}],"wp:featuredmedia":[{"embeddable":true,"href":"https:\/\/www.europesays.com\/no\/wp-json\/wp\/v2\/media\/340666"}],"wp:attachment":[{"href":"https:\/\/www.europesays.com\/no\/wp-json\/wp\/v2\/media?parent=340665"}],"wp:term":[{"taxonomy":"category","embeddable":true,"href":"https:\/\/www.europesays.com\/no\/wp-json\/wp\/v2\/categories?post=340665"},{"taxonomy":"post_tag","embeddable":true,"href":"https:\/\/www.europesays.com\/no\/wp-json\/wp\/v2\/tags?post=340665"}],"curies":[{"name":"wp","href":"https:\/\/api.w.org\/{rel}","templated":true}]}}