{"id":340743,"date":"2026-09-02T00:01:54","date_gmt":"2026-09-02T00:01:54","guid":{"rendered":"https:\/\/www.europesays.com\/no\/340743\/"},"modified":"2026-09-02T00:01:54","modified_gmt":"2026-09-02T00:01:54","slug":"kraft-nve-magasinene-tommes-nve-griper-inn-mot-kraftprodusentene","status":"publish","type":"post","link":"https:\/\/www.europesays.com\/no\/340743\/","title":{"rendered":"Kraft, NVE | Magasinene t\u00f8mmes: NVE griper inn mot kraftprodusentene"},"content":{"rendered":"\n<p>(Nettavisen) N\u00e5 er det offisielt: NVE har bestemt seg for \u00e5 ta f\u00f8rste skritt for \u00e5 gripe inn i str\u00f8msituasjonen i Norge.\u00a0<\/p>\n<p>Det innf\u00f8res n\u00e5 en rapporteringsplikt for kraftprodusenter, som \u00abhar til hensikt \u00e5 gi Statnett, NVE og Energidepartementet grunnlag for l\u00f8pende vurdering av kraftsituasjonen og eventuelt behov for ytterligere tiltak\u00bb<\/p>\n<p>Det kommer dagen etter at nye tall viser at vannkraftmagasinene t\u00f8mmes videre og eksporten har fortsatt.<\/p>\n<p><b>Les ogs\u00e5: <\/b><\/p>\n<p>   <img decoding=\"async\" width=\"868\" height=\"603\" fetchpriority=\"low\"  loading=\"lazy\"  src=\"https:\/\/www.europesays.com\/no\/wp-content\/uploads\/2026\/09\/nve-34.jpg\" alt=\"\" class=\"brick-c-cFOWSL\" style=\"--brick-image-ratio: 868 \/ 603;\"\/><\/p>\n<p>      Det er historisk lite vann i vannkraftmagasinene i Midt- og S\u00f8r-Norge.<\/p>\n<p>  Usikker p\u00e5 hvor god importmulighet vi faktisk har<\/p>\n<p>Ekspertenes vurdering har hele tiden v\u00e6rt at den historisk lave vannstanden i norske magasiner ikke er noen krise, fordi Norge har importmuligheter.<\/p>\n<p>Men NVE er usikker p\u00e5 hvor gode de mulighetene faktisk er, og ser s\u00e6rlig at situasjonen i Midt-Norge kan bli utfordrende:<\/p>\n<p><b>\u2013 Mer fornybar kraftproduksjon og endringer i kraftmarkedet gj\u00f8r at produsentene m\u00e5 forholde seg til nye problemstillinger i planleggingen. Det kan gj\u00f8re det mer krevende \u00e5 forutse hvilke importmuligheter som faktisk vil v\u00e6re tilgjengelige for Midt-Norge i enkelte tilfeller. <\/b><\/p>\n<p>Kraftprodustenten m\u00e5 n\u00e5 rapporterer detaljer om deres analyser til Statnett.<\/p>\n<p>\u2013 Vi varsler n\u00e5 at det vil bli innf\u00f8rt en rapporteringsordning for kraftprodusenter i Midt-Norge. Det gj\u00f8r det mulig for oss \u00e5 f\u00f8lge situasjonen tettere frem mot neste v\u00e5r, sier Inga Nordberg, direkt\u00f8r for energi- og konsesjonsavdelingen i NVE.\u00a0<\/p>\n<p>Midt-Norge er s\u00e5rbart fordi det m\u00e5 importere kraft for \u00e5 f\u00e5 dekket str\u00f8mbehovet.<\/p>\n<p>\u2013 Til tross for at situasjonen har bedret seg gjennom sommeren er magasinfyllingen i prisomr\u00e5det NO3 fortsatt lavere enn normalt for \u00e5rstiden. Vi er ikke bekymret for forsyningssikkerheten n\u00e5, men det er viktig for oss \u00e5 ha god informasjon til \u00e5 vurdere utviklingen i kraftsituasjonen frem mot v\u00e5ren, sier Nordberg.\u00a0<\/p>\n<p>Kan gripe inn andre steder ogs\u00e5<\/p>\n<p>Mengden vann p\u00e5 lager er ogs\u00e5 sv\u00e6rt knapp lenger s\u00f8r, og NVE varsler at det kan bli aktuelt \u00e5 gj\u00f8re noe lignende i andre prisom\u00e5rder:<\/p>\n<p>\u2013 Fyllingsgraden er lav for \u00e5rstiden ogs\u00e5 i de andre prisomr\u00e5dene i det s\u00f8rlige Norge. Det er ogs\u00e5 en del usikkerhet internasjonalt. Det er viktig at kraftprodusentene tar inn over seg dette n\u00e5r de disponerer vannet i magasinene utover h\u00f8sten og vinteren. Hvis situasjonen tilsier det, vil vi innf\u00f8re rapporteringsordning ogs\u00e5 i andre prisomr\u00e5der, sier Nordberg.\u00a0<\/p>\n<p>\u2013 Kraftprodusentene m\u00e5 ta h\u00f8yde for b\u00e5de usikre importmuligheter og usikre v\u00e6r- og tilsigforhold n\u00e5r de planlegger produksjonen. Dersom vi g\u00e5r inn i vinteren med mindre vann enn normalt, blir det ekstra viktig at de tilgjengelige vannressursene forvaltes riktig. Gjennom rapporteringsordningen f\u00e5r vi bedre oversikt i hvorvidt disse hensynene og forsyningssikkerheten blir ivaretatt, sier Nordberg.\u00a0<\/p>\n<p>Ble tatt p\u00e5 senga av lite sn\u00f8 i vinter<\/p>\n<p>Situasjonen med lite vann i norske magasiner kommer \u00e5ret etter at Norge satt historisk eksportrekord i fjor.<\/p>\n<p><b>Det ble i fjor netto eksportert n\u00e6r 23 TWh str\u00f8m. Situasjonen n\u00e5 er at underskuddet i Midt- og S\u00f8r-Norge er 17 TWh.<\/b><\/p>\n<p>Mange har satt de to tallene i direkte sammenheng.<\/p>\n<p>Kraftprodustenen er derimot ikke enig i den direkte sammenehengen. De viser til at ja, det ble eksportert mye i 2025, men man brukte ikke fjor\u00e5ret p\u00e5 \u00e5 t\u00f8mme magasinene: En hadde derimot mye p\u00e5 lager som man kunne selge.<\/p>\n<p>   <img decoding=\"async\" width=\"857\" height=\"320\" fetchpriority=\"low\"  loading=\"lazy\"  src=\"https:\/\/www.europesays.com\/no\/wp-content\/uploads\/2026\/09\/hydrologisk-25-26.jpg\" alt=\"\" class=\"brick-c-cFOWSL\" style=\"--brick-image-ratio: 857 \/ 320;\"\/><\/p>\n<p>      Grafen viser utviklingen i \u00abstr\u00f8m p\u00e5 lager\u00bb i Midt- og S\u00f8r-Norge.<\/p>\n<p>Ser man p\u00e5 tallene, gikk Norge inn i vinteren med magasinfylling var lavere enn normalt gjennomsnittet, men avviket fra normalen var bare 3 TWh i m\u00e5nedsskiftet september\/oktober.\u00a0<\/p>\n<p><b>Men rett rundt nytt\u00e5r stopper det n\u00e6rmest \u00e5 falle sn\u00f8: Fra uke 51 til uke 8 \u00f8ker underskuddet 4,5 til 26,5 TWh sammenlignet med normalen.<\/b><\/p>\n<p>Og siden den gangen har Norge slitt med det som er historisk lite str\u00f8m p\u00e5 lager.<\/p>\n","protected":false},"excerpt":{"rendered":"(Nettavisen) N\u00e5 er det offisielt: NVE har bestemt seg for \u00e5 ta f\u00f8rste skritt for \u00e5 gripe inn&hellip;\n","protected":false},"author":2,"featured_media":340744,"comment_status":"","ping_status":"","sticky":false,"template":"","format":"standard","meta":{"footnotes":"","_share_on_mastodon":"0"},"categories":[10],"tags":[36,20,21,24,25,15,2276,22,23,26223,13,30,28,29,954,14,16,1510,26,27],"class_list":["post-340743","post","type-post","status-publish","format-standard","has-post-thumbnail","category-norge","tag-art","tag-breaking-news","tag-breakingnews","tag-featured-news","tag-featurednews","tag-headlines","tag-kraft","tag-latest-news","tag-latestnews","tag-magasinene","tag-news","tag-no","tag-norge","tag-norway","tag-nve","tag-nyheter","tag-overskrifter","tag-story","tag-top-stories","tag-topstories"],"share_on_mastodon":{"url":"https:\/\/pubeurope.com\/@no\/117198517102516189","error":""},"_links":{"self":[{"href":"https:\/\/www.europesays.com\/no\/wp-json\/wp\/v2\/posts\/340743","targetHints":{"allow":["GET"]}}],"collection":[{"href":"https:\/\/www.europesays.com\/no\/wp-json\/wp\/v2\/posts"}],"about":[{"href":"https:\/\/www.europesays.com\/no\/wp-json\/wp\/v2\/types\/post"}],"author":[{"embeddable":true,"href":"https:\/\/www.europesays.com\/no\/wp-json\/wp\/v2\/users\/2"}],"replies":[{"embeddable":true,"href":"https:\/\/www.europesays.com\/no\/wp-json\/wp\/v2\/comments?post=340743"}],"version-history":[{"count":0,"href":"https:\/\/www.europesays.com\/no\/wp-json\/wp\/v2\/posts\/340743\/revisions"}],"wp:featuredmedia":[{"embeddable":true,"href":"https:\/\/www.europesays.com\/no\/wp-json\/wp\/v2\/media\/340744"}],"wp:attachment":[{"href":"https:\/\/www.europesays.com\/no\/wp-json\/wp\/v2\/media?parent=340743"}],"wp:term":[{"taxonomy":"category","embeddable":true,"href":"https:\/\/www.europesays.com\/no\/wp-json\/wp\/v2\/categories?post=340743"},{"taxonomy":"post_tag","embeddable":true,"href":"https:\/\/www.europesays.com\/no\/wp-json\/wp\/v2\/tags?post=340743"}],"curies":[{"name":"wp","href":"https:\/\/api.w.org\/{rel}","templated":true}]}}