{"id":340769,"date":"2026-09-02T00:39:25","date_gmt":"2026-09-02T00:39:25","guid":{"rendered":"https:\/\/www.europesays.com\/no\/340769\/"},"modified":"2026-09-02T00:39:25","modified_gmt":"2026-09-02T00:39:25","slug":"dette-er-en-advarsel-europa-ma-ta-alvorlig","status":"publish","type":"post","link":"https:\/\/www.europesays.com\/no\/340769\/","title":{"rendered":"\u2013 Dette er en advarsel Europa m\u00e5 ta alvorlig"},"content":{"rendered":"<p class=\"subtitle \" style=\"\">Ytre h\u00f8yre-kreftene i Europa jubler over Islands nei i EU-valget. Men i Brussel r\u00e5r skuffelsen.<\/p>\n<p>\n    EU-president Antonio Costa hadde h\u00e5pet \u00e5 f\u00e5 Island og statsminister Kristrun Frostadottir om bord. Men slik gikk det alts\u00e5 ikke. Foto: AP \/ NTB\n  <\/p>\n<p>\u2013 Beskjeden er tydelig: EU inspirerer ikke folk lenger, oppsummerer EU-parlamentarikeren Saskia Bricmont fra partigruppa De Gr\u00f8nne if\u00f8lge nyhetsbyr\u00e5et AFP.<\/p>\n<p>Sandro Gozi fra den liberale partigruppa Renew g\u00e5r lenger.<\/p>\n<p>\u2013 Dette er en advarsel Europa m\u00e5 ta alvorlig, sier han.<\/p>\n<p>        <img loading=\"lazy\" decoding=\"async\" src=\"https:\/\/www.europesays.com\/no\/wp-content\/uploads\/2026\/09\/85087931.webp\" width=\"667\" height=\"461\" alt=\"\" class=\"\" style=\"--aspect-ratio-image: 1.45; \"\/><\/p>\n<p>\n        Sandro Gozi fra den liberale partigruppa Renew. Foto: Ludovic Marin \/ AFP \/ NTB\n    <\/p>\n<p>Fj\u00e6r i hatten\t<\/p>\n<p>L\u00f8rdagens folkeavstemning om Island skulle gjenoppta sin s\u00f8knad om EU-medlemskap, endte som kjent med at nesten 53 prosent stemte nei.<\/p>\n<p>EU var varsom med \u00e5 blande seg inn i valget, men i Brussel ble avstemningen fulgt med argus\u00f8yne. EU sl\u00e5ss nemlig for \u00e5 styrke sin posisjon p\u00e5 verdensscenen. \u00c5 f\u00e5 Island p\u00e5 laget ville gitt unionen st\u00f8rre geopolitisk tyngde.<\/p>\n<p>Dessuten er Island strategisk plassert i nordomr\u00e5dene, som i lys av den urolige verdenssituasjonen er blitt stadig viktigere.<\/p>\n<p>Kort fortalt ville det at et velst\u00e5ende vestlig land banket p\u00e5 EUs d\u00f8r, v\u00e6re en fj\u00e6r i hatten.<\/p>\n<p>    <a itemprop=\"url\" href=\"https:\/\/sol.no\/nyheter\/torke-avslorte-rystende-funn\/85087097\" rel=\"nofollow noopener\" target=\"_blank\"><\/p>\n<p>        <img loading=\"lazy\" decoding=\"async\" src=\"https:\/\/www.europesays.com\/no\/wp-content\/uploads\/2026\/09\/85087589.webp\" width=\"180\" height=\"81\" alt=\"\" class=\"lazyload\" style=\"--aspect-ratio-image: 2.22; \"\/><\/p>\n<p>        T\u00f8rke avsl\u00f8rte rystende funn<\/p>\n<p>sol.no<\/p>\n<p>    <\/a><\/p>\n<p>Jubel hos ytre h\u00f8yre\t<\/p>\n<p>EU-skeptikerne i Europa var ikke sene om \u00e5 juble over l\u00f8rdagens resultat.<\/p>\n<p>Reform UK-leder og brexit-konge Nigel Farage i Storbritannia var raskt ute med \u00e5 gratulere islendingene med \u00e5 ha stemt for \u00e5 bevare sin uavhengighet.<\/p>\n<p>Det samme gjorde lederen for det franske ytre h\u00f8yre-partiet Nasjonal samling, Marine Le Pen.<\/p>\n<p>\u2013 Folket p\u00e5 Island har vist en selvsagt sannhet, at EU-medlemskap ikke er i horisonten for alle europeiske demokratier. Dette valget viser oss at et annet Europa er mulig, skriver hun p\u00e5\u00a0<a href=\"https:\/\/x.com\/MLP_officiel\/status\/2094009893015400892?s=20\" target=\"_blank\" rel=\"nofollow\">X<\/a>.<\/p>\n<p>        <img loading=\"lazy\" decoding=\"async\" src=\"https:\/\/www.europesays.com\/no\/wp-content\/uploads\/2026\/09\/85087929.webp\" width=\"688\" height=\"393\" alt=\"\" class=\"\" style=\"--aspect-ratio-image: 1.75; \"\/><\/p>\n<p>\n        L\u00f8rdag sa islendingene nei til \u00e5 gjenoppta s\u00f8knaden om EU-medlemskap. Foto: AP \/ NTB\n    <\/p>\n<p>N\u00e6r partner\t<\/p>\n<p>EU-president Antonio Costa holdt maska da han s\u00f8ndag framholdt at han \u00abfullt ut respekterer\u00bb Islands demokratiske valg.<\/p>\n<p>Overfor Islands statsminister Kristrun Frostadottir understreket han at EU respekterer islendingenes valg, og at Island fortsatt vil v\u00e6re en av EUs n\u00e6rmeste og mest betrodde partnere gjennom E\u00d8S-avtalen, if\u00f8lge en talsperson.<\/p>\n","protected":false},"excerpt":{"rendered":"Ytre h\u00f8yre-kreftene i Europa jubler over Islands nei i EU-valget. Men i Brussel r\u00e5r skuffelsen. EU-president Antonio Costa&hellip;\n","protected":false},"author":2,"featured_media":340770,"comment_status":"","ping_status":"","sticky":false,"template":"","format":"standard","meta":{"footnotes":"","_share_on_mastodon":"0"},"categories":[10],"tags":[20,21,279,24,25,15,7452,22,23,13,30,28,29,14,16,41,26,27],"class_list":["post-340769","post","type-post","status-publish","format-standard","has-post-thumbnail","category-norge","tag-breaking-news","tag-breakingnews","tag-eu","tag-featured-news","tag-featurednews","tag-headlines","tag-island","tag-latest-news","tag-latestnews","tag-news","tag-no","tag-norge","tag-norway","tag-nyheter","tag-overskrifter","tag-politikk","tag-top-stories","tag-topstories"],"share_on_mastodon":{"url":"https:\/\/pubeurope.com\/@no\/117198662592814639","error":""},"_links":{"self":[{"href":"https:\/\/www.europesays.com\/no\/wp-json\/wp\/v2\/posts\/340769","targetHints":{"allow":["GET"]}}],"collection":[{"href":"https:\/\/www.europesays.com\/no\/wp-json\/wp\/v2\/posts"}],"about":[{"href":"https:\/\/www.europesays.com\/no\/wp-json\/wp\/v2\/types\/post"}],"author":[{"embeddable":true,"href":"https:\/\/www.europesays.com\/no\/wp-json\/wp\/v2\/users\/2"}],"replies":[{"embeddable":true,"href":"https:\/\/www.europesays.com\/no\/wp-json\/wp\/v2\/comments?post=340769"}],"version-history":[{"count":0,"href":"https:\/\/www.europesays.com\/no\/wp-json\/wp\/v2\/posts\/340769\/revisions"}],"wp:featuredmedia":[{"embeddable":true,"href":"https:\/\/www.europesays.com\/no\/wp-json\/wp\/v2\/media\/340770"}],"wp:attachment":[{"href":"https:\/\/www.europesays.com\/no\/wp-json\/wp\/v2\/media?parent=340769"}],"wp:term":[{"taxonomy":"category","embeddable":true,"href":"https:\/\/www.europesays.com\/no\/wp-json\/wp\/v2\/categories?post=340769"},{"taxonomy":"post_tag","embeddable":true,"href":"https:\/\/www.europesays.com\/no\/wp-json\/wp\/v2\/tags?post=340769"}],"curies":[{"name":"wp","href":"https:\/\/api.w.org\/{rel}","templated":true}]}}