{"id":340787,"date":"2026-09-02T01:02:21","date_gmt":"2026-09-02T01:02:21","guid":{"rendered":"https:\/\/www.europesays.com\/no\/340787\/"},"modified":"2026-09-02T01:02:21","modified_gmt":"2026-09-02T01:02:21","slug":"kongehuset-norge-avlyser-politiske-moter-etter-kongens-dod","status":"publish","type":"post","link":"https:\/\/www.europesays.com\/no\/340787\/","title":{"rendered":"Kongehuset, Norge | Avlyser politiske m\u00f8ter etter Kongens d\u00f8d"},"content":{"rendered":"\n<p>Det blir ingen politiske m\u00f8ter i Kvinesdal onsdag 9. september. Formannskapsm\u00f8tet og kommunestyrem\u00f8tet er avlyst som f\u00f8lge av den nasjonale sorgen etter kong Harald Vs d\u00f8d og begravelsen av kongen.<\/p>\n<p>Avgj\u00f8relsen er tatt i samr\u00e5d med ordf\u00f8reren og i tr\u00e5d med anbefalinger fra sentralt hold.<\/p>\n<p>Det var opprinnelig fem saker p\u00e5 sakskartet til formannskapet denne dagen. Ingen av sakene haster imidlertid mer enn at de kan vente til neste m\u00f8te, opplyser kommunedirekt\u00f8r Jens Arild Johannessen.<\/p>\n<p>Ogs\u00e5 kommunestyrem\u00f8tet 9. september tas ut av kalenderen.\u00a0<\/p>\n<p>Neste ordin\u00e6re kommunestyrem\u00f8te er planlagt til 7. oktober.<\/p>\n<p>Avlysningen kommer samtidig som hele landet preges av sorg etter Kongens bortgang. Kong Harald V d\u00f8de etter et langt liv i tjeneste for Norge, og begravelsen 9. september blir en stor markering.<\/p>\n<p>Dermed settes ogs\u00e5 det ordin\u00e6re politiske arbeidet i Kvinesdal til side denne dagen.<\/p>\n<p>\u2013 Vi velger \u00e5 avlyse m\u00f8tene i forbindelse med kongens begravelse, skriver kommunedirekt\u00f8r Jens Arild Johannessen i meldingen til kommunen.<\/p>\n","protected":false},"excerpt":{"rendered":"Det blir ingen politiske m\u00f8ter i Kvinesdal onsdag 9. september. Formannskapsm\u00f8tet og kommunestyrem\u00f8tet er avlyst som f\u00f8lge av&hellip;\n","protected":false},"author":2,"featured_media":340788,"comment_status":"","ping_status":"","sticky":false,"template":"","format":"standard","meta":{"footnotes":"","_share_on_mastodon":"0"},"categories":[10],"tags":[36,20,21,24,25,15,2590,1803,22,23,13,30,28,29,14,16,41,1510,26,27],"class_list":["post-340787","post","type-post","status-publish","format-standard","has-post-thumbnail","category-norge","tag-art","tag-breaking-news","tag-breakingnews","tag-featured-news","tag-featurednews","tag-headlines","tag-kong-harald","tag-kongehuset","tag-latest-news","tag-latestnews","tag-news","tag-no","tag-norge","tag-norway","tag-nyheter","tag-overskrifter","tag-politikk","tag-story","tag-top-stories","tag-topstories"],"share_on_mastodon":{"url":"https:\/\/pubeurope.com\/@no\/117198752589896245","error":""},"_links":{"self":[{"href":"https:\/\/www.europesays.com\/no\/wp-json\/wp\/v2\/posts\/340787","targetHints":{"allow":["GET"]}}],"collection":[{"href":"https:\/\/www.europesays.com\/no\/wp-json\/wp\/v2\/posts"}],"about":[{"href":"https:\/\/www.europesays.com\/no\/wp-json\/wp\/v2\/types\/post"}],"author":[{"embeddable":true,"href":"https:\/\/www.europesays.com\/no\/wp-json\/wp\/v2\/users\/2"}],"replies":[{"embeddable":true,"href":"https:\/\/www.europesays.com\/no\/wp-json\/wp\/v2\/comments?post=340787"}],"version-history":[{"count":0,"href":"https:\/\/www.europesays.com\/no\/wp-json\/wp\/v2\/posts\/340787\/revisions"}],"wp:featuredmedia":[{"embeddable":true,"href":"https:\/\/www.europesays.com\/no\/wp-json\/wp\/v2\/media\/340788"}],"wp:attachment":[{"href":"https:\/\/www.europesays.com\/no\/wp-json\/wp\/v2\/media?parent=340787"}],"wp:term":[{"taxonomy":"category","embeddable":true,"href":"https:\/\/www.europesays.com\/no\/wp-json\/wp\/v2\/categories?post=340787"},{"taxonomy":"post_tag","embeddable":true,"href":"https:\/\/www.europesays.com\/no\/wp-json\/wp\/v2\/tags?post=340787"}],"curies":[{"name":"wp","href":"https:\/\/api.w.org\/{rel}","templated":true}]}}