{"id":340813,"date":"2026-09-02T02:02:22","date_gmt":"2026-09-02T02:02:22","guid":{"rendered":"https:\/\/www.europesays.com\/no\/340813\/"},"modified":"2026-09-02T02:02:22","modified_gmt":"2026-09-02T02:02:22","slug":"dette-skal-vaere-prislappen-pa-brughmans","status":"publish","type":"post","link":"https:\/\/www.europesays.com\/no\/340813\/","title":{"rendered":"Dette skal v\u00e6re prislappen p\u00e5 Brughmans"},"content":{"rendered":"<p>S\u00f8ndag kom de f\u00f8rste indikasjonene p\u00e5 at Liverpool var i ferd med \u00e5 kj\u00f8pe det 18 \u00e5r gamle keepertalentet Lucca Brughmans fra Genk, og siden da har overgangen utviklet seg i h\u00f8y fart.<\/p>\n<p>Mandag formiddag kom \u00abhere we go\u00bb-stempelet fra Fabrizio Romano, som meldte om en overgangssum p\u00e5 30 millioner pund. Tirsdag klokken 15.30 kommenterte <a data-router-slot=\"disabled\" href=\"https:\/\/www.nytimes.com\/athletic\/live-blogs\/transfer-deadline-day-live-updates-news\/IX87PgaT2ra4\/LsyqAqLUnJU5\/?unlocked_article_code=1.91A.OyAH.SNhtaV1zuNwo&amp;source=emp_shared_liveblog&amp;smid=url-share-ta?source=twitteruk\" type=\"external\" rel=\"nofollow noopener\" target=\"_blank\">The Athletic<\/a> ogs\u00e5 saken, men viser til litt andre priser.<\/p>\n<p><strong>De skriver at Brughmans vil koste 28,3 millioner pund i en fast overgangssum, med ytterligere 1,7 millioner pund i potensielle bonuser.<\/strong><\/p>\n<p>L\u00e5nes tilbake til Genk<\/p>\n<p>Romano meldte at det var knyttet en viss usikkerhet til om 18-\u00e5ringen ville bli en del av Liverpools tropp denne sesongen, eller om han ville bli l\u00e5nt tilbake til Genk. Det handlet f\u00f8rst og fremst om Giorgi Mamardashvili, som ble ryktet bort til Nottingham Forest p\u00e5 s\u00f8ndag.<\/p>\n<p>Siden da har det imidlertid blitt mer og mer klart at han blir v\u00e6rende som Alissons andrekeeper. Det gj\u00f8r ogs\u00e5 at Brughmans blir i Genk.<\/p>\n<p><strong>\u00abBrughmans vil ikke v\u00e6re aktuell for f\u00f8rstelaget p\u00e5 Anfield denne sesongen, ettersom Giorgi Mamardashvili forventes \u00e5 bli v\u00e6rende og v\u00e6re reserve for Alisson, som er inne i det siste \u00e5ret av kontrakten sin. Liverpool forventer ikke noen ytterligere utvikling rundt Mamardashvilis fremtid, til tross for den \u00f8kende usikkerheten rundt keeperens situasjon de siste dagene\u00bb, skriver The Athletic.<\/strong><\/p>\n<p><a data-router-slot=\"disabled\" href=\"https:\/\/www.liverpool.no\/lfc\/26\/8\/ferd-sikre-seg-5a\/\" type=\"external\" rel=\"nofollow noopener\" target=\"_blank\">Liverpool skal ogs\u00e5 v\u00e6re i ferd med \u00e5 sikre seg et fransk spisstalent fra St. Etienne.<\/a><\/p>\n","protected":false},"excerpt":{"rendered":"S\u00f8ndag kom de f\u00f8rste indikasjonene p\u00e5 at Liverpool var i ferd med \u00e5 kj\u00f8pe det 18 \u00e5r gamle&hellip;\n","protected":false},"author":2,"featured_media":340814,"comment_status":"","ping_status":"","sticky":false,"template":"","format":"standard","meta":{"footnotes":"","_share_on_mastodon":"0"},"categories":[59],"tags":[26198,30,28,29,447,17119,83,82],"class_list":["post-340813","post","type-post","status-publish","format-standard","has-post-thumbnail","category-sport","tag-lucca-brughmans","tag-no","tag-norge","tag-norway","tag-nyhet","tag-overganger","tag-sport","tag-sports"],"share_on_mastodon":{"url":"https:\/\/pubeurope.com\/@no\/117198988619436802","error":""},"_links":{"self":[{"href":"https:\/\/www.europesays.com\/no\/wp-json\/wp\/v2\/posts\/340813","targetHints":{"allow":["GET"]}}],"collection":[{"href":"https:\/\/www.europesays.com\/no\/wp-json\/wp\/v2\/posts"}],"about":[{"href":"https:\/\/www.europesays.com\/no\/wp-json\/wp\/v2\/types\/post"}],"author":[{"embeddable":true,"href":"https:\/\/www.europesays.com\/no\/wp-json\/wp\/v2\/users\/2"}],"replies":[{"embeddable":true,"href":"https:\/\/www.europesays.com\/no\/wp-json\/wp\/v2\/comments?post=340813"}],"version-history":[{"count":0,"href":"https:\/\/www.europesays.com\/no\/wp-json\/wp\/v2\/posts\/340813\/revisions"}],"wp:featuredmedia":[{"embeddable":true,"href":"https:\/\/www.europesays.com\/no\/wp-json\/wp\/v2\/media\/340814"}],"wp:attachment":[{"href":"https:\/\/www.europesays.com\/no\/wp-json\/wp\/v2\/media?parent=340813"}],"wp:term":[{"taxonomy":"category","embeddable":true,"href":"https:\/\/www.europesays.com\/no\/wp-json\/wp\/v2\/categories?post=340813"},{"taxonomy":"post_tag","embeddable":true,"href":"https:\/\/www.europesays.com\/no\/wp-json\/wp\/v2\/tags?post=340813"}],"curies":[{"name":"wp","href":"https:\/\/api.w.org\/{rel}","templated":true}]}}