{"id":340861,"date":"2026-09-02T03:39:12","date_gmt":"2026-09-02T03:39:12","guid":{"rendered":"https:\/\/www.europesays.com\/no\/340861\/"},"modified":"2026-09-02T03:39:12","modified_gmt":"2026-09-02T03:39:12","slug":"motorsyklist-dode-i-trafikkulykke-dagbladet","status":"publish","type":"post","link":"https:\/\/www.europesays.com\/no\/340861\/","title":{"rendered":"Motorsyklist d\u00f8de i trafikkulykke &#8211; Dagbladet"},"content":{"rendered":"<ol>\n<li><a href=\"https:\/\/news.google.com\/rss\/articles\/CBMigAFBVV95cUxQZ29ZRWwtVGtsdmswVWZ1MVE3VDY5cEp2b2NkMFcyNEFwR1ZVYnJLRDJHWi04Sk9NYWliNFo1eWhWVWFPV1VuQ1VhSjA5bGNzTHc0SlVVU0JXN3ZxeEgwMGN3Q1VheXdueEFVWkQ2NGpNNTFyYkxQRHZMbklPYkE0MQ?oc=5\" target=\"_blank\" rel=\"nofollow noopener\">Motorsyklist d\u00f8de i trafikkulykke<\/a>&nbsp;&nbsp;Dagbladet<\/li>\n<li><a href=\"https:\/\/news.google.com\/rss\/articles\/CBMimgFBVV95cUxQM0lDNDlCanBwRk5jLVpoaFFaQ3pOQm9IeVloRkRQMm13eGFGdW1xdXpfQjFQVjFWdHJPbGxyeFd5RnZHYkpLOWU0dm9xRU9YOFUzQVQwX3BxVzkyaWNjcUhEZHdCWWdzYm9yT25sV2NjZnlDcXVIdkFaZjBEZFVsd1U1QW9rQzBHVThxSnBSUnRIdlh2aDdubVB3?oc=5\" target=\"_blank\" rel=\"nofollow noopener\">Larvik, Kvelde | Lastebil og mc i krasj: MC-f\u00f8rer omkom<\/a>&nbsp;&nbsp;Telemarksavisa<\/li>\n<li><a href=\"https:\/\/news.google.com\/rss\/articles\/CBMiogFBVV95cUxNQXlRcHRSaWsyZ0VZOG83cTFMY2J3c2Y0cTlqN1VuR2EwWGZCUW4wNTREQ25MMGFsdENsQlVuOG9iN2JON216RWxkZlB0cE1RWWtXbXBiTzVxckNmZGFBdENKc05OeWtPaG5ELXpLNk0tWklqYXVxV1VraTNWM3NHNU5EbnJyWHNiY2pmMzFZYnM4eDNZR3lZQmdCN2tSZDh6QkE?oc=5\" target=\"_blank\" rel=\"nofollow noopener\">Mann i 60-\u00e5rene d\u00f8d etter trafikkulykke<\/a>&nbsp;&nbsp;TV 2<\/li>\n<li><a href=\"https:\/\/news.google.com\/rss\/articles\/CBMiqAFBVV95cUxPMFQ3YXVWRzdNWlp6Mm9BQXZNY0lMSVVqRmJaQ1ZRdWItM09zYmpELU1ZdTlKYkE1TWIwMW1hYlphOTlZcVQyQXBKbEQwMVFoeFktSzc1ZUx2dmd3ZVdNRjNBaDFhOUR1dVJhUVg2VXJVSDJsaXZvcXBVMGQxRFZVemVFY1VaSVVXS0RzVmc0V212RFJEb2N3dWxhZDRkNU5EVGF0VEVidEY?oc=5\" target=\"_blank\" rel=\"nofollow noopener\">Sj\u00e5f\u00f8ren fikk \u00abblackout\u00bb p\u00e5 E18. Her endte bussen med 52 passa\u00adsjerer.<\/a>&nbsp;&nbsp;fvn.no<\/li>\n<li><a href=\"https:\/\/news.google.com\/rss\/articles\/CBMiZEFVX3lxTE1JN19rano5UE9vQ1R0SnJGY2JBTHlkNlB1RHRHaUtCT3Z3WmhYRGhDR2l4Q182NThkZnlxWE50c18zMHQtZEFZUW9yRkt4SDJrLTNUS25XWElHb1VYUGZtQVVDSUY?oc=5\" target=\"_blank\" rel=\"nofollow noopener\">Bildeserie, Vinje | Mann omkom i MC-ulykke<\/a>&nbsp;&nbsp;Telemarksavisa<\/li>\n<\/ol>\n","protected":false},"excerpt":{"rendered":"Motorsyklist d\u00f8de i trafikkulykke&nbsp;&nbsp;Dagbladet Larvik, Kvelde | Lastebil og mc i krasj: MC-f\u00f8rer omkom&nbsp;&nbsp;Telemarksavisa Mann i 60-\u00e5rene d\u00f8d&hellip;\n","protected":false},"author":2,"featured_media":340862,"comment_status":"","ping_status":"","sticky":false,"template":"","format":"standard","meta":{"footnotes":"","_share_on_mastodon":"0"},"categories":[10],"tags":[20,21,24,25,15,2539,113,22,23,13,30,28,29,14,16,26,27,51,825],"class_list":["post-340861","post","type-post","status-publish","format-standard","has-post-thumbnail","category-norge","tag-breaking-news","tag-breakingnews","tag-featured-news","tag-featurednews","tag-headlines","tag-innenriks","tag-larvik","tag-latest-news","tag-latestnews","tag-news","tag-no","tag-norge","tag-norway","tag-nyheter","tag-overskrifter","tag-top-stories","tag-topstories","tag-ulykke","tag-vestfold"],"share_on_mastodon":{"url":"https:\/\/pubeurope.com\/@no\/117199370133823664","error":""},"_links":{"self":[{"href":"https:\/\/www.europesays.com\/no\/wp-json\/wp\/v2\/posts\/340861","targetHints":{"allow":["GET"]}}],"collection":[{"href":"https:\/\/www.europesays.com\/no\/wp-json\/wp\/v2\/posts"}],"about":[{"href":"https:\/\/www.europesays.com\/no\/wp-json\/wp\/v2\/types\/post"}],"author":[{"embeddable":true,"href":"https:\/\/www.europesays.com\/no\/wp-json\/wp\/v2\/users\/2"}],"replies":[{"embeddable":true,"href":"https:\/\/www.europesays.com\/no\/wp-json\/wp\/v2\/comments?post=340861"}],"version-history":[{"count":0,"href":"https:\/\/www.europesays.com\/no\/wp-json\/wp\/v2\/posts\/340861\/revisions"}],"wp:featuredmedia":[{"embeddable":true,"href":"https:\/\/www.europesays.com\/no\/wp-json\/wp\/v2\/media\/340862"}],"wp:attachment":[{"href":"https:\/\/www.europesays.com\/no\/wp-json\/wp\/v2\/media?parent=340861"}],"wp:term":[{"taxonomy":"category","embeddable":true,"href":"https:\/\/www.europesays.com\/no\/wp-json\/wp\/v2\/categories?post=340861"},{"taxonomy":"post_tag","embeddable":true,"href":"https:\/\/www.europesays.com\/no\/wp-json\/wp\/v2\/tags?post=340861"}],"curies":[{"name":"wp","href":"https:\/\/api.w.org\/{rel}","templated":true}]}}