{"id":340883,"date":"2026-09-02T04:28:33","date_gmt":"2026-09-02T04:28:33","guid":{"rendered":"https:\/\/www.europesays.com\/no\/340883\/"},"modified":"2026-09-02T04:28:33","modified_gmt":"2026-09-02T04:28:33","slug":"nissan-ariya-utgar-i-europa-produksjonen-er-stoppet","status":"publish","type":"post","link":"https:\/\/www.europesays.com\/no\/340883\/","title":{"rendered":"Nissan Ariya utg\u00e5r i Europa: produksjonen er stoppet"},"content":{"rendered":"<p class=\"kicker text-red color_mobile_text-red hasTextColor hasTextColorMobile\" style=\"\">Nissan Ariya<\/p>\n<p class=\"subtitle \" style=\"\">Det kommer ingen flere Nissan Ariya til Europa.<\/p>\n<p>\n    SLUTT: Nissan bekrefter n\u00e5 at det ikke vil komme flere Ariya til Europa. Foto: Fred Magne Skilleb\u00e6k\n  <\/p>\n<p>(Elbil24): Etter den voldsomme suksessen Nissan hadde med Leaf, var det som \u00e5 hoppe etter Wirkola for Ariya da den ble lansert for fire \u00e5r siden.<\/p>\n<p>I Norge har imidlertid ogs\u00e5 Ariya gjort det ganske godt \u2013 fasiten til n\u00e5 er dr\u00f8ye 12\u00a0000 registrerte biler, som gj\u00f8r Ariya til Norges 28. mest popul\u00e6re elbil til n\u00e5 \u2013 og Nissans nest mest popul\u00e6re.<\/p>\n<p>    <a itemprop=\"url\" href=\"https:\/\/www.elbil24.no\/nyheter\/priskutt-allerede-ved-lansering\/84680199\" rel=\"nofollow noopener\" target=\"_blank\"><\/p>\n<p>        <img loading=\"lazy\" decoding=\"async\" src=\"https:\/\/www.europesays.com\/no\/wp-content\/uploads\/2026\/09\/83742918.webp\" width=\"180\" height=\"81\" alt=\"\" class=\"lazyload\" style=\"--aspect-ratio-image: 2.22; \"\/><\/p>\n<p>        Priskutt allerede ved lansering<\/p>\n<p>    <\/a><\/p>\n<p>Avsluttes\t<\/p>\n<p>S\u00e5 tidlig som i oktober i fjor skrev Elbil24 om <a href=\"https:\/\/www.elbil24.no\/nyheter\/fem-nissan-modeller-pa-vei-pluss-en-joker\/83756677\" rel=\"nofollow noopener\" target=\"_blank\">endringene som ville komme i facelift-utgaven av Ariya<\/a>, og selv om det ble offisielt rett f\u00f8r sommeren, har japanerne n\u00e5 bestemt seg for \u00e5 kaste inn h\u00e5ndkleet.<\/p>\n<p>Det f\u00e5r b\u00e5de danske <a href=\"https:\/\/mobilsiden.dk\/nyheder\/opkoblede-biler\/nissan\/nu-er-det-allerede-slut-nissan-ariya-udgaar\/\" rel=\"nofollow noopener\" target=\"_blank\">Mobilsiden<\/a> og norske <a href=\"https:\/\/www.tv2.no\/broom\/na-er-det-over-og-ut\/19179236\/\" rel=\"nofollow noopener\" target=\"_blank\">Broom<\/a> bekreftet av import\u00f8rene i de respektive landene.<\/p>\n<p>\u2013\u00a0Det er riktig at produksjonen av Ariya for det europeiske markedet er avsluttet, sier kommunikasjonssjef Stian Thrane til Broom.<\/p>\n<p>Flere p\u00e5 lager\t<\/p>\n<p>B\u00e5de i Danmark og Norge finnes det en lagerbeholdning av bilene slik at den ogs\u00e5 vil v\u00e6re \u00e5 f\u00e5 kj\u00f8pt i overskuelig framtid.<\/p>\n<p>Men n\u00e5r det er sluttsolgt, er det kun de to nyeste modellene, Micra og nye Leaf, som tilbys inntil videre.<\/p>\n<p>    <a itemprop=\"url\" href=\"https:\/\/www.elbil24.no\/pro\/test-fremstar-som-et-roverkjop\/84934302\" rel=\"nofollow noopener\" target=\"_blank\"><\/p>\n<p>        <img loading=\"lazy\" decoding=\"async\" src=\"https:\/\/www.europesays.com\/no\/wp-content\/uploads\/2026\/09\/84939950.webp\" width=\"180\" height=\"81\" alt=\"\" class=\"lazyload\" style=\"--aspect-ratio-image: 2.22; \"\/><\/p>\n<p>        TEST: &#8211; Fremst\u00e5r som et r\u00f8verkj\u00f8p<\/p>\n<p>    <\/a><\/p>\n<p>I saken under kan du se hva Ariya-eierne svarte i v\u00e5r forrige leserunders\u00f8kelse, der norske elbileiere kan trille terningkast p\u00e5 en rekke ting ved bilen sin.<\/p>\n","protected":false},"excerpt":{"rendered":"Nissan Ariya Det kommer ingen flere Nissan Ariya til Europa. SLUTT: Nissan bekrefter n\u00e5 at det ikke vil&hellip;\n","protected":false},"author":2,"featured_media":340884,"comment_status":"","ping_status":"","sticky":false,"template":"","format":"standard","meta":{"footnotes":"","_share_on_mastodon":"0"},"categories":[56],"tags":[60,61,267,62,3260,26232,30,28,29,14],"class_list":["post-340883","post","type-post","status-publish","format-standard","has-post-thumbnail","category-naeringsliv","tag-business","tag-economy","tag-elbil","tag-naeringsliv","tag-nissan","tag-nissan-ariya","tag-no","tag-norge","tag-norway","tag-nyheter"],"share_on_mastodon":{"url":"https:\/\/pubeurope.com\/@no\/117199563462535211","error":""},"_links":{"self":[{"href":"https:\/\/www.europesays.com\/no\/wp-json\/wp\/v2\/posts\/340883","targetHints":{"allow":["GET"]}}],"collection":[{"href":"https:\/\/www.europesays.com\/no\/wp-json\/wp\/v2\/posts"}],"about":[{"href":"https:\/\/www.europesays.com\/no\/wp-json\/wp\/v2\/types\/post"}],"author":[{"embeddable":true,"href":"https:\/\/www.europesays.com\/no\/wp-json\/wp\/v2\/users\/2"}],"replies":[{"embeddable":true,"href":"https:\/\/www.europesays.com\/no\/wp-json\/wp\/v2\/comments?post=340883"}],"version-history":[{"count":0,"href":"https:\/\/www.europesays.com\/no\/wp-json\/wp\/v2\/posts\/340883\/revisions"}],"wp:featuredmedia":[{"embeddable":true,"href":"https:\/\/www.europesays.com\/no\/wp-json\/wp\/v2\/media\/340884"}],"wp:attachment":[{"href":"https:\/\/www.europesays.com\/no\/wp-json\/wp\/v2\/media?parent=340883"}],"wp:term":[{"taxonomy":"category","embeddable":true,"href":"https:\/\/www.europesays.com\/no\/wp-json\/wp\/v2\/categories?post=340883"},{"taxonomy":"post_tag","embeddable":true,"href":"https:\/\/www.europesays.com\/no\/wp-json\/wp\/v2\/tags?post=340883"}],"curies":[{"name":"wp","href":"https:\/\/api.w.org\/{rel}","templated":true}]}}