{"id":341045,"date":"2026-09-02T07:48:24","date_gmt":"2026-09-02T07:48:24","guid":{"rendered":"https:\/\/www.europesays.com\/no\/341045\/"},"modified":"2026-09-02T07:48:24","modified_gmt":"2026-09-02T07:48:24","slug":"jakt-hjortejakt-tek-stilling-til-omstridd-verktoy-ikkje-jakt-men-slakt","status":"publish","type":"post","link":"https:\/\/www.europesays.com\/no\/341045\/","title":{"rendered":"Jakt, Hjortejakt | Tek stilling til omstridd verkt\u00f8y. \u2013 Ikkje jakt men slakt"},"content":{"rendered":"\n<p>Fr\u00e5 1. juli tredde den nye viltressurslova i kraft. Ho erstatta viltlova fr\u00e5 1981.<\/p>\n<p>I lova vert bruk av termisk siktemiddel p\u00e5 v\u00e5pen forbode i hjortejakta.\u00a0<\/p>\n<p><b>Kommunane kan likevel opna opp for bruk av denne teknologien i eiga forskrift.<\/b><\/p>\n<p>Eit termisk siktemiddel er eit varmeregistrerande sikte som fangar opp varmestr\u00e5ling fr\u00e5 omgjevnadane og fr\u00e5 levande organismar. Siktet gjer det mogleg \u00e5 sj\u00e5 dyr uavhengig av dagsljos.<\/p>\n<p>   <img decoding=\"async\" width=\"4054\" height=\"3712\" fetchpriority=\"low\"  loading=\"lazy\"  src=\"https:\/\/www.europesays.com\/no\/wp-content\/uploads\/2026\/09\/5_132_107088_eFmGg6W1jxnKz5Am9hQVzzeYbro.jpg\" alt=\"\" class=\"brick-c-cFOWSL\" style=\"--brick-image-ratio: 4054 \/ 3712;\"\/><\/p>\n<p>      LEVER FARLEG: Varmes\u00f8kjande utstyr, b\u00e5de handhalde og som sikte p\u00e5 gev\u00e6ret, gjer det enklare \u00e5 spora opp hjortar.<br \/>\n      Foto: Sveinung Klyve\n    <\/p>\n<p>  Ulvik, Eidfjord og Kvam opnar opp <\/p>\n<p>Eidfjord, Ulvik og Kvam herad ynskjer \u00e5 opna opp for bruk av varmeregistrerande sikte.\u00a0<\/p>\n<p>Dei tre kommunane har ei lokal forskrift ute p\u00e5 h\u00f8yring. Etter at h\u00f8yringsfristen har g\u00e5tt ut skal ho behandlast politisk.<\/p>\n<p>Forskrifta opnar opp for bruk av termiske og restlysforsterkande siktemiddel ved hjortejakt i ope terreng.<\/p>\n<p>Kommunane grunngjev ynska om \u00e5 ta i bruk termisk siktemiddel med at hjortestamma er for h\u00f8g. Dette f\u00f8rer til beiteskadar i frukthagar, innmark og skog.<\/p>\n<p><b>\u2013 Vil den lokale forskrifta gjelda for alle jegerar?<\/b><\/p>\n<p>\u2013 Ja, ved ei lokal forskrift vil det gjelda heile kommunen og alle jegerar, seier viltforvaltar i Voss herad Ingmar Slettemark.\u00a0<\/p>\n<p>    Termisk handhalden spottar er lov<\/p>\n<p>Slettemark seier det er viktig \u00e5 skilja mellom v\u00e5penmontert termiske siktemiddel og spottarar (kikkertar).\u00a0<\/p>\n<p>\u2013 Varmes\u00f8kjane spottarar er lovlege og er alt i bruk. Dette er eit kraftig hjelpemiddel som kan brukast p\u00e5 alt vilt, uttalar Slettemark.<\/p>\n<p>Forskrifta som er til h\u00f8yring i Ulvik, Kvam og Eidfjord gjeld varmes\u00f8kjande sikte festa til sj\u00f8lve v\u00e5penet.<\/p>\n<p>   <img decoding=\"async\" width=\"2000\" height=\"1582\" fetchpriority=\"low\"  loading=\"lazy\"  src=\"https:\/\/www.europesays.com\/no\/wp-content\/uploads\/2026\/09\/_for_hjortejakta_i_vaksdal.jpg\" alt=\"\" class=\"brick-c-cFOWSL\" style=\"--brick-image-ratio: 2000 \/ 1582;\"\/><\/p>\n<p>      Det er ikkje lett \u00e5 g\u00f8yma seg n\u00e5r varmes\u00f8kjande sikte er i bruk.<br \/>\n      Foto: Sveinung Klyve\n    <\/p>\n<p>  Ikkje p\u00e5 Voss i \u00e5r<\/p>\n<p>Det vert ikkje opna opp for jakt med termisk sikte p\u00e5 Voss i \u00e5r.\u00a0<\/p>\n<p>Slettemark uttalar at for \u00e5 opna opp for jakt med termisk sikte m\u00e5 saka behandlast politisk. Dette er ein prosess som tek tid.\u00a0<\/p>\n<p>\u2013 Viss det g\u00e5r mot ein opning p\u00e5 Voss s\u00e5 vert ikkje dette f\u00f8r tidlegast i 2027.<\/p>\n<p>\u2013 Ikkje jakt, men slakt<\/p>\n<p>I Vaksdal vil administrasjonen leggja fram eit forslag til forskrift for formannskapet. Viss denne vert godkjent vert forskrifta sendt til h\u00f8yring og behandla i kommunestyret i november 2026.\u00a0<\/p>\n<p>\u2013 Fram til kommunen eventuelt vedtek ei lokal forskrift, er det ikkje tillate \u00e5 bruka termiske eller restlysforsterkande siktemiddel under hjortejakt i Vaksdal, skriv kommunen p\u00e5 nettsidene sine.<\/p>\n<p>Slettemark st\u00f8ttar bruk av denne teknologien i omr\u00e5de med stor tettleik der dyra gjer skade. Det er veldig effektivt, og med hjelpemiddelet er det mogleg \u00e5 skyta ned bestandane end\u00e5 hardare. <\/p>\n<p>\u2013 Men det er ikkje eit leiket\u00f8y. Dyra vert heilt avkledde, dei har ikkje moglegheit til \u00e5 g\u00f8yma seg, dei har ikkje ein sjanse. Det er ikkje jakt, men slakt, seier viltforvaltaren.<\/p>\n<p>   <img decoding=\"async\" width=\"4000\" height=\"3000\" fetchpriority=\"low\"  loading=\"lazy\"  src=\"https:\/\/www.europesays.com\/no\/wp-content\/uploads\/2026\/09\/5_132_791756 20240904_145942 xxx.jpg\" alt=\"\" class=\"brick-c-cFOWSL\" style=\"--brick-image-ratio: 4000 \/ 3000;\"\/><\/p>\n<p>      Ingmar Slettemark er viltforvaltar i Voss herad. Han nyttar varmeregistrerande teknologi i jobben, men ikkje privat.<br \/>\n      Foto: Privat\n    <\/p>\n<p>  Brukar det sj\u00f8lv, men berre p\u00e5 jobb<\/p>\n<p>Som viltforvaltar har Ingmar Slettemark lov til \u00e5 nytta seg av termisk sikte uavhengig av om det er vedteke ei lokal forskrift.<\/p>\n<p>Han har brukt teknologien i jobben sin, men fastmontert termisk siktemiddel har han berre nytta seg av \u00e9in gong dei siste fire \u00e5ra.<\/p>\n<p>\u2013 Det er heilt unntaksvis at eg har bruk for det, seier han.\u00a0<\/p>\n<p>Den handhaldne spottaren er meir brukt, men berre for \u00e5 spora opp skada dyr som han skal avliva, gjerne p\u00e5 natta. I jobbsamanheng er hjelpemiddelet sv\u00e6rt effektivt. Han f\u00e5r jobben gjort og kan reisa heim att.\u00a0<\/p>\n<p>\u2013 Som offentleg hjelpemiddel er det flott. Eg f\u00e5r gjort det eg skal og det g\u00e5r fort og det er lettvint. Men i kommunen utf\u00f8rer eg ein jobb, eg er ikkje p\u00e5 jakt, seier Slettemark<\/p>\n<p>N\u00e5r Slettemark sj\u00f8lv er ute p\u00e5 jakt i fritida si, ligg det termiske utstyret att heime.<\/p>\n","protected":false},"excerpt":{"rendered":"Fr\u00e5 1. juli tredde den nye viltressurslova i kraft. Ho erstatta viltlova fr\u00e5 1981. I lova vert bruk&hellip;\n","protected":false},"author":2,"featured_media":341046,"comment_status":"","ping_status":"","sticky":false,"template":"","format":"standard","meta":{"footnotes":"","_share_on_mastodon":"0"},"categories":[5],"tags":[36,20,21,5387,7453,24,25,3708,15,26239,19,1521,8345,22,23,17,18,13,30,28,29,14,16,1510,26240,26,27,18107,9219,1847],"class_list":["post-341045","post","type-post","status-publish","format-standard","has-post-thumbnail","category-overskrifter","tag-art","tag-breaking-news","tag-breakingnews","tag-dyreliv","tag-eidfjord","tag-featured-news","tag-featurednews","tag-forvaltning","tag-headlines","tag-hjortejakt","tag-hovedoppslag","tag-jakt","tag-kvam","tag-latest-news","tag-latestnews","tag-main-news","tag-mainnews","tag-news","tag-no","tag-norge","tag-norway","tag-nyheter","tag-overskrifter","tag-story","tag-termisk-sikte","tag-top-stories","tag-topstories","tag-ulvik","tag-vaksdal","tag-voss"],"share_on_mastodon":{"url":"https:\/\/pubeurope.com\/@no\/117200349907254687","error":""},"_links":{"self":[{"href":"https:\/\/www.europesays.com\/no\/wp-json\/wp\/v2\/posts\/341045","targetHints":{"allow":["GET"]}}],"collection":[{"href":"https:\/\/www.europesays.com\/no\/wp-json\/wp\/v2\/posts"}],"about":[{"href":"https:\/\/www.europesays.com\/no\/wp-json\/wp\/v2\/types\/post"}],"author":[{"embeddable":true,"href":"https:\/\/www.europesays.com\/no\/wp-json\/wp\/v2\/users\/2"}],"replies":[{"embeddable":true,"href":"https:\/\/www.europesays.com\/no\/wp-json\/wp\/v2\/comments?post=341045"}],"version-history":[{"count":0,"href":"https:\/\/www.europesays.com\/no\/wp-json\/wp\/v2\/posts\/341045\/revisions"}],"wp:featuredmedia":[{"embeddable":true,"href":"https:\/\/www.europesays.com\/no\/wp-json\/wp\/v2\/media\/341046"}],"wp:attachment":[{"href":"https:\/\/www.europesays.com\/no\/wp-json\/wp\/v2\/media?parent=341045"}],"wp:term":[{"taxonomy":"category","embeddable":true,"href":"https:\/\/www.europesays.com\/no\/wp-json\/wp\/v2\/categories?post=341045"},{"taxonomy":"post_tag","embeddable":true,"href":"https:\/\/www.europesays.com\/no\/wp-json\/wp\/v2\/tags?post=341045"}],"curies":[{"name":"wp","href":"https:\/\/api.w.org\/{rel}","templated":true}]}}