{"id":341079,"date":"2026-09-02T08:12:17","date_gmt":"2026-09-02T08:12:17","guid":{"rendered":"https:\/\/www.europesays.com\/no\/341079\/"},"modified":"2026-09-02T08:12:17","modified_gmt":"2026-09-02T08:12:17","slug":"stottet-trump-sa-ble-han-deportert","status":"publish","type":"post","link":"https:\/\/www.europesays.com\/no\/341079\/","title":{"rendered":"St\u00f8ttet Trump &#8211; s\u00e5 ble han deportert"},"content":{"rendered":"<p class=\"subtitle \" style=\"\">Den britiske ytre h\u00f8yre-provokat\u00f8ren Milo Yiannopoulos sier han skammer seg over \u00e5 ha st\u00f8ttet Donald Trump etter selv \u00e5 ha blitt p\u00e5grepet og deportert av USAs immigrasjonspoliti.<\/p>\n<p>\n    \u2013 For f\u00f8rste gang vet jeg hvordan det f\u00f8les \u00e5 v\u00e6re virkelig, virkelig livredd, sier Milo Yiannopoulos, her fotografert i 2017. Arkivfoto: Mary Altaffer \/ AP \/ NTB\n  <\/p>\n<p>Yiannopoulos ble p\u00e5grepet av Ice p\u00e5 flyplassen i New Orleans torsdag og senere sendt til Storbritannia. I et intervju med Piers Morgan p\u00e5 Piers Morgan Uncensored, Morgans eget program p\u00e5\u00a0<a href=\"https:\/\/www.youtube.com\/watch?v=q5pSX84h9K8\" target=\"_blank\" rel=\"nofollow noopener\">YouTube<\/a>\u00a0, beskriver han opplevelsen som \u00abydmykende og desorienterende\u00bb, \u00abfysisk nedverdigende\u00bb og \u00abskremmende\u00bb,\u00a0<a href=\"https:\/\/www.theguardian.com\/us-news\/2026\/sep\/01\/milo-yiannopoulos-deported-trump-support\" target=\"_blank\" rel=\"nofollow noopener\">skriver The Guardian<\/a>.<\/p>\n<p>\u2013 For f\u00f8rste gang vet jeg hvordan det f\u00f8les \u00e5 v\u00e6re virkelig, virkelig livredd, sier 41-\u00e5ringen.<\/p>\n<p>Yiannopoulos var en tidlig st\u00f8ttespiller for Trump og har tidligere tatt til orde for omfattende deportasjoner av personer uten lovlig opphold i USA.<\/p>\n<p>\u2013 Hvis jeg hadde hatt noen anelse om at noe i n\u00e6rheten av dette i det hele tatt var mulig, ville jeg aldri ha involvert meg i \u00e5 st\u00f8tte Trump i utgangspunktet, og jeg skammer meg veldig over at jeg gjorde det, sier han.<\/p>\n<p>Det amerikanske sikkerhetsdepartementet DHS opplyser at Yiannopoulos kom lovlig til USA i 2019, men ble v\u00e6rende etter at oppholdstillatelsen utl\u00f8p. If\u00f8lge departementet fikk han i juli et endelig vedtak om utsendelse etter at han ikke m\u00f8tte til en immigrasjonsh\u00f8ring.<\/p>\n<p>Yiannopoulos bestrider myndighetenes framstilling. Han sier at han er gift med en amerikaner, og hevder at han hadde et gr\u00f8nt kort som han fornyet annethvert \u00e5r.<\/p>\n<p>\u2013 Jeg tror ikke jeg noen gang har v\u00e6rt s\u00e5 redd f\u00f8r, sier han om tiden i Ice-varetekt.<\/p>\n<p>Yiannopoulos er tidligere redakt\u00f8r i det h\u00f8yreorienterte nettstedet Breitbart News og har ogs\u00e5 jobbet for artisten Ye, tidligere kjent som Kanye West.<\/p>\n","protected":false},"excerpt":{"rendered":"Den britiske ytre h\u00f8yre-provokat\u00f8ren Milo Yiannopoulos sier han skammer seg over \u00e5 ha st\u00f8ttet Donald Trump etter selv&hellip;\n","protected":false},"author":2,"featured_media":341080,"comment_status":"","ping_status":"","sticky":false,"template":"","format":"standard","meta":{"footnotes":"","_share_on_mastodon":"0"},"categories":[12],"tags":[20,21,55,24,25,15,22,23,13,30,28,29,14,16,41,26,27,50,42,43,44,45],"class_list":["post-341079","post","type-post","status-publish","format-standard","has-post-thumbnail","category-verden","tag-breaking-news","tag-breakingnews","tag-donald-trump","tag-featured-news","tag-featurednews","tag-headlines","tag-latest-news","tag-latestnews","tag-news","tag-no","tag-norge","tag-norway","tag-nyheter","tag-overskrifter","tag-politikk","tag-top-stories","tag-topstories","tag-usa","tag-verden","tag-world","tag-world-news","tag-worldnews"],"share_on_mastodon":{"url":"https:\/\/pubeurope.com\/@no\/117200443603579103","error":""},"_links":{"self":[{"href":"https:\/\/www.europesays.com\/no\/wp-json\/wp\/v2\/posts\/341079","targetHints":{"allow":["GET"]}}],"collection":[{"href":"https:\/\/www.europesays.com\/no\/wp-json\/wp\/v2\/posts"}],"about":[{"href":"https:\/\/www.europesays.com\/no\/wp-json\/wp\/v2\/types\/post"}],"author":[{"embeddable":true,"href":"https:\/\/www.europesays.com\/no\/wp-json\/wp\/v2\/users\/2"}],"replies":[{"embeddable":true,"href":"https:\/\/www.europesays.com\/no\/wp-json\/wp\/v2\/comments?post=341079"}],"version-history":[{"count":0,"href":"https:\/\/www.europesays.com\/no\/wp-json\/wp\/v2\/posts\/341079\/revisions"}],"wp:featuredmedia":[{"embeddable":true,"href":"https:\/\/www.europesays.com\/no\/wp-json\/wp\/v2\/media\/341080"}],"wp:attachment":[{"href":"https:\/\/www.europesays.com\/no\/wp-json\/wp\/v2\/media?parent=341079"}],"wp:term":[{"taxonomy":"category","embeddable":true,"href":"https:\/\/www.europesays.com\/no\/wp-json\/wp\/v2\/categories?post=341079"},{"taxonomy":"post_tag","embeddable":true,"href":"https:\/\/www.europesays.com\/no\/wp-json\/wp\/v2\/tags?post=341079"}],"curies":[{"name":"wp","href":"https:\/\/api.w.org\/{rel}","templated":true}]}}